{"id":12,"date":"2020-02-04T18:04:00","date_gmt":"2020-02-04T21:04:00","guid":{"rendered":"http:\/\/www.liceomixto.cl\/losandes\/?p=12"},"modified":"2025-08-06T12:08:26","modified_gmt":"2025-08-06T15:08:26","slug":"home","status":"publish","type":"post","link":"https:\/\/www.liceomixto.cl\/losandes\/home\/","title":{"rendered":"Estudiantes deportistas del Liceo Mixto valoran positivamente t\u00edtulo de Liceo Bicentenario de Excelencia del establecimiento andino"},"content":{"rendered":"<h2>Destacaron el prestigio acad\u00e9mico que esto significa para la instituci\u00f3n<\/h2>\n<p>Los j\u00f3venes basquetbolistas sub 17 del Liceo Mixto, que hace unos d\u00edas realizaron una destacada actuaci\u00f3n en el certamen internacional organizado por el colegio, valoraron positivamente el t\u00edtulo de Liceo Bicentenario de Excelencia entregado este a\u00f1o por el Ministerio de Educaci\u00f3n al establecimiento andino.<\/p>\n<p>En tal sentido, los estudiantes destacaron lo que esto significa para&nbsp;para el futuro de sus actuales alumnos, el Mixto e instituciones de ense\u00f1anza media y b\u00e1sica que mantiene en Los Andes y San Felipe, como asimismo para quienes se integrar\u00e1n este a\u00f1o a la prestigiosa institucional educacional con sede en la ciudad de Los Andes.<\/p>\n<p>Los alumnos destacaron el prestigio que significa este t\u00edtulo para el colegio, el cual se transforma tambi\u00e9n en un valor agregado importante para ellos al momento de egresar y tener que forjarse un camino, ya sea en el mundo laboral o bien en la continuaci\u00f3n de sus estudios en alg\u00fan instituto o universidad.<\/p>\n<p>Amaro Escobar, estudiante de tercero medio del Mixto San Felipe, se\u00f1al\u00f3: \u201cQue el liceo de Los Andes sea Bicentenario de Excelencia habla bien de nosotros como instituci\u00f3n, esta ha sido una gran noticia para los compa\u00f1eros de carreras t\u00e9cnico profesional, pero que de alguna manera tambi\u00e9n nos va a potenciar a nosotros como deportistas\u201d, asegur\u00f3 el joven, subrayando que cuando salgan a competir fuera de la zona ahora van a representar a una instituci\u00f3n que no s\u00f3lo tiene un prestigio deportivo bien ganado, sino que tambi\u00e9n se va a destacar por su excelencia acad\u00e9mica.<\/p>\n<p>Por su parte,&nbsp;&nbsp;Dylan Espinoza, alumno del colegio, resalt\u00f3 que ser un Liceo Bicentenario de Excelencia \u201cva a posibilitar que el colegio tenga m\u00e1s recursos y as\u00ed se van a poder implementar m\u00e1s cosas para nuestro futuro. Esto es muy importante para nosotros como alumnos del colegio\u201d, afirm\u00f3 el adolescente que cursa tercer a\u00f1o medio en Los Andes.<\/p>\n<p>En este mismo contexto, otro de los integrantes del equipo de b\u00e1squetbol, Luis Espinoza, valor\u00f3 la nueva condici\u00f3n del liceo de Los Andes, ya que en el Mixto a los deportistas se les inculca mucha disciplina y, adem\u00e1s, deben tener un buen rendimiento acad\u00e9mico. \u201cYo estoy en el Mixto de San Felipe, pero la calidad de Liceo Bicentenario de Excelencia del establecimiento de Los Andes aumenta las posibilidades de todos nosotros por el prestigio que esto significa\u201d, manifest\u00f3 convencido el alumno.<\/p>\n<p>Finalmente, Javier Inostroza, de tercero medio de Los Andes, destac\u00f3 que el t\u00edtulo de Liceo Bicentenario de Excelencia de su colegio \u201cle da mayor importancia a la instituci\u00f3n y todos salimos favorecidos como alumnos y como deportistas. Siento que todos nos vemos ganando con una noticia tan importante y ahora muchos m\u00e1s j\u00f3venes van a querer estudiar en el colegio\u201d, asegur\u00f3 el basquetbolista.&nbsp;<\/p>\n<p>Desde este a\u00f1o 2020 la calidad de Liceo Mixto Bicentenario de Excelencia Los Andes, permitir\u00e1 a la instituci\u00f3n ofrecer a sus estudiantes un futuro promisorio, con educaci\u00f3n de calidad, la implementaci\u00f3n de una mejor infraestructura para las carreras TP y modernos est\u00e1ndares al momento de impartir las materias.<\/p>\n<p>\t\t\t\t\t\t\t\t\t\t<img fetchpriority=\"high\" decoding=\"async\" width=\"640\" height=\"342\" src=\"http:\/\/www.liceomixto.cl\/losandes\/wp-content\/uploads\/2020\/03\/20200120_203031.jpg\" alt=\"\" srcset=\"http:\/\/www.liceomixto.cl\/losandes\/wp-content\/uploads\/2020\/03\/20200120_203031.jpg 640w, http:\/\/www.liceomixto.cl\/losandes\/wp-content\/uploads\/2020\/03\/20200120_203031-300x160.jpg 300w\" sizes=\"(max-width: 640px) 100vw, 640px\"><br>\n\t\t\t\t\t\t\t\t\t\t<img decoding=\"async\" width=\"640\" height=\"304\" data-src=\"http:\/\/www.liceomixto.cl\/losandes\/wp-content\/uploads\/2020\/03\/20200120_200612.jpg\" alt=\"\" data-srcset=\"http:\/\/www.liceomixto.cl\/losandes\/wp-content\/uploads\/2020\/03\/20200120_200612.jpg 640w, http:\/\/www.liceomixto.cl\/losandes\/wp-content\/uploads\/2020\/03\/20200120_200612-300x143.jpg 300w\" data-sizes=\"(max-width: 640px) 100vw, 640px\" src=\"data:image\/svg+xml;base64,PHN2ZyB3aWR0aD0iMSIgaGVpZ2h0PSIxIiB4bWxucz0iaHR0cDovL3d3dy53My5vcmcvMjAwMC9zdmciPjwvc3ZnPg==\" class=\"lazyload\" style=\"--smush-placeholder-width: 640px; --smush-placeholder-aspect-ratio: 640\/304;\"><br>\n\t\t\t\t\t\t\t\t\t\t<img decoding=\"async\" width=\"640\" height=\"304\" data-src=\"http:\/\/www.liceomixto.cl\/losandes\/wp-content\/uploads\/2020\/03\/20200120_195815.jpg\" alt=\"\" data-srcset=\"http:\/\/www.liceomixto.cl\/losandes\/wp-content\/uploads\/2020\/03\/20200120_195815.jpg 640w, http:\/\/www.liceomixto.cl\/losandes\/wp-content\/uploads\/2020\/03\/20200120_195815-300x143.jpg 300w\" data-sizes=\"(max-width: 640px) 100vw, 640px\" src=\"data:image\/svg+xml;base64,PHN2ZyB3aWR0aD0iMSIgaGVpZ2h0PSIxIiB4bWxucz0iaHR0cDovL3d3dy53My5vcmcvMjAwMC9zdmciPjwvc3ZnPg==\" class=\"lazyload\" style=\"--smush-placeholder-width: 640px; --smush-placeholder-aspect-ratio: 640\/304;\"><br>\n\t\t\t\t\t\t\t\t\t\t<img decoding=\"async\" width=\"640\" height=\"328\" data-src=\"http:\/\/www.liceomixto.cl\/losandes\/wp-content\/uploads\/2020\/03\/20200120_195636.jpg\" alt=\"\" data-srcset=\"http:\/\/www.liceomixto.cl\/losandes\/wp-content\/uploads\/2020\/03\/20200120_195636.jpg 640w, http:\/\/www.liceomixto.cl\/losandes\/wp-content\/uploads\/2020\/03\/20200120_195636-300x154.jpg 300w\" data-sizes=\"(max-width: 640px) 100vw, 640px\" src=\"data:image\/svg+xml;base64,PHN2ZyB3aWR0aD0iMSIgaGVpZ2h0PSIxIiB4bWxucz0iaHR0cDovL3d3dy53My5vcmcvMjAwMC9zdmciPjwvc3ZnPg==\" class=\"lazyload\" style=\"--smush-placeholder-width: 640px; --smush-placeholder-aspect-ratio: 640\/328;\"><\/p>\n\n\n<h2 class=\"wp-block-heading\"><\/h2>\n","protected":false},"excerpt":{"rendered":"<p>Destacaron el prestigio acad\u00e9mico que esto significa para la instituci\u00f3n Los j\u00f3venes basquetbolistas sub 17 del Liceo Mixto, que hace unos d\u00edas realizaron una destacada actuaci\u00f3n en el certamen internacional organizado por el colegio, valoraron positivamente el t\u00edtulo de Liceo Bicentenario de Excelencia entregado este a\u00f1o por el Ministerio de [&hellip;]<\/p>\n","protected":false},"author":5,"featured_media":146,"comment_status":"closed","ping_status":"open","sticky":false,"template":"","format":"standard","meta":{"_acf_changed":false,"_monsterinsights_skip_tracking":false,"_monsterinsights_sitenote_active":false,"_monsterinsights_sitenote_note":"","_monsterinsights_sitenote_category":0,"footnotes":""},"categories":[4],"tags":[],"class_list":["post-12","post","type-post","status-publish","format-standard","has-post-thumbnail","hentry","category-destacadas"],"acf":[],"_links":{"self":[{"href":"https:\/\/www.liceomixto.cl\/losandes\/wp-json\/wp\/v2\/posts\/12","targetHints":{"allow":["GET"]}}],"collection":[{"href":"https:\/\/www.liceomixto.cl\/losandes\/wp-json\/wp\/v2\/posts"}],"about":[{"href":"https:\/\/www.liceomixto.cl\/losandes\/wp-json\/wp\/v2\/types\/post"}],"author":[{"embeddable":true,"href":"https:\/\/www.liceomixto.cl\/losandes\/wp-json\/wp\/v2\/users\/5"}],"replies":[{"embeddable":true,"href":"https:\/\/www.liceomixto.cl\/losandes\/wp-json\/wp\/v2\/comments?post=12"}],"version-history":[{"count":6,"href":"https:\/\/www.liceomixto.cl\/losandes\/wp-json\/wp\/v2\/posts\/12\/revisions"}],"predecessor-version":[{"id":149,"href":"https:\/\/www.liceomixto.cl\/losandes\/wp-json\/wp\/v2\/posts\/12\/revisions\/149"}],"wp:featuredmedia":[{"embeddable":true,"href":"https:\/\/www.liceomixto.cl\/losandes\/wp-json\/wp\/v2\/media\/146"}],"wp:attachment":[{"href":"https:\/\/www.liceomixto.cl\/losandes\/wp-json\/wp\/v2\/media?parent=12"}],"wp:term":[{"taxonomy":"category","embeddable":true,"href":"https:\/\/www.liceomixto.cl\/losandes\/wp-json\/wp\/v2\/categories?post=12"},{"taxonomy":"post_tag","embeddable":true,"href":"https:\/\/www.liceomixto.cl\/losandes\/wp-json\/wp\/v2\/tags?post=12"}],"curies":[{"name":"wp","href":"https:\/\/api.w.org\/{rel}","templated":true}]}}