{"id":2675,"date":"2020-07-31T14:27:53","date_gmt":"2020-07-31T17:27:53","guid":{"rendered":"http:\/\/www.liceomixto.cl\/losandes\/?p=2675"},"modified":"2025-08-06T12:08:26","modified_gmt":"2025-08-06T15:08:26","slug":"motivando-habitos-de-vida-saludable-entre-sus-alumnos-el-liceo-mixto-basica-2-de-los-andes-iniciara-el-mixtochallenge","status":"publish","type":"post","link":"https:\/\/www.liceomixto.cl\/losandes\/motivando-habitos-de-vida-saludable-entre-sus-alumnos-el-liceo-mixto-basica-2-de-los-andes-iniciara-el-mixtochallenge\/","title":{"rendered":"Motivando h\u00e1bitos de vida saludable entre sus alumnos el Liceo Mixto B\u00e1sica 2 de Los Andes iniciar\u00e1 el #MIXTOCHALLENGE"},"content":{"rendered":"\r\n<p><em><span style=\"font-weight: 400;\">La participaci\u00f3n de padres y apoderados es fundamental para el \u00e9xito de la actividad<\/span><\/em><\/p>\r\n\r\n\r\n\r\n<p><span style=\"font-weight: 400;\">Consciente que los h\u00e1bitos de vida saludable son fundamentales para un correcto desarrollo f\u00edsico, emocional y acad\u00e9mico de sus alumnos y m\u00e1s a\u00fan en la \u00e9poca de cuarentena que vivimos, el Mixto B\u00e1sica 2 de Calle Hermano Aquilino en Los Andes iniciar\u00e1 una serie de desaf\u00edos denominados Mixto Challenge, a desarrollarse entre el 03 y el 24 de agosto.<\/span><\/p>\r\n<p><span style=\"font-weight: 400;\">Nina Arancibia, orientadora del establecimiento, se\u00f1al\u00f3 que los estudiantes de prekinder a octavo a\u00f1o b\u00e1sico, junto a sus padres, deber\u00e1n realizar videos que posteriormente subir\u00e1n a Instagram con el #MIXTOCHALLENGE. \u201cCada semana los ni\u00f1os deber\u00e1n subir videos con temas como la actividad f\u00edsica, alimentaci\u00f3n saludable en familia o replicando alguna escena de pel\u00edcula usando Tik Tok o Dubs Mash. Haremos un compilado con los mejores videos y los subiremos a la p\u00e1gina oficial de nuestra comunidad educativa\u201d, asegur\u00f3 la profesional.<\/span><\/p>\r\n<p><span style=\"font-weight: 400;\">Arancibia, hizo especial \u00e9nfasis en que la participaci\u00f3n de los padres y apoderados en esta iniciativa es muy importante. \u00a0\u201cTanto para los alumnos m\u00e1s peque\u00f1os, actuando como gu\u00edas en la selecci\u00f3n, edici\u00f3n y posterior socializaci\u00f3n del material audio visual, como en el caso de nuestros alumnos m\u00e1s grandes, donde deber\u00e1n velar para que el trabajo sea adecuado a un contexto infantil, en todos los aspectos\u201d, sostuvo.<\/span><\/p>\r\n<p><span style=\"font-weight: 400;\">El #MIXTOCHALLENGE no est\u00e1 dirigido \u00fanicamente a la participaci\u00f3n de los estudiantes del Mixto B\u00e1sica 2, sino que tambi\u00e9n a los profesores, asistentes, inspectores e incluso miembros del equipo directivo del establecimiento. \u201cEs f\u00e1cil imaginar la motivaci\u00f3n que podr\u00eda significar para nuestros estudiantes ver videos de este \u00faltimo estamento participando de los desaf\u00edos\u201d, subray\u00f3 la orientadora.<\/span><\/p>\r\n<p><span style=\"font-weight: 400;\">Nina Arancibia, se\u00f1ala que insertos en el proyecto educativo institucional del Liceo Mixto est\u00e1n los sellos del colegio, entre los cuales el deporte es fundamental. \u201cEs por esto que esta iniciativa online apunta en todos sus objetivos a los h\u00e1bitos de vida saludable como la actividad f\u00edsica, la alimentaci\u00f3n saludable, el autocuidado y uso adecuado del tiempo libre\u201d, postul\u00f3.<\/span><\/p>\r\n<p><span style=\"font-weight: 400;\">La profesional indic\u00f3, asimismo, que los profesores jefes del colegio ser\u00e1n los responsables de transmitir la motivaci\u00f3n a los apoderados y alumnos. \u201cPorque para nosotros es fundamental el rol que cumplen los padres o cuidadores en esta actividad en particular y en forma permanente apoyando el trabajo que realizamos desde el colegio\u201d, puntualiz\u00f3, haciendo hincapi\u00e9 en que con el Mixto Challenge se innova en el desaf\u00edo planteado este a\u00f1o de no poder realizar clases presenciales.<\/span><\/p>\r\n<p style=\"text-align: center;\"><img fetchpriority=\"high\" decoding=\"async\" src=\"http:\/\/www.liceomixto.cl\/losandes\/wp-content\/uploads\/2020\/08\/foto-noticia-3107-300x300.png\" alt=\"\" width=\"300\" height=\"300\" class=\"alignnone size-medium wp-image-2676\" srcset=\"https:\/\/www.liceomixto.cl\/losandes\/wp-content\/uploads\/2020\/08\/foto-noticia-3107-300x300.png 300w, https:\/\/www.liceomixto.cl\/losandes\/wp-content\/uploads\/2020\/08\/foto-noticia-3107-1024x1024.png 1024w, https:\/\/www.liceomixto.cl\/losandes\/wp-content\/uploads\/2020\/08\/foto-noticia-3107-150x150.png 150w, https:\/\/www.liceomixto.cl\/losandes\/wp-content\/uploads\/2020\/08\/foto-noticia-3107-768x768.png 768w, https:\/\/www.liceomixto.cl\/losandes\/wp-content\/uploads\/2020\/08\/foto-noticia-3107-1536x1536.png 1536w, https:\/\/www.liceomixto.cl\/losandes\/wp-content\/uploads\/2020\/08\/foto-noticia-3107-2048x2048.png 2048w\" sizes=\"(max-width: 300px) 100vw, 300px\" \/><\/p>\r\n<p>&nbsp;<\/p>\r\n","protected":false},"excerpt":{"rendered":"<p>La participaci\u00f3n de padres y apoderados es fundamental para el \u00e9xito de la actividad Consciente que los h\u00e1bitos de vida saludable son fundamentales para un correcto desarrollo f\u00edsico, emocional y acad\u00e9mico de sus alumnos y m\u00e1s a\u00fan en la \u00e9poca de cuarentena que vivimos, el Mixto B\u00e1sica 2 de Calle [&hellip;]<\/p>\n","protected":false},"author":5,"featured_media":2678,"comment_status":"closed","ping_status":"open","sticky":false,"template":"","format":"standard","meta":{"_acf_changed":false,"_monsterinsights_skip_tracking":false,"_monsterinsights_sitenote_active":false,"_monsterinsights_sitenote_note":"","_monsterinsights_sitenote_category":0,"footnotes":""},"categories":[3],"tags":[10,11],"class_list":["post-2675","post","type-post","status-publish","format-standard","has-post-thumbnail","hentry","category-recientes","tag-test1","tag-test2"],"acf":[],"_links":{"self":[{"href":"https:\/\/www.liceomixto.cl\/losandes\/wp-json\/wp\/v2\/posts\/2675","targetHints":{"allow":["GET"]}}],"collection":[{"href":"https:\/\/www.liceomixto.cl\/losandes\/wp-json\/wp\/v2\/posts"}],"about":[{"href":"https:\/\/www.liceomixto.cl\/losandes\/wp-json\/wp\/v2\/types\/post"}],"author":[{"embeddable":true,"href":"https:\/\/www.liceomixto.cl\/losandes\/wp-json\/wp\/v2\/users\/5"}],"replies":[{"embeddable":true,"href":"https:\/\/www.liceomixto.cl\/losandes\/wp-json\/wp\/v2\/comments?post=2675"}],"version-history":[{"count":2,"href":"https:\/\/www.liceomixto.cl\/losandes\/wp-json\/wp\/v2\/posts\/2675\/revisions"}],"predecessor-version":[{"id":2679,"href":"https:\/\/www.liceomixto.cl\/losandes\/wp-json\/wp\/v2\/posts\/2675\/revisions\/2679"}],"wp:featuredmedia":[{"embeddable":true,"href":"https:\/\/www.liceomixto.cl\/losandes\/wp-json\/wp\/v2\/media\/2678"}],"wp:attachment":[{"href":"https:\/\/www.liceomixto.cl\/losandes\/wp-json\/wp\/v2\/media?parent=2675"}],"wp:term":[{"taxonomy":"category","embeddable":true,"href":"https:\/\/www.liceomixto.cl\/losandes\/wp-json\/wp\/v2\/categories?post=2675"},{"taxonomy":"post_tag","embeddable":true,"href":"https:\/\/www.liceomixto.cl\/losandes\/wp-json\/wp\/v2\/tags?post=2675"}],"curies":[{"name":"wp","href":"https:\/\/api.w.org\/{rel}","templated":true}]}}