{"id":49,"date":"2020-03-03T18:41:00","date_gmt":"2020-03-03T21:41:00","guid":{"rendered":"http:\/\/www.liceomixto.cl\/losandes\/?p=49"},"modified":"2025-08-06T12:08:26","modified_gmt":"2025-08-06T15:08:26","slug":"hola-mundo-2","status":"publish","type":"post","link":"https:\/\/www.liceomixto.cl\/losandes\/hola-mundo-2\/","title":{"rendered":"Marlene Vargas destaca rol del Liceo Mixto Bicentenario de Excelencia Los Andes en el \u00e9xito de su hijo Diego Aracena en la PSU"},"content":{"rendered":"\n<h2 class=\"wp-block-heading\"> \u201cEl colegio es pilar fundamental en las metas que puedan alcanzar nuestros hijos\u201d, afirm\u00f3. <\/h2>\n\n\n\n<p>Orgullosa y feliz se encuentra Marlene Vargas, mam\u00e1 de Diego Aracena (futuro estudiante de psicolog\u00eda en la Universidad de Chile), por el \u00e9xito de su hijo en la PSU, resultado que atribuye en gran medida a la preparaci\u00f3n acad\u00e9mica que recibi\u00f3 en el Liceo Mixto Bicentenario de Excelencia Los Andes.<\/p>\n\n\n\n<p>\u201cEn la familia estamos emocionados \u2013declara-, aunque nos encontr\u00e1bamos confiados en que Diego iba a tener buenos resultados, porque se hab\u00eda preparado mucho desde primero medio\u201d, sostuvo, destacando que \u201cac\u00e1 en el Mixto enfocan a los estudiantes de la mejor forma de cara a la PSU, para que sigan estudios superiores\u201d.<\/p>\n\n\n\n<p>Asegura la feliz mam\u00e1 que gran parte del \u00e9xito de su hijo es responsabilidad del establecimiento privado m\u00e1s grande de la Regi\u00f3n de Valpara\u00edso. \u201cSin duda el colegio es un pilar fundamental en las metas que puedan alcanzar nuestros hijos. El apoyo que hemos recibido desde primero medio como familia es muy importante, ya que al ingresar lo primero que se nos hace es una charla, donde se nos explica la importancia de las notas de ense\u00f1anza media (NEM)\u201d, indic\u00f3, agradeciendo la relevancia que se le da a los apoderados para orientar a los hijos en pos de alcanzar las metas que se proponen.<\/p>\n\n\n\n<p>Advierte, que en el colegio adem\u00e1s de entregar todas las herramientas acad\u00e9micas a sus estudiantes, existe un grado de confianza y responsabilidad que se les entregan a los pap\u00e1s, \u201cen cuanto a los aspectos emocional y afectivo que requieren los ni\u00f1os, considerando que est\u00e1n en una etapa compleja de la adolescencia y con padres que muchas veces trabajan y pasan poco tiempo con ellos\u201d, sostuvo, enfatizando que en esta realidad el colegio cumple un rol fundamental en el tema de la orientaci\u00f3n y el apoyo psicol\u00f3gico.<\/p>\n\n\n\n<p>En tal sentido, resalta que los profesores aportan algo m\u00e1s que un trabajo profesional, ya que tambi\u00e9n entregan una cuota importante de cari\u00f1o y confianza para que los alumnos se acerquen a ellos \u201cy de esa manera los ni\u00f1os van adquiriendo otras habilidades que muchas veces los pap\u00e1s no podemos entregar en el hogar, porque no estamos por motivos laborales y el colegio es clave en ese aspecto\u201d, subraya la se\u00f1ora Marlene.<\/p>\n\n\n\n<p>Asimismo, destaca que Diego pr\u00e1cticamente naci\u00f3 en el Mixto, ya que ingres\u00f3 a prekinder en la b\u00e1sica uno de calle Freire, para luego continuar su ense\u00f1anza media en el establecimiento de calle San Rafael. \u201cSu hermano Nicol\u00e1s tambi\u00e9n egreso con notas muy altas de este liceo, por lo cual ac\u00e1 hay una suerte de tradici\u00f3n familiar. En resumen, agradezco todo lo que hemos recibido, en cuanto al apoyo pedag\u00f3gico, como afectivo y emocional\u201d, reiter\u00f3.<\/p>\n\n\n\n<p>Concluy\u00f3 la se\u00f1ora Marlene enviando un mensaje a los padres que a\u00fan no definen el destino escolar de sus hijos. \u201cLos invito a elegir el Mixto, porque es un colegio inclusivo y que no hace distinci\u00f3n entre un alumno y otro y aqu\u00ed aprendemos a convivir de una manera sana con todos, sin discriminar y por eso invito a los padres a que les den esa oportunidad a sus hijos\u201d se\u00f1al\u00f3, junto con valorar que el colegio tambi\u00e9n ofrece la oportunidad de practicar diversos deportes y participar en talleres que los ayudan a desarrollarse como personas y a potenciarse en el plano acad\u00e9mico.<\/p>\n\n\n\n<figure class=\"wp-block-gallery columns-2 is-cropped wp-block-gallery-1 is-layout-flex wp-block-gallery-is-layout-flex\"><ul class=\"blocks-gallery-grid\"><li class=\"blocks-gallery-item\"><figure><img fetchpriority=\"high\" decoding=\"async\" width=\"640\" height=\"303\" src=\"http:\/\/www.liceomixto.cl\/losandes\/wp-content\/uploads\/2020\/03\/20200227_160544.jpeg\" alt=\"\" data-id=\"138\" data-full-url=\"http:\/\/www.liceomixto.cl\/losandes\/wp-content\/uploads\/2020\/03\/20200227_160544.jpeg\" data-link=\"http:\/\/www.liceomixto.cl\/losandes\/hola-mundo-2\/20200227_160544\/\" class=\"wp-image-138\" srcset=\"https:\/\/www.liceomixto.cl\/losandes\/wp-content\/uploads\/2020\/03\/20200227_160544.jpeg 640w, https:\/\/www.liceomixto.cl\/losandes\/wp-content\/uploads\/2020\/03\/20200227_160544-300x142.jpeg 300w\" sizes=\"(max-width: 640px) 100vw, 640px\" \/><\/figure><\/li><li class=\"blocks-gallery-item\"><figure><img decoding=\"async\" width=\"640\" height=\"303\" data-src=\"http:\/\/www.liceomixto.cl\/losandes\/wp-content\/uploads\/2020\/03\/20200227_161652.jpeg\" alt=\"\" data-id=\"139\" data-full-url=\"http:\/\/www.liceomixto.cl\/losandes\/wp-content\/uploads\/2020\/03\/20200227_161652.jpeg\" data-link=\"http:\/\/www.liceomixto.cl\/losandes\/hola-mundo-2\/20200227_161652\/\" class=\"wp-image-139 lazyload\" data-srcset=\"https:\/\/www.liceomixto.cl\/losandes\/wp-content\/uploads\/2020\/03\/20200227_161652.jpeg 640w, https:\/\/www.liceomixto.cl\/losandes\/wp-content\/uploads\/2020\/03\/20200227_161652-300x142.jpeg 300w\" data-sizes=\"(max-width: 640px) 100vw, 640px\" src=\"data:image\/svg+xml;base64,PHN2ZyB3aWR0aD0iMSIgaGVpZ2h0PSIxIiB4bWxucz0iaHR0cDovL3d3dy53My5vcmcvMjAwMC9zdmciPjwvc3ZnPg==\" style=\"--smush-placeholder-width: 640px; --smush-placeholder-aspect-ratio: 640\/303;\" \/><\/figure><\/li><\/ul><\/figure>\n\n\n\n<p><strong>by Vladimir D\u00edaz\/ Prensa Liceo Mixto<\/strong><\/p>\n","protected":false},"excerpt":{"rendered":"<p>\u201cEl colegio es pilar fundamental en las metas que puedan alcanzar nuestros hijos\u201d, afirm\u00f3. Orgullosa y feliz se encuentra Marlene Vargas, mam\u00e1 de Diego Aracena (futuro estudiante de psicolog\u00eda en la Universidad de Chile), por el \u00e9xito de su hijo en la PSU, resultado que atribuye en gran medida a [&hellip;]<\/p>\n","protected":false},"author":5,"featured_media":139,"comment_status":"closed","ping_status":"open","sticky":false,"template":"","format":"standard","meta":{"_acf_changed":false,"_monsterinsights_skip_tracking":false,"_monsterinsights_sitenote_active":false,"_monsterinsights_sitenote_note":"","_monsterinsights_sitenote_category":0,"footnotes":""},"categories":[4],"tags":[10,11],"class_list":["post-49","post","type-post","status-publish","format-standard","has-post-thumbnail","hentry","category-destacadas","tag-test1","tag-test2"],"acf":[],"_links":{"self":[{"href":"https:\/\/www.liceomixto.cl\/losandes\/wp-json\/wp\/v2\/posts\/49","targetHints":{"allow":["GET"]}}],"collection":[{"href":"https:\/\/www.liceomixto.cl\/losandes\/wp-json\/wp\/v2\/posts"}],"about":[{"href":"https:\/\/www.liceomixto.cl\/losandes\/wp-json\/wp\/v2\/types\/post"}],"author":[{"embeddable":true,"href":"https:\/\/www.liceomixto.cl\/losandes\/wp-json\/wp\/v2\/users\/5"}],"replies":[{"embeddable":true,"href":"https:\/\/www.liceomixto.cl\/losandes\/wp-json\/wp\/v2\/comments?post=49"}],"version-history":[{"count":4,"href":"https:\/\/www.liceomixto.cl\/losandes\/wp-json\/wp\/v2\/posts\/49\/revisions"}],"predecessor-version":[{"id":166,"href":"https:\/\/www.liceomixto.cl\/losandes\/wp-json\/wp\/v2\/posts\/49\/revisions\/166"}],"wp:featuredmedia":[{"embeddable":true,"href":"https:\/\/www.liceomixto.cl\/losandes\/wp-json\/wp\/v2\/media\/139"}],"wp:attachment":[{"href":"https:\/\/www.liceomixto.cl\/losandes\/wp-json\/wp\/v2\/media?parent=49"}],"wp:term":[{"taxonomy":"category","embeddable":true,"href":"https:\/\/www.liceomixto.cl\/losandes\/wp-json\/wp\/v2\/categories?post=49"},{"taxonomy":"post_tag","embeddable":true,"href":"https:\/\/www.liceomixto.cl\/losandes\/wp-json\/wp\/v2\/tags?post=49"}],"curies":[{"name":"wp","href":"https:\/\/api.w.org\/{rel}","templated":true}]}}