{"id":8399,"date":"2024-07-18T13:00:53","date_gmt":"2024-07-18T16:00:53","guid":{"rendered":"https:\/\/www.liceomixto.cl\/losandes\/?p=8399"},"modified":"2025-08-06T12:07:09","modified_gmt":"2025-08-06T15:07:09","slug":"comunicado-por-el-sensible-fallecimiento-de-catalina-silva-h","status":"publish","type":"post","link":"https:\/\/www.liceomixto.cl\/losandes\/comunicado-por-el-sensible-fallecimiento-de-catalina-silva-h\/","title":{"rendered":"Comunicado por el sensible fallecimiento de Catalina Silva H."},"content":{"rendered":"<p><img decoding=\"async\" data-src=\"https:\/\/www.liceomixto.cl\/losandes\/wp-content\/uploads\/2024\/07\/IMG_7377-300x135.jpg\" alt=\"\" width=\"300\" height=\"135\" class=\"alignnone size-medium wp-image-8400 lazyload\" data-srcset=\"https:\/\/www.liceomixto.cl\/losandes\/wp-content\/uploads\/2024\/07\/IMG_7377-300x135.jpg 300w, https:\/\/www.liceomixto.cl\/losandes\/wp-content\/uploads\/2024\/07\/IMG_7377-1024x461.jpg 1024w, https:\/\/www.liceomixto.cl\/losandes\/wp-content\/uploads\/2024\/07\/IMG_7377-768x346.jpg 768w, https:\/\/www.liceomixto.cl\/losandes\/wp-content\/uploads\/2024\/07\/IMG_7377.jpg 1122w\" data-sizes=\"(max-width: 300px) 100vw, 300px\" src=\"data:image\/svg+xml;base64,PHN2ZyB3aWR0aD0iMSIgaGVpZ2h0PSIxIiB4bWxucz0iaHR0cDovL3d3dy53My5vcmcvMjAwMC9zdmciPjwvc3ZnPg==\" style=\"--smush-placeholder-width: 300px; --smush-placeholder-aspect-ratio: 300\/135;\" \/><\/p>\n<p><strong>\u00a0 \u00a0 \u00a0 \u00a0 \u00a0 \u00a0 \u00a0 \u00a0 \u00a0Comunicado por el sensible fallecimiento de Catalina Silva H.<\/strong><\/p>\n<p><span>Estimada comunidad educativa, el directorio de la Corporaci\u00f3n Educacional Monte Aconcagua comunica con profundo pesar el lamentable\u00a0fallecimiento de nuestra querida educadora y colega Catalina Silva H. Queremos, asimismo, hacer llegar nuestras m\u00e1s sentidas condolencias a su familia y amigos en este momento dif\u00edcil que les toca enfrentar frente a una p\u00e9rdida tan dolorosa.<\/span><\/p>\n<div><\/div>\n<div>Comprendemos tambi\u00e9n la tristeza del equipo PIE de nuestra instituci\u00f3n con quienes Catalina compart\u00eda diariamente con gran dedicaci\u00f3n y profesionalismo, transformando su trabajo en un aporte permanente y reconocido por todos.<\/div>\n<div><\/div>\n<div>Entendemos, asimismo,\u00a0 la sensaci\u00f3n de vac\u00edo que ahora experimentaran sus estudiantes a quienes se dedicaba con esmero\u00a0y cari\u00f1o y que la extra\u00f1aran, igual como lo haremos todos nosotros.<\/div>\n<div><\/div>\n<div>&#8220;Estimada Catalina, queremos agradecer todo tu amor, dedicaci\u00f3n al trabajo y calidad humana que pudimos experimentar durante el tiempo que estuviste con nosotros y estamos seguros que Dios te recibir\u00e1 en su reino con la bondad que te mereces&#8221;<\/div>\n<div><\/div>\n<div><strong>Directorio Corporaci\u00f3n educacional Monte Aconcagua<\/strong><\/div>\n<div><\/div>\n<div><img fetchpriority=\"high\" decoding=\"async\" src=\"https:\/\/www.liceomixto.cl\/losandes\/wp-content\/uploads\/2024\/07\/PHOTO-2024-07-17-10-26-59-259x300.jpg\" alt=\"\" width=\"259\" height=\"300\" class=\"size-medium wp-image-8401 aligncenter\" srcset=\"https:\/\/www.liceomixto.cl\/losandes\/wp-content\/uploads\/2024\/07\/PHOTO-2024-07-17-10-26-59-259x300.jpg 259w, https:\/\/www.liceomixto.cl\/losandes\/wp-content\/uploads\/2024\/07\/PHOTO-2024-07-17-10-26-59.jpg 720w\" sizes=\"(max-width: 259px) 100vw, 259px\" \/><\/div>\n","protected":false},"excerpt":{"rendered":"<p>\u00a0 \u00a0 \u00a0 \u00a0 \u00a0 \u00a0 \u00a0 \u00a0 \u00a0Comunicado por el sensible fallecimiento de Catalina Silva H. Estimada comunidad educativa, el directorio de la Corporaci\u00f3n Educacional Monte Aconcagua comunica con profundo pesar el lamentable\u00a0fallecimiento de nuestra querida educadora y colega Catalina Silva H. Queremos, asimismo, hacer llegar nuestras m\u00e1s sentidas [&hellip;]<\/p>\n","protected":false},"author":4,"featured_media":8400,"comment_status":"closed","ping_status":"open","sticky":false,"template":"","format":"standard","meta":{"_acf_changed":false,"_monsterinsights_skip_tracking":false,"_monsterinsights_sitenote_active":false,"_monsterinsights_sitenote_note":"","_monsterinsights_sitenote_category":0,"footnotes":""},"categories":[72],"tags":[],"class_list":["post-8399","post","type-post","status-publish","format-standard","has-post-thumbnail","hentry","category-comunicados-oficiales"],"acf":[],"_links":{"self":[{"href":"https:\/\/www.liceomixto.cl\/losandes\/wp-json\/wp\/v2\/posts\/8399","targetHints":{"allow":["GET"]}}],"collection":[{"href":"https:\/\/www.liceomixto.cl\/losandes\/wp-json\/wp\/v2\/posts"}],"about":[{"href":"https:\/\/www.liceomixto.cl\/losandes\/wp-json\/wp\/v2\/types\/post"}],"author":[{"embeddable":true,"href":"https:\/\/www.liceomixto.cl\/losandes\/wp-json\/wp\/v2\/users\/4"}],"replies":[{"embeddable":true,"href":"https:\/\/www.liceomixto.cl\/losandes\/wp-json\/wp\/v2\/comments?post=8399"}],"version-history":[{"count":1,"href":"https:\/\/www.liceomixto.cl\/losandes\/wp-json\/wp\/v2\/posts\/8399\/revisions"}],"predecessor-version":[{"id":8402,"href":"https:\/\/www.liceomixto.cl\/losandes\/wp-json\/wp\/v2\/posts\/8399\/revisions\/8402"}],"wp:featuredmedia":[{"embeddable":true,"href":"https:\/\/www.liceomixto.cl\/losandes\/wp-json\/wp\/v2\/media\/8400"}],"wp:attachment":[{"href":"https:\/\/www.liceomixto.cl\/losandes\/wp-json\/wp\/v2\/media?parent=8399"}],"wp:term":[{"taxonomy":"category","embeddable":true,"href":"https:\/\/www.liceomixto.cl\/losandes\/wp-json\/wp\/v2\/categories?post=8399"},{"taxonomy":"post_tag","embeddable":true,"href":"https:\/\/www.liceomixto.cl\/losandes\/wp-json\/wp\/v2\/tags?post=8399"}],"curies":[{"name":"wp","href":"https:\/\/api.w.org\/{rel}","templated":true}]}}