{"id":8751,"date":"2025-03-07T01:17:10","date_gmt":"2025-03-07T04:17:10","guid":{"rendered":"https:\/\/www.liceomixto.cl\/losandes\/?p=8751"},"modified":"2025-08-06T12:07:08","modified_gmt":"2025-08-06T15:07:08","slug":"mas-de-cuatro-mil-estudiantes-del-liceo-mixto-en-los-andes-y-san-felipe-retornan-a-clases-con-energia-y-entusiasmo","status":"publish","type":"post","link":"https:\/\/www.liceomixto.cl\/losandes\/mas-de-cuatro-mil-estudiantes-del-liceo-mixto-en-los-andes-y-san-felipe-retornan-a-clases-con-energia-y-entusiasmo\/","title":{"rendered":"M\u00e1s de cuatro mil estudiantes del Liceo Mixto en Los Andes y San Felipe retornan a clases con energ\u00eda y entusiasmo"},"content":{"rendered":"<p><span>Con entusiasmo y renovadas energ\u00edas, m\u00e1s de cuatro mil estudiantes del Liceo Mixto retomaron sus actividades en los cinco colegios que conforman la instituci\u00f3n en Los Andes y San Felipe, incluyendo dos establecimientos de ense\u00f1anza media y tres de educaci\u00f3n b\u00e1sica.<\/span><\/p>\n<p><span>La rectora Ninoska Ram\u00edrez destaca que este nuevo a\u00f1o escolar encuentra al colegio en una etapa de crecimiento y consolidaci\u00f3n de importantes proyectos. \u201cEnfrentamos el 2025 como un periodo de fortalecimiento de nuestro proyecto acad\u00e9mico, con el prop\u00f3sito de que el colegio se convierta en una experiencia enriquecedora para nuestros estudiantes, tanto en el \u00e1mbito personal como en el acad\u00e9mico\u201d, afirma.<\/span><\/p>\n<p><span>Asimismo, destaca que la instituci\u00f3n contin\u00faa innovando en sus metodolog\u00edas de ense\u00f1anza, adapt\u00e1ndose a los desaf\u00edos de una educaci\u00f3n moderna y de calidad. \u201cDesde el \u00e1mbito acad\u00e9mico e institucional, estamos avanzando en la direcci\u00f3n correcta. Gracias a un trabajo sostenido y met\u00f3dico, nuestro equipo docente y directivo ha logrado posicionar al colegio entre los establecimientos con mejores resultados en la prueba PAES en el Valle de Aconcagua\u201d, enfatiza.<\/span><\/p>\n<p><span>A trav\u00e9s de un mensaje dirigido a la comunidad educativa, la rectora da una c\u00e1lida bienvenida a los estudiantes y sus familias, destacando el rol clave de los apoderados en el proceso educativo. \u201cDesde el hogar, su apoyo es fundamental para complementar y fortalecer la labor de nuestros docentes en el aula\u201d, expresa en su comunicado.<\/span><\/p>\n<p><img fetchpriority=\"high\" decoding=\"async\" src=\"https:\/\/www.liceomixto.cl\/losandes\/wp-content\/uploads\/2025\/03\/IMG_8340-212x300.jpg\" alt=\"\" width=\"212\" height=\"300\" class=\"alignnone size-medium wp-image-8763\" srcset=\"https:\/\/www.liceomixto.cl\/losandes\/wp-content\/uploads\/2025\/03\/IMG_8340-212x300.jpg 212w, https:\/\/www.liceomixto.cl\/losandes\/wp-content\/uploads\/2025\/03\/IMG_8340-723x1024.jpg 723w, https:\/\/www.liceomixto.cl\/losandes\/wp-content\/uploads\/2025\/03\/IMG_8340-768x1087.jpg 768w, https:\/\/www.liceomixto.cl\/losandes\/wp-content\/uploads\/2025\/03\/IMG_8340-1085x1536.jpg 1085w, https:\/\/www.liceomixto.cl\/losandes\/wp-content\/uploads\/2025\/03\/IMG_8340.jpg 1290w\" sizes=\"(max-width: 212px) 100vw, 212px\" \/> <img decoding=\"async\" data-src=\"https:\/\/www.liceomixto.cl\/losandes\/wp-content\/uploads\/2025\/03\/IMG_8342-195x300.jpg\" alt=\"\" width=\"195\" height=\"300\" class=\"alignnone size-medium wp-image-8762 lazyload\" data-srcset=\"https:\/\/www.liceomixto.cl\/losandes\/wp-content\/uploads\/2025\/03\/IMG_8342-195x300.jpg 195w, https:\/\/www.liceomixto.cl\/losandes\/wp-content\/uploads\/2025\/03\/IMG_8342-664x1024.jpg 664w, https:\/\/www.liceomixto.cl\/losandes\/wp-content\/uploads\/2025\/03\/IMG_8342-768x1184.jpg 768w, https:\/\/www.liceomixto.cl\/losandes\/wp-content\/uploads\/2025\/03\/IMG_8342-997x1536.jpg 997w, https:\/\/www.liceomixto.cl\/losandes\/wp-content\/uploads\/2025\/03\/IMG_8342.jpg 1136w\" data-sizes=\"(max-width: 195px) 100vw, 195px\" src=\"data:image\/svg+xml;base64,PHN2ZyB3aWR0aD0iMSIgaGVpZ2h0PSIxIiB4bWxucz0iaHR0cDovL3d3dy53My5vcmcvMjAwMC9zdmciPjwvc3ZnPg==\" style=\"--smush-placeholder-width: 195px; --smush-placeholder-aspect-ratio: 195\/300;\" \/> <img decoding=\"async\" data-src=\"https:\/\/www.liceomixto.cl\/losandes\/wp-content\/uploads\/2025\/03\/IMG_8343-202x300.jpg\" alt=\"\" width=\"202\" height=\"300\" class=\"alignnone size-medium wp-image-8761 lazyload\" data-srcset=\"https:\/\/www.liceomixto.cl\/losandes\/wp-content\/uploads\/2025\/03\/IMG_8343-202x300.jpg 202w, https:\/\/www.liceomixto.cl\/losandes\/wp-content\/uploads\/2025\/03\/IMG_8343-690x1024.jpg 690w, https:\/\/www.liceomixto.cl\/losandes\/wp-content\/uploads\/2025\/03\/IMG_8343-768x1139.jpg 768w, https:\/\/www.liceomixto.cl\/losandes\/wp-content\/uploads\/2025\/03\/IMG_8343.jpg 1034w\" data-sizes=\"(max-width: 202px) 100vw, 202px\" src=\"data:image\/svg+xml;base64,PHN2ZyB3aWR0aD0iMSIgaGVpZ2h0PSIxIiB4bWxucz0iaHR0cDovL3d3dy53My5vcmcvMjAwMC9zdmciPjwvc3ZnPg==\" style=\"--smush-placeholder-width: 202px; --smush-placeholder-aspect-ratio: 202\/300;\" \/> <img decoding=\"async\" data-src=\"https:\/\/www.liceomixto.cl\/losandes\/wp-content\/uploads\/2025\/03\/primer-dia-de-clases-27-225x300.jpg\" alt=\"\" width=\"225\" height=\"300\" class=\"alignnone size-medium wp-image-8760 lazyload\" data-srcset=\"https:\/\/www.liceomixto.cl\/losandes\/wp-content\/uploads\/2025\/03\/primer-dia-de-clases-27-225x300.jpg 225w, https:\/\/www.liceomixto.cl\/losandes\/wp-content\/uploads\/2025\/03\/primer-dia-de-clases-27-768x1024.jpg 768w, https:\/\/www.liceomixto.cl\/losandes\/wp-content\/uploads\/2025\/03\/primer-dia-de-clases-27-1152x1536.jpg 1152w, https:\/\/www.liceomixto.cl\/losandes\/wp-content\/uploads\/2025\/03\/primer-dia-de-clases-27.jpg 1200w\" data-sizes=\"(max-width: 225px) 100vw, 225px\" src=\"data:image\/svg+xml;base64,PHN2ZyB3aWR0aD0iMSIgaGVpZ2h0PSIxIiB4bWxucz0iaHR0cDovL3d3dy53My5vcmcvMjAwMC9zdmciPjwvc3ZnPg==\" style=\"--smush-placeholder-width: 225px; --smush-placeholder-aspect-ratio: 225\/300;\" \/> <img decoding=\"async\" data-src=\"https:\/\/www.liceomixto.cl\/losandes\/wp-content\/uploads\/2025\/03\/primer-dia-de-clases-25-300x225.jpg\" alt=\"\" width=\"300\" height=\"225\" class=\"alignnone size-medium wp-image-8759 lazyload\" data-srcset=\"https:\/\/www.liceomixto.cl\/losandes\/wp-content\/uploads\/2025\/03\/primer-dia-de-clases-25-300x225.jpg 300w, https:\/\/www.liceomixto.cl\/losandes\/wp-content\/uploads\/2025\/03\/primer-dia-de-clases-25-1024x768.jpg 1024w, https:\/\/www.liceomixto.cl\/losandes\/wp-content\/uploads\/2025\/03\/primer-dia-de-clases-25-768x576.jpg 768w, https:\/\/www.liceomixto.cl\/losandes\/wp-content\/uploads\/2025\/03\/primer-dia-de-clases-25-1536x1152.jpg 1536w, https:\/\/www.liceomixto.cl\/losandes\/wp-content\/uploads\/2025\/03\/primer-dia-de-clases-25-640x480.jpg 640w, https:\/\/www.liceomixto.cl\/losandes\/wp-content\/uploads\/2025\/03\/primer-dia-de-clases-25.jpg 1600w\" data-sizes=\"(max-width: 300px) 100vw, 300px\" src=\"data:image\/svg+xml;base64,PHN2ZyB3aWR0aD0iMSIgaGVpZ2h0PSIxIiB4bWxucz0iaHR0cDovL3d3dy53My5vcmcvMjAwMC9zdmciPjwvc3ZnPg==\" style=\"--smush-placeholder-width: 300px; --smush-placeholder-aspect-ratio: 300\/225;\" \/> <img decoding=\"async\" data-src=\"https:\/\/www.liceomixto.cl\/losandes\/wp-content\/uploads\/2025\/03\/primer-dia-de-clases-24-300x225.jpg\" alt=\"\" width=\"300\" height=\"225\" class=\"alignnone size-medium wp-image-8758 lazyload\" data-srcset=\"https:\/\/www.liceomixto.cl\/losandes\/wp-content\/uploads\/2025\/03\/primer-dia-de-clases-24-300x225.jpg 300w, https:\/\/www.liceomixto.cl\/losandes\/wp-content\/uploads\/2025\/03\/primer-dia-de-clases-24-1024x768.jpg 1024w, https:\/\/www.liceomixto.cl\/losandes\/wp-content\/uploads\/2025\/03\/primer-dia-de-clases-24-768x576.jpg 768w, https:\/\/www.liceomixto.cl\/losandes\/wp-content\/uploads\/2025\/03\/primer-dia-de-clases-24-1536x1152.jpg 1536w, https:\/\/www.liceomixto.cl\/losandes\/wp-content\/uploads\/2025\/03\/primer-dia-de-clases-24-640x480.jpg 640w, https:\/\/www.liceomixto.cl\/losandes\/wp-content\/uploads\/2025\/03\/primer-dia-de-clases-24.jpg 1600w\" data-sizes=\"(max-width: 300px) 100vw, 300px\" src=\"data:image\/svg+xml;base64,PHN2ZyB3aWR0aD0iMSIgaGVpZ2h0PSIxIiB4bWxucz0iaHR0cDovL3d3dy53My5vcmcvMjAwMC9zdmciPjwvc3ZnPg==\" style=\"--smush-placeholder-width: 300px; --smush-placeholder-aspect-ratio: 300\/225;\" \/> <img decoding=\"async\" data-src=\"https:\/\/www.liceomixto.cl\/losandes\/wp-content\/uploads\/2025\/03\/primer-dia-de-clases-22-225x300.jpg\" alt=\"\" width=\"225\" height=\"300\" class=\"alignnone size-medium wp-image-8757 lazyload\" data-srcset=\"https:\/\/www.liceomixto.cl\/losandes\/wp-content\/uploads\/2025\/03\/primer-dia-de-clases-22-225x300.jpg 225w, https:\/\/www.liceomixto.cl\/losandes\/wp-content\/uploads\/2025\/03\/primer-dia-de-clases-22-768x1024.jpg 768w, https:\/\/www.liceomixto.cl\/losandes\/wp-content\/uploads\/2025\/03\/primer-dia-de-clases-22.jpg 960w\" data-sizes=\"(max-width: 225px) 100vw, 225px\" src=\"data:image\/svg+xml;base64,PHN2ZyB3aWR0aD0iMSIgaGVpZ2h0PSIxIiB4bWxucz0iaHR0cDovL3d3dy53My5vcmcvMjAwMC9zdmciPjwvc3ZnPg==\" style=\"--smush-placeholder-width: 225px; --smush-placeholder-aspect-ratio: 225\/300;\" \/> <img decoding=\"async\" data-src=\"https:\/\/www.liceomixto.cl\/losandes\/wp-content\/uploads\/2025\/03\/primer-dia-de-clases-21-300x225.jpg\" alt=\"\" width=\"300\" height=\"225\" class=\"alignnone size-medium wp-image-8756 lazyload\" data-srcset=\"https:\/\/www.liceomixto.cl\/losandes\/wp-content\/uploads\/2025\/03\/primer-dia-de-clases-21-300x225.jpg 300w, https:\/\/www.liceomixto.cl\/losandes\/wp-content\/uploads\/2025\/03\/primer-dia-de-clases-21-1024x768.jpg 1024w, https:\/\/www.liceomixto.cl\/losandes\/wp-content\/uploads\/2025\/03\/primer-dia-de-clases-21-768x576.jpg 768w, https:\/\/www.liceomixto.cl\/losandes\/wp-content\/uploads\/2025\/03\/primer-dia-de-clases-21-640x480.jpg 640w, https:\/\/www.liceomixto.cl\/losandes\/wp-content\/uploads\/2025\/03\/primer-dia-de-clases-21.jpg 1280w\" data-sizes=\"(max-width: 300px) 100vw, 300px\" src=\"data:image\/svg+xml;base64,PHN2ZyB3aWR0aD0iMSIgaGVpZ2h0PSIxIiB4bWxucz0iaHR0cDovL3d3dy53My5vcmcvMjAwMC9zdmciPjwvc3ZnPg==\" style=\"--smush-placeholder-width: 300px; --smush-placeholder-aspect-ratio: 300\/225;\" \/> <img decoding=\"async\" data-src=\"https:\/\/www.liceomixto.cl\/losandes\/wp-content\/uploads\/2025\/03\/primer-dia-de-clases-20-300x225.jpg\" alt=\"\" width=\"300\" height=\"225\" class=\"alignnone size-medium wp-image-8755 lazyload\" data-srcset=\"https:\/\/www.liceomixto.cl\/losandes\/wp-content\/uploads\/2025\/03\/primer-dia-de-clases-20-300x225.jpg 300w, https:\/\/www.liceomixto.cl\/losandes\/wp-content\/uploads\/2025\/03\/primer-dia-de-clases-20-1024x768.jpg 1024w, https:\/\/www.liceomixto.cl\/losandes\/wp-content\/uploads\/2025\/03\/primer-dia-de-clases-20-768x576.jpg 768w, https:\/\/www.liceomixto.cl\/losandes\/wp-content\/uploads\/2025\/03\/primer-dia-de-clases-20-640x480.jpg 640w, https:\/\/www.liceomixto.cl\/losandes\/wp-content\/uploads\/2025\/03\/primer-dia-de-clases-20.jpg 1280w\" data-sizes=\"(max-width: 300px) 100vw, 300px\" src=\"data:image\/svg+xml;base64,PHN2ZyB3aWR0aD0iMSIgaGVpZ2h0PSIxIiB4bWxucz0iaHR0cDovL3d3dy53My5vcmcvMjAwMC9zdmciPjwvc3ZnPg==\" style=\"--smush-placeholder-width: 300px; --smush-placeholder-aspect-ratio: 300\/225;\" \/> <img decoding=\"async\" data-src=\"https:\/\/www.liceomixto.cl\/losandes\/wp-content\/uploads\/2025\/03\/primer-dia-de-clases-18-300x225.jpg\" alt=\"\" width=\"300\" height=\"225\" class=\"alignnone size-medium wp-image-8754 lazyload\" data-srcset=\"https:\/\/www.liceomixto.cl\/losandes\/wp-content\/uploads\/2025\/03\/primer-dia-de-clases-18-300x225.jpg 300w, https:\/\/www.liceomixto.cl\/losandes\/wp-content\/uploads\/2025\/03\/primer-dia-de-clases-18-1024x768.jpg 1024w, https:\/\/www.liceomixto.cl\/losandes\/wp-content\/uploads\/2025\/03\/primer-dia-de-clases-18-768x576.jpg 768w, https:\/\/www.liceomixto.cl\/losandes\/wp-content\/uploads\/2025\/03\/primer-dia-de-clases-18-640x480.jpg 640w, https:\/\/www.liceomixto.cl\/losandes\/wp-content\/uploads\/2025\/03\/primer-dia-de-clases-18.jpg 1280w\" data-sizes=\"(max-width: 300px) 100vw, 300px\" src=\"data:image\/svg+xml;base64,PHN2ZyB3aWR0aD0iMSIgaGVpZ2h0PSIxIiB4bWxucz0iaHR0cDovL3d3dy53My5vcmcvMjAwMC9zdmciPjwvc3ZnPg==\" style=\"--smush-placeholder-width: 300px; --smush-placeholder-aspect-ratio: 300\/225;\" \/> <img decoding=\"async\" data-src=\"https:\/\/www.liceomixto.cl\/losandes\/wp-content\/uploads\/2025\/03\/primer-dia-de-clases-17-300x225.jpg\" alt=\"\" width=\"300\" height=\"225\" class=\"alignnone size-medium wp-image-8753 lazyload\" data-srcset=\"https:\/\/www.liceomixto.cl\/losandes\/wp-content\/uploads\/2025\/03\/primer-dia-de-clases-17-300x225.jpg 300w, https:\/\/www.liceomixto.cl\/losandes\/wp-content\/uploads\/2025\/03\/primer-dia-de-clases-17-1024x768.jpg 1024w, https:\/\/www.liceomixto.cl\/losandes\/wp-content\/uploads\/2025\/03\/primer-dia-de-clases-17-768x576.jpg 768w, https:\/\/www.liceomixto.cl\/losandes\/wp-content\/uploads\/2025\/03\/primer-dia-de-clases-17-640x480.jpg 640w, https:\/\/www.liceomixto.cl\/losandes\/wp-content\/uploads\/2025\/03\/primer-dia-de-clases-17.jpg 1280w\" data-sizes=\"(max-width: 300px) 100vw, 300px\" src=\"data:image\/svg+xml;base64,PHN2ZyB3aWR0aD0iMSIgaGVpZ2h0PSIxIiB4bWxucz0iaHR0cDovL3d3dy53My5vcmcvMjAwMC9zdmciPjwvc3ZnPg==\" style=\"--smush-placeholder-width: 300px; --smush-placeholder-aspect-ratio: 300\/225;\" \/> <img decoding=\"async\" data-src=\"https:\/\/www.liceomixto.cl\/losandes\/wp-content\/uploads\/2025\/03\/primer-dia-de-clases-16-300x225.jpg\" alt=\"\" width=\"300\" height=\"225\" class=\"alignnone size-medium wp-image-8752 lazyload\" data-srcset=\"https:\/\/www.liceomixto.cl\/losandes\/wp-content\/uploads\/2025\/03\/primer-dia-de-clases-16-300x225.jpg 300w, https:\/\/www.liceomixto.cl\/losandes\/wp-content\/uploads\/2025\/03\/primer-dia-de-clases-16-1024x768.jpg 1024w, https:\/\/www.liceomixto.cl\/losandes\/wp-content\/uploads\/2025\/03\/primer-dia-de-clases-16-768x576.jpg 768w, https:\/\/www.liceomixto.cl\/losandes\/wp-content\/uploads\/2025\/03\/primer-dia-de-clases-16-640x480.jpg 640w, https:\/\/www.liceomixto.cl\/losandes\/wp-content\/uploads\/2025\/03\/primer-dia-de-clases-16.jpg 1280w\" data-sizes=\"(max-width: 300px) 100vw, 300px\" src=\"data:image\/svg+xml;base64,PHN2ZyB3aWR0aD0iMSIgaGVpZ2h0PSIxIiB4bWxucz0iaHR0cDovL3d3dy53My5vcmcvMjAwMC9zdmciPjwvc3ZnPg==\" style=\"--smush-placeholder-width: 300px; --smush-placeholder-aspect-ratio: 300\/225;\" \/><\/p>\n","protected":false},"excerpt":{"rendered":"<p>Con entusiasmo y renovadas energ\u00edas, m\u00e1s de cuatro mil estudiantes del Liceo Mixto retomaron sus actividades en los cinco colegios que conforman la instituci\u00f3n en Los Andes y San Felipe, incluyendo dos establecimientos de ense\u00f1anza media y tres de educaci\u00f3n b\u00e1sica. La rectora Ninoska Ram\u00edrez destaca que este nuevo a\u00f1o [&hellip;]<\/p>\n","protected":false},"author":4,"featured_media":8753,"comment_status":"closed","ping_status":"open","sticky":false,"template":"","format":"standard","meta":{"_acf_changed":false,"_monsterinsights_skip_tracking":false,"_monsterinsights_sitenote_active":false,"_monsterinsights_sitenote_note":"","_monsterinsights_sitenote_category":0,"footnotes":""},"categories":[4],"tags":[],"class_list":["post-8751","post","type-post","status-publish","format-standard","has-post-thumbnail","hentry","category-destacadas"],"acf":[],"_links":{"self":[{"href":"https:\/\/www.liceomixto.cl\/losandes\/wp-json\/wp\/v2\/posts\/8751","targetHints":{"allow":["GET"]}}],"collection":[{"href":"https:\/\/www.liceomixto.cl\/losandes\/wp-json\/wp\/v2\/posts"}],"about":[{"href":"https:\/\/www.liceomixto.cl\/losandes\/wp-json\/wp\/v2\/types\/post"}],"author":[{"embeddable":true,"href":"https:\/\/www.liceomixto.cl\/losandes\/wp-json\/wp\/v2\/users\/4"}],"replies":[{"embeddable":true,"href":"https:\/\/www.liceomixto.cl\/losandes\/wp-json\/wp\/v2\/comments?post=8751"}],"version-history":[{"count":1,"href":"https:\/\/www.liceomixto.cl\/losandes\/wp-json\/wp\/v2\/posts\/8751\/revisions"}],"predecessor-version":[{"id":8764,"href":"https:\/\/www.liceomixto.cl\/losandes\/wp-json\/wp\/v2\/posts\/8751\/revisions\/8764"}],"wp:featuredmedia":[{"embeddable":true,"href":"https:\/\/www.liceomixto.cl\/losandes\/wp-json\/wp\/v2\/media\/8753"}],"wp:attachment":[{"href":"https:\/\/www.liceomixto.cl\/losandes\/wp-json\/wp\/v2\/media?parent=8751"}],"wp:term":[{"taxonomy":"category","embeddable":true,"href":"https:\/\/www.liceomixto.cl\/losandes\/wp-json\/wp\/v2\/categories?post=8751"},{"taxonomy":"post_tag","embeddable":true,"href":"https:\/\/www.liceomixto.cl\/losandes\/wp-json\/wp\/v2\/tags?post=8751"}],"curies":[{"name":"wp","href":"https:\/\/api.w.org\/{rel}","templated":true}]}}