{"id":9422,"date":"2026-04-09T15:56:19","date_gmt":"2026-04-09T18:56:19","guid":{"rendered":"https:\/\/www.liceomixto.cl\/losandes\/?p=9422"},"modified":"2026-04-09T15:56:19","modified_gmt":"2026-04-09T18:56:19","slug":"comunicado-oficial","status":"publish","type":"post","link":"https:\/\/www.liceomixto.cl\/losandes\/comunicado-oficial\/","title":{"rendered":"Comunicado Oficial"},"content":{"rendered":"<p>Estimada comunidad educativa:<\/p>\n<p>Junto con saludar cordialmente, informamos que, durante la jornada de hoy, jueves 9 de abril, espec\u00edficamente durante el desarrollo del primer recreo, fue encontrado al interior del establecimiento media San Felipe y media Los Andes un mensaje alusivo a un eventual acto de violencia.<\/p>\n<p>Ante esta situaci\u00f3n, se activaron de manera inmediata todos los protocolos de seguridad establecidos por nuestro establecimiento, con el objetivo de resguardar la integridad f\u00edsica y psicol\u00f3gica de todos los miembros de la comunidad educativa.<\/p>\n<p>Dentro de estas acciones, se gener\u00f3 la coordinaci\u00f3n con las polic\u00edas quienes comprometieron apoyo en caso de ser necesario.<\/p>\n<p>Asimismo, como Corporaci\u00f3n hemos activado los procedimientos internos correspondientes, en el marco de la normativa vigente, incluyendo lo dispuesto en la Ley Aula Segura. De identificarse a los responsables de este hecho, se aplicar\u00e1n las sanciones con el m\u00e1ximo rigor que establece tanto la normativa legal como nuestro reglamento interno.<\/p>\n<p>Queremos se\u00f1alar que este tipo de situaciones, lamentablemente, se han presentado en distintos establecimientos a nivel nacional. Como comunidad educativa rechazamos categ\u00f3ricamente cualquier conducta que atente contra la seguridad y el bienestar de las personas, y reiteramos nuestro compromiso con un ambiente seguro y respetuoso.<\/p>\n<p>Finalmente, hacemos un llamado a la calma a todos nuestros apoderados y miembros de la comunidad. Como establecimiento estamos adoptando todas las medidas necesarias para resguardar a nuestros estudiantes y funcionarios, manteniendo como prioridad absoluta su integridad f\u00edsica y emocional.<\/p>\n<p>Agradecemos su comprensi\u00f3n y colaboraci\u00f3n.<\/p>\n<p style=\"text-align: right;\"><strong>CORPORACION EDUCACIONAL<br \/>\n<\/strong><strong><\/strong><strong>MONTE ACONCAGUA<\/strong><a href=\"https:\/\/www.liceomixto.cl\/losandes\/wp-content\/uploads\/2026\/04\/Comunicado-Oficial.pdf\" target=\"_blank\" rel=\"noopener\"><img decoding=\"async\" data-src=\"https:\/\/www.liceomixto.cl\/sanfelipe\/wp-content\/uploads\/2025\/10\/pdf-150x150.jpg\" alt=\"\" width=\"150\" height=\"150\" class=\"alignleft wp-image-6889 size-thumbnail lazyload\" src=\"data:image\/svg+xml;base64,PHN2ZyB3aWR0aD0iMSIgaGVpZ2h0PSIxIiB4bWxucz0iaHR0cDovL3d3dy53My5vcmcvMjAwMC9zdmciPjwvc3ZnPg==\" style=\"--smush-placeholder-width: 150px; --smush-placeholder-aspect-ratio: 150\/150;\" \/><\/a><\/p>\n","protected":false},"excerpt":{"rendered":"<p>Estimada comunidad educativa: Junto con saludar cordialmente, informamos que, durante la jornada de hoy, jueves 9 de abril, espec\u00edficamente durante el desarrollo del primer recreo, fue encontrado al interior del establecimiento media San Felipe y media Los Andes un mensaje alusivo a un eventual acto de violencia. Ante esta situaci\u00f3n, [&hellip;]<\/p>\n","protected":false},"author":4,"featured_media":8400,"comment_status":"closed","ping_status":"open","sticky":false,"template":"","format":"standard","meta":{"_acf_changed":false,"_monsterinsights_skip_tracking":false,"_monsterinsights_sitenote_active":false,"_monsterinsights_sitenote_note":"","_monsterinsights_sitenote_category":0,"footnotes":""},"categories":[72],"tags":[],"class_list":["post-9422","post","type-post","status-publish","format-standard","has-post-thumbnail","hentry","category-comunicados-oficiales"],"acf":[],"_links":{"self":[{"href":"https:\/\/www.liceomixto.cl\/losandes\/wp-json\/wp\/v2\/posts\/9422","targetHints":{"allow":["GET"]}}],"collection":[{"href":"https:\/\/www.liceomixto.cl\/losandes\/wp-json\/wp\/v2\/posts"}],"about":[{"href":"https:\/\/www.liceomixto.cl\/losandes\/wp-json\/wp\/v2\/types\/post"}],"author":[{"embeddable":true,"href":"https:\/\/www.liceomixto.cl\/losandes\/wp-json\/wp\/v2\/users\/4"}],"replies":[{"embeddable":true,"href":"https:\/\/www.liceomixto.cl\/losandes\/wp-json\/wp\/v2\/comments?post=9422"}],"version-history":[{"count":1,"href":"https:\/\/www.liceomixto.cl\/losandes\/wp-json\/wp\/v2\/posts\/9422\/revisions"}],"predecessor-version":[{"id":9424,"href":"https:\/\/www.liceomixto.cl\/losandes\/wp-json\/wp\/v2\/posts\/9422\/revisions\/9424"}],"wp:featuredmedia":[{"embeddable":true,"href":"https:\/\/www.liceomixto.cl\/losandes\/wp-json\/wp\/v2\/media\/8400"}],"wp:attachment":[{"href":"https:\/\/www.liceomixto.cl\/losandes\/wp-json\/wp\/v2\/media?parent=9422"}],"wp:term":[{"taxonomy":"category","embeddable":true,"href":"https:\/\/www.liceomixto.cl\/losandes\/wp-json\/wp\/v2\/categories?post=9422"},{"taxonomy":"post_tag","embeddable":true,"href":"https:\/\/www.liceomixto.cl\/losandes\/wp-json\/wp\/v2\/tags?post=9422"}],"curies":[{"name":"wp","href":"https:\/\/api.w.org\/{rel}","templated":true}]}}