{"id":9447,"date":"2026-04-27T20:55:00","date_gmt":"2026-04-27T23:55:00","guid":{"rendered":"https:\/\/www.liceomixto.cl\/losandes\/?p=9447"},"modified":"2026-04-27T20:55:00","modified_gmt":"2026-04-27T23:55:00","slug":"orgullo-del-liceo-mixto-basica-1-joven-karateca-de-los-andes-representara-a-chile-en-sudamericano","status":"publish","type":"post","link":"https:\/\/www.liceomixto.cl\/losandes\/orgullo-del-liceo-mixto-basica-1-joven-karateca-de-los-andes-representara-a-chile-en-sudamericano\/","title":{"rendered":"Orgullo del Liceo Mixto B\u00e1sica 1: joven karateca de Los Andes representar\u00e1 a Chile en Sudamericano"},"content":{"rendered":"<p dir=\"auto\">Amaro Castro Torres contin\u00faa consolidando su camino en el karate con un nuevo desaf\u00edo internacional. El estudiante del Liceo Mixto B\u00e1sica 1 de Los Andes se prepara para representar a Chile en el Campeonato Sudamericano que se desarrollar\u00e1 entre el 14 y el 21 de junio en Colombia, llevando consigo no solo su talento, sino tambi\u00e9n el respaldo de su familia y comunidad educativa.<\/p>\n<p dir=\"auto\">\u201cSe siente espectacular y agradable representar a Chile, porque representar a todo un pa\u00eds es una alegr\u00eda profunda en el coraz\u00f3n\u201d, se\u00f1ala Amaro, reflejando el orgullo y la emoci\u00f3n que implica vestir los colores nacionales a su corta edad, en una disciplina que exige tanto f\u00edsica como mentalmente.<\/p>\n<p dir=\"auto\">Su camino en el karate no solo ha estado marcado por logros deportivos, sino tambi\u00e9n por un crecimiento personal significativo. \u201cEn lo personal yo era muy euf\u00f3rico y el karate me ha servido para relajarme y para controlarme. Adem\u00e1s, es un deporte que a nivel de competencia tiene muchas reglas que respetar y respetar tambi\u00e9n al contrincante\u201d, comenta, destacando c\u00f3mo esta disciplina ha sido clave en su formaci\u00f3n integral.<\/p>\n<p dir=\"auto\">El apoyo de su familia ha sido fundamental en cada paso de este proceso. \u201cNo ha sido f\u00e1cil, pero mis pap\u00e1s est\u00e1n muy orgullosos de m\u00ed\u201d, agrega Amaro, reconociendo el esfuerzo compartido detr\u00e1s de cada entrenamiento, competencia y logro alcanzado.<\/p>\n<p dir=\"auto\">En el \u00e1mbito acad\u00e9mico, el respaldo del Liceo Mixto B\u00e1sica 1 ha sido determinante para compatibilizar estudios y deporte de alto rendimiento. \u201cEl colegio me ha ayudado mucho para que yo pueda competir, me apoya con las materias y tengo buenas notas\u201d, explica el estudiante, evidenciando una formaci\u00f3n equilibrada que potencia tanto su desarrollo intelectual como deportivo.<\/p>\n<p dir=\"auto\">Pedro Navea, director del establecimiento, destac\u00f3 el ejemplo que representa Amaro para la comunidad educativa. \u201cAmaro encarna los valores que promovemos como instituci\u00f3n: esfuerzo, respeto, responsabilidad y perseverancia. Para nosotros es un orgullo ver c\u00f3mo nuestros estudiantes no solo destacan acad\u00e9micamente, sino tambi\u00e9n en el deporte, representando de gran manera a nuestro pa\u00eds\u201d, se\u00f1al\u00f3.<\/p>\n<p dir=\"auto\">La trayectoria de Amaro ya suma hitos importantes. En 2024, logr\u00f3 un destacado cuarto lugar en su categor\u00eda en el 6\u00b0 Campeonato Mundial de Karate JKS en Tokio, adem\u00e1s de haber representado previamente a Chile en un Panamericano en Paraguay, acumulando experiencia internacional que hoy respalda su proyecci\u00f3n.<\/p>\n<p>M\u00e1s recientemente, en marzo de 2026, Amaro y su hermano Pablo obtuvieron medalla de bronce en el Campeonato Nacional de Karate Federado, resultado que les permiti\u00f3 integrar la Selecci\u00f3n Nacional.<\/p>\n<p dir=\"auto\">Hoy, con el respaldo de su familia y el constante apoyo del Liceo Mixto, Amaro Castro Torres se posiciona como una de las j\u00f3venes promesas del karate chileno, llevando consigo no solo sus sue\u00f1os, sino tambi\u00e9n el orgullo de toda una comunidad que lo impulsa a seguir creciendo.<\/p>\n<p dir=\"auto\"><img fetchpriority=\"high\" decoding=\"async\" src=\"https:\/\/www.liceomixto.cl\/losandes\/wp-content\/uploads\/2026\/04\/liceo-mixto-karateca-01-300x225.jpg\" alt=\"\" width=\"300\" height=\"225\" class=\"alignnone size-medium wp-image-9449\" srcset=\"https:\/\/www.liceomixto.cl\/losandes\/wp-content\/uploads\/2026\/04\/liceo-mixto-karateca-01-300x225.jpg 300w, https:\/\/www.liceomixto.cl\/losandes\/wp-content\/uploads\/2026\/04\/liceo-mixto-karateca-01-1024x768.jpg 1024w, https:\/\/www.liceomixto.cl\/losandes\/wp-content\/uploads\/2026\/04\/liceo-mixto-karateca-01-768x576.jpg 768w, https:\/\/www.liceomixto.cl\/losandes\/wp-content\/uploads\/2026\/04\/liceo-mixto-karateca-01-640x480.jpg 640w, https:\/\/www.liceomixto.cl\/losandes\/wp-content\/uploads\/2026\/04\/liceo-mixto-karateca-01.jpg 1280w\" sizes=\"(max-width: 300px) 100vw, 300px\" \/> <img decoding=\"async\" data-src=\"https:\/\/www.liceomixto.cl\/losandes\/wp-content\/uploads\/2026\/04\/liceo-mixto-karateca-03-225x300.jpg\" alt=\"\" width=\"225\" height=\"300\" class=\"alignnone size-medium wp-image-9451 lazyload\" data-srcset=\"https:\/\/www.liceomixto.cl\/losandes\/wp-content\/uploads\/2026\/04\/liceo-mixto-karateca-03-225x300.jpg 225w, https:\/\/www.liceomixto.cl\/losandes\/wp-content\/uploads\/2026\/04\/liceo-mixto-karateca-03-768x1024.jpg 768w, https:\/\/www.liceomixto.cl\/losandes\/wp-content\/uploads\/2026\/04\/liceo-mixto-karateca-03.jpg 960w\" data-sizes=\"(max-width: 225px) 100vw, 225px\" src=\"data:image\/svg+xml;base64,PHN2ZyB3aWR0aD0iMSIgaGVpZ2h0PSIxIiB4bWxucz0iaHR0cDovL3d3dy53My5vcmcvMjAwMC9zdmciPjwvc3ZnPg==\" style=\"--smush-placeholder-width: 225px; --smush-placeholder-aspect-ratio: 225\/300;\" \/> <img decoding=\"async\" data-src=\"https:\/\/www.liceomixto.cl\/losandes\/wp-content\/uploads\/2026\/04\/liceo-mixto-karateca-02-225x300.jpg\" alt=\"\" width=\"225\" height=\"300\" class=\"alignnone size-medium wp-image-9450 lazyload\" data-srcset=\"https:\/\/www.liceomixto.cl\/losandes\/wp-content\/uploads\/2026\/04\/liceo-mixto-karateca-02-225x300.jpg 225w, https:\/\/www.liceomixto.cl\/losandes\/wp-content\/uploads\/2026\/04\/liceo-mixto-karateca-02-768x1024.jpg 768w, https:\/\/www.liceomixto.cl\/losandes\/wp-content\/uploads\/2026\/04\/liceo-mixto-karateca-02.jpg 960w\" data-sizes=\"(max-width: 225px) 100vw, 225px\" src=\"data:image\/svg+xml;base64,PHN2ZyB3aWR0aD0iMSIgaGVpZ2h0PSIxIiB4bWxucz0iaHR0cDovL3d3dy53My5vcmcvMjAwMC9zdmciPjwvc3ZnPg==\" style=\"--smush-placeholder-width: 225px; --smush-placeholder-aspect-ratio: 225\/300;\" \/><\/p>\n","protected":false},"excerpt":{"rendered":"<p>Amaro Castro Torres contin\u00faa consolidando su camino en el karate con un nuevo desaf\u00edo internacional. El estudiante del Liceo Mixto B\u00e1sica 1 de Los Andes se prepara para representar a Chile en el Campeonato Sudamericano que se desarrollar\u00e1 entre el 14 y el 21 de junio en Colombia, llevando consigo [&hellip;]<\/p>\n","protected":false},"author":4,"featured_media":9448,"comment_status":"closed","ping_status":"open","sticky":false,"template":"","format":"standard","meta":{"_acf_changed":false,"_monsterinsights_skip_tracking":false,"_monsterinsights_sitenote_active":false,"_monsterinsights_sitenote_note":"","_monsterinsights_sitenote_category":0,"footnotes":""},"categories":[3],"tags":[],"class_list":["post-9447","post","type-post","status-publish","format-standard","has-post-thumbnail","hentry","category-recientes"],"acf":[],"_links":{"self":[{"href":"https:\/\/www.liceomixto.cl\/losandes\/wp-json\/wp\/v2\/posts\/9447","targetHints":{"allow":["GET"]}}],"collection":[{"href":"https:\/\/www.liceomixto.cl\/losandes\/wp-json\/wp\/v2\/posts"}],"about":[{"href":"https:\/\/www.liceomixto.cl\/losandes\/wp-json\/wp\/v2\/types\/post"}],"author":[{"embeddable":true,"href":"https:\/\/www.liceomixto.cl\/losandes\/wp-json\/wp\/v2\/users\/4"}],"replies":[{"embeddable":true,"href":"https:\/\/www.liceomixto.cl\/losandes\/wp-json\/wp\/v2\/comments?post=9447"}],"version-history":[{"count":1,"href":"https:\/\/www.liceomixto.cl\/losandes\/wp-json\/wp\/v2\/posts\/9447\/revisions"}],"predecessor-version":[{"id":9452,"href":"https:\/\/www.liceomixto.cl\/losandes\/wp-json\/wp\/v2\/posts\/9447\/revisions\/9452"}],"wp:featuredmedia":[{"embeddable":true,"href":"https:\/\/www.liceomixto.cl\/losandes\/wp-json\/wp\/v2\/media\/9448"}],"wp:attachment":[{"href":"https:\/\/www.liceomixto.cl\/losandes\/wp-json\/wp\/v2\/media?parent=9447"}],"wp:term":[{"taxonomy":"category","embeddable":true,"href":"https:\/\/www.liceomixto.cl\/losandes\/wp-json\/wp\/v2\/categories?post=9447"},{"taxonomy":"post_tag","embeddable":true,"href":"https:\/\/www.liceomixto.cl\/losandes\/wp-json\/wp\/v2\/tags?post=9447"}],"curies":[{"name":"wp","href":"https:\/\/api.w.org\/{rel}","templated":true}]}}