{"id":3219,"date":"2020-01-03T10:27:44","date_gmt":"2020-01-03T13:27:44","guid":{"rendered":"http:\/\/www.liceomixto.cl\/sanfelipe\/?p=3219"},"modified":"2025-08-06T12:11:44","modified_gmt":"2025-08-06T15:11:44","slug":"avance-en-desconfinamiento-debe-ir-acompanado-de-mantencion-de-medidas-sanitarias","status":"publish","type":"post","link":"https:\/\/www.liceomixto.cl\/sanfelipe\/avance-en-desconfinamiento-debe-ir-acompanado-de-mantencion-de-medidas-sanitarias\/","title":{"rendered":"Avance en desconfinamiento debe ir acompa\u00f1ado de mantenci\u00f3n de medidas sanitarias"},"content":{"rendered":"\t\t<div data-elementor-type=\"wp-post\" data-elementor-id=\"3219\" class=\"elementor elementor-3219\">\n\t\t\t\t\t\t<section class=\"elementor-section elementor-top-section elementor-element elementor-element-44236bd0 elementor-section-boxed elementor-section-height-default elementor-section-height-default\" data-id=\"44236bd0\" data-element_type=\"section\">\n\t\t\t\t\t\t<div class=\"elementor-container elementor-column-gap-default\">\n\t\t\t\t\t<div class=\"elementor-column elementor-col-100 elementor-top-column elementor-element elementor-element-23abaab9\" data-id=\"23abaab9\" data-element_type=\"column\">\n\t\t\t<div class=\"elementor-widget-wrap elementor-element-populated\">\n\t\t\t\t\t\t<div class=\"elementor-element elementor-element-2c65a897 elementor-widget elementor-widget-text-editor\" data-id=\"2c65a897\" data-element_type=\"widget\" data-widget_type=\"text-editor.default\">\n\t\t\t\t<div class=\"elementor-widget-container\">\n\t\t\t\t\t\t\t\t\t<p><\/p>\n<h2 class=\"wp-block-heading\"><span style=\"font-size: inherit;\">M\u00e1s all\u00e1 que Los Andes y San Felipe parecen dejar atr\u00e1s los d\u00edas de cuarentena total, saltando primero a una etapa de Transici\u00f3n y este domingo a la de Preparaci\u00f3n, como las ha denominado el Ministerio de Salud, no debemos confiarnos, puesto que el Coronavirus seguir\u00e1 presente entre nosotros, al menos hasta que se encuentre una vacuna.<\/span><\/h2>\n<p><span style=\"font-size: inherit;\">Por eso, hay que tener presente que una de las medidas m\u00e1s importantes tendiente a que una persona no se contagie ni propague la enfermedad es el lavado frecuente y correcto de las manos, uso de mascarilla y guantes, sobre todo en lugares p\u00fablicos.<\/span><\/p>\n<p><span style=\"font-size: inherit;\">En este contexto, la Dra. Naldy Febr\u00e9 Vergara, acad\u00e9mica de la Facultad de Enfermer\u00eda de la U. Andr\u00e9s Bello, detalla en una publicaci\u00f3n aparecida en la p\u00e1gina web de la casa de estudios superiores el <a href=\"https:\/\/noticias.unab.cl\/salud\/facultad-de-enfermeria\/voz-del-experto-por-que-debemos-lavarnos-las-manos-para-evitar-la-propagacion-del-coronavirus\/\">por qu\u00e9 es clave incrementar este h\u00e1bito en tiempo de pandemia<\/a>.<\/span><\/p>\n<p><span style=\"font-size: inherit;\">Explica la profesional \u201cla OMS recomienda que las personas a nivel mundial realicen higiene de manos (HM), pues la \u00e9sta permite mantener alejados a los g\u00e9rmenes y agentes portadores de diferentes enfermedades de nuestras manos. Lo importante es que posterior a estar en lugares donde se concentra gran cantidad de personas, al salir del trabajo y al llegar a casa se realicen una de las dos t\u00e9cnicas de lavado de manos\u201d.<\/span><\/p>\n<p><span style=\"font-size: inherit;\">Las medidas que destacan son:<\/span><\/p>\n<p><span style=\"font-size: inherit;\">1) Lavar las manos con Agua + jab\u00f3n (lavado de manos cl\u00ednico).<\/span><\/p>\n<p><span style=\"font-size: inherit;\">2) Fricci\u00f3n con compuestos alcoh\u00f3licos (Higiene de manos con soluci\u00f3n alcoh\u00f3lica).<\/span><\/p>\n<p><span style=\"font-size: inherit;\">Destaca la Dra. Febr\u00e9 que estas son las medidas b\u00e1sicas y de mayor trascendencia al momento de prevenir infecciones. \u201cEs importante destacar que ambas t\u00e9cnicas tienen igual efectividad para permitir que nuestras manos sean seguras, por lo que la persona debe elegir una t\u00e9cnica o la otra\u201d, subray\u00f3.<\/span><\/p>\n<p><span style=\"font-size: inherit;\">En la <a href=\"https:\/\/saludyodontologia.udp.cl\/2020\/04\/07\/recomendaciones-de-lavado-de-manos-para-prevenir-el-contagio-del-coronavirus\/\">p\u00e1gina de la facultad de Salud y Odontolog\u00eda de la Universidad Diego Portales (UDP)<\/a>, se ratifica la efectividad de esta mediad, haciendo hincapi\u00e9 en que el lavado de manos debe durar al menos 20 segundos, sin importar si se hace con agua fr\u00eda o caliente, siendo necesario \u00fanicamente un jab\u00f3n regular y no necesariamente antibacterial.<\/span><\/p>\n<p><span style=\"font-size: inherit;\">Por su parte el <a href=\"https:\/\/www.minsal.cl\/\">Ministerio de Salud<\/a>&nbsp;ampl\u00eda las recomendaciones:<\/span><\/p>\n<p><span style=\"font-size: inherit;\">Dado que el virus se transmite de persona a persona, debe mantener una distancia m\u00ednima de un metro entre usted y cualquier persona, adem\u00e1s limpiar superficies, en particular aquellas con alto uso, dado que existe un tiempo de supervivencia del virus en ellas. Tambi\u00e9n es imprescindible el uso de la mascarilla, la cual debe cubrir boca y nariz, no debe tocarse durante su uso y cambiarse cuando se humedece, Al momento de retirarla h\u00e1galo por detr\u00e1s (no toque la parte delantera de la mascarilla) y des\u00e9chela inmediatamente en un recipiente cerrado.<\/span><\/p>\n<p><\/p>\n<p><b>Testimonios<\/b><\/p>\n<p>Constanza Alfaro, alumna de cuarto a\u00f1o A del Liceo Mixto B\u00e1sica 1 es plenamente consciente de los riesgos del Covid-19. \u201cPor eso yo siempre me lavo las manos con agua y jab\u00f3n, porque no quiero que nadie en mi casa se enferme\u201d, asegura, ante una enfermedad que advierte le causa mucho temor. \u201cYo le digo a todos los ni\u00f1os que se laven las manos y usen mascarilla cada vez que salgan a la calle, para que no se enfermen ellos, ni sus pap\u00e1s, ni sus abuelitos\u201d, indic\u00f3 la ni\u00f1a.<\/p>\n<p><span style=\"font-size: inherit;\">Por su parte, Marianela Ortiz, mam\u00e1 de Constanza, se\u00f1ala que la ni\u00f1a prefiere no salir a la calle, como otra manera efectiva de cuidarse. \u201cMi hija usa el jab\u00f3n y el alcohol gel para el lavado de manos. Siguiendo las recomendaciones que aparecen en todos lados y que tambi\u00e9n le han dado desde el colegio\u201d, manifest\u00f3 la apoderada<\/span><\/p>\n<p><\/p>\n<p><\/p>\t\t\t\t\t\t\t\t<\/div>\n\t\t\t\t<\/div>\n\t\t\t\t\t<\/div>\n\t\t<\/div>\n\t\t\t\t\t<\/div>\n\t\t<\/section>\n\t\t\t\t<\/div>\n\t\t","protected":false},"excerpt":{"rendered":"<p>M\u00e1s all\u00e1 que Los Andes y San Felipe parecen dejar atr\u00e1s los d\u00edas de cuarentena total, saltando primero a una etapa de Transici\u00f3n y este domingo a la de Preparaci\u00f3n, como las ha denominado el Ministerio de Salud, no debemos confiarnos, puesto que el Coronavirus seguir\u00e1 presente entre nosotros, al [&hellip;]<\/p>\n","protected":false},"author":4,"featured_media":3229,"comment_status":"closed","ping_status":"open","sticky":false,"template":"","format":"standard","meta":{"footnotes":""},"categories":[4,3],"tags":[],"_links":{"self":[{"href":"https:\/\/www.liceomixto.cl\/sanfelipe\/wp-json\/wp\/v2\/posts\/3219"}],"collection":[{"href":"https:\/\/www.liceomixto.cl\/sanfelipe\/wp-json\/wp\/v2\/posts"}],"about":[{"href":"https:\/\/www.liceomixto.cl\/sanfelipe\/wp-json\/wp\/v2\/types\/post"}],"author":[{"embeddable":true,"href":"https:\/\/www.liceomixto.cl\/sanfelipe\/wp-json\/wp\/v2\/users\/4"}],"replies":[{"embeddable":true,"href":"https:\/\/www.liceomixto.cl\/sanfelipe\/wp-json\/wp\/v2\/comments?post=3219"}],"version-history":[{"count":6,"href":"https:\/\/www.liceomixto.cl\/sanfelipe\/wp-json\/wp\/v2\/posts\/3219\/revisions"}],"predecessor-version":[{"id":3230,"href":"https:\/\/www.liceomixto.cl\/sanfelipe\/wp-json\/wp\/v2\/posts\/3219\/revisions\/3230"}],"wp:featuredmedia":[{"embeddable":true,"href":"https:\/\/www.liceomixto.cl\/sanfelipe\/wp-json\/wp\/v2\/media\/3229"}],"wp:attachment":[{"href":"https:\/\/www.liceomixto.cl\/sanfelipe\/wp-json\/wp\/v2\/media?parent=3219"}],"wp:term":[{"taxonomy":"category","embeddable":true,"href":"https:\/\/www.liceomixto.cl\/sanfelipe\/wp-json\/wp\/v2\/categories?post=3219"},{"taxonomy":"post_tag","embeddable":true,"href":"https:\/\/www.liceomixto.cl\/sanfelipe\/wp-json\/wp\/v2\/tags?post=3219"}],"curies":[{"name":"wp","href":"https:\/\/api.w.org\/{rel}","templated":true}]}}