{"id":3314,"date":"2020-10-06T16:13:38","date_gmt":"2020-10-06T19:13:38","guid":{"rendered":"http:\/\/www.liceomixto.cl\/sanfelipe\/?p=3314"},"modified":"2025-08-06T12:11:43","modified_gmt":"2025-08-06T15:11:43","slug":"directora-ejecutiva-de-icap-destaca-esfuerzo-del-liceo-mixto-para-que-estudiantes-de-carreras-tecnico-profesional-obtengan-su-titulo","status":"publish","type":"post","link":"https:\/\/www.liceomixto.cl\/sanfelipe\/directora-ejecutiva-de-icap-destaca-esfuerzo-del-liceo-mixto-para-que-estudiantes-de-carreras-tecnico-profesional-obtengan-su-titulo\/","title":{"rendered":"Directora Ejecutiva de ICAP destaca esfuerzo del Liceo Mixto para que estudiantes de carreras T\u00e9cnico Profesional obtengan su t\u00edtulo"},"content":{"rendered":"\t\t<div data-elementor-type=\"wp-post\" data-elementor-id=\"3314\" class=\"elementor elementor-3314\">\n\t\t\t\t\t\t<section class=\"elementor-section elementor-top-section elementor-element elementor-element-44236bd0 elementor-section-boxed elementor-section-height-default elementor-section-height-default\" data-id=\"44236bd0\" data-element_type=\"section\">\n\t\t\t\t\t\t<div class=\"elementor-container elementor-column-gap-default\">\n\t\t\t\t\t<div class=\"elementor-column elementor-col-100 elementor-top-column elementor-element elementor-element-23abaab9\" data-id=\"23abaab9\" data-element_type=\"column\">\n\t\t\t<div class=\"elementor-widget-wrap elementor-element-populated\">\n\t\t\t\t\t\t<div class=\"elementor-element elementor-element-2c65a897 elementor-widget elementor-widget-text-editor\" data-id=\"2c65a897\" data-element_type=\"widget\" data-widget_type=\"text-editor.default\">\n\t\t\t\t<div class=\"elementor-widget-container\">\n\t\t\t\t\t\t\t\t\t<p><\/p>\n<h2 class=\"wp-block-heading\">Instituto de Capacitaci\u00f3n acreditado por el Estado imparte talleres a alumnos de cuarto medio<\/h2>\n<p><\/p>\n<p>Como de \u201cun gran complemento para la tarea que desarrollamos con los ni\u00f1os en el hogar\u201d, catalogaron los apoderados de prekinder del Liceo Mixto B\u00e1sica San Felipe el Rinc\u00f3n de Juegos \u201cRinju\u201d, que les entreg\u00f3 el colegio en el marco del Programa de Apoyo al Aprendizaje Integral del Ministerio de Desarrollo Social y Familia del Gobierno de Chile.<\/p>\n<p><\/p>\n<p>Laura Torres, mam\u00e1 de Mat\u00edas Londo\u00f1o, asegur\u00f3 que el equipamiento que contiene la caja del Rinju ser\u00e1 de gran ayuda ahora que los ni\u00f1os no pueden ir a clases. \u201cAs\u00ed en la casa los seguimos ayudando en su educaci\u00f3n, con el apoyo de las educadoras desde el colegio. Estamos muy contentos como familia con este beneficio y con la expectativa de lo que va a significar\u201d, manifest\u00f3.<\/p>\n<p><\/p>\n<p>A ra\u00edz de la emergencia sanitaria del Covid-19 \u00fanicamente dos familias pudieron asistir a la ceremonia de entrega del Rinc\u00f3n de Juegos, con presencia del Seremi Ricardo Figueroa, en dependencia de la ense\u00f1anza b\u00e1sica del Liceo Mixto. \u201cEsta herramienta que nos est\u00e1n entregando para trabajar con los ni\u00f1os en casa es muy importante y la verdad me siento muy apoyada por el colegio\u201d, asegur\u00f3 en la oportunidad la se\u00f1ora Beatriz Tapia, mam\u00e1 de Catalina Arzola.<\/p>\n<p><\/p>\n<p>En tal sentido, Ninoska Ram\u00edrez, rectora del Liceo Mixto, agradeci\u00f3 que el emblem\u00e1tico establecimiento haya sido considerado para entregar este equipamiento de juegos a sus apoderados de prekinder. \u201cNuestro equipo de profesionales est\u00e1 siempre preocupado por todo lo que los ni\u00f1os puedan realizar en sus casas, por lo tanto, esto es como un regalo, ya que va a aportar a\u00fan m\u00e1s a las din\u00e1micas que estamos desarrollando con nuestros alumnos y apoderados\u201d, subray\u00f3 la profesional.<\/p>\n<p><\/p>\n<p>Finalmente, Patricio Cornejo, presidente de la Corporaci\u00f3n Educacional Monte Aconcagua, sostuvo que \u201cpara nosotros es una enorme satisfacci\u00f3n recibir este beneficio para nuestros ni\u00f1os\u201d afirm\u00f3 el directivo, haciendo hincapi\u00e9 en que el Mixto mantiene su sello enfocado en brindar una educaci\u00f3n de excelencia, merced a un trabajo que se realiza d\u00eda a d\u00eda con mucho cari\u00f1o.Jessica Aravena, directora ejecutiva del Instituto de Capacitaci\u00f3n (ICAP), destac\u00f3 los esfuerzos que a pesar de no asistir a clases presenciales por la emergencia sanitaria provocada por el Covid-19, est\u00e1 realizando el Liceo Mixto, en Los Andes y San Felipe, para que sus alumnos de carreras T\u00e9cnico Profesional se titulen con las m\u00e1s altas competencias.<\/p>\n<p><span style=\"font-size: inherit;\">Actualmente el instituto, acreditado por el Estado y con 30 a\u00f1os de trayectoria a nivel nacional, se encuentra impartiendo talleres online a los estudiantes de cuarto a\u00f1o medio. \u201cNuestros cursos est\u00e1n enfocados a que los alumnos adquieran nuevas competencias laborales, mediante contenidos espec\u00edficos para cada especialidad, los cuales son impartidos por profesionales con experiencia laboral y acad\u00e9mica certificada\u201d, detall\u00f3 Aravena, subrayando que cada docente \u201ccuenta con un perfil aprobado por el Servicio Nacional de Capacitaci\u00f3n y Empleo (Sence), que considera sus t\u00edtulos, certificaciones, experiencia y contratos anteriores\u201d, asegur\u00f3.<\/span><\/p>\n<p>Los talleres tienen una duraci\u00f3n de 200 horas durante las cuales continuamente se est\u00e1 evaluando la actividad formativa de los estudiantes. \u201cFinalizados los cursos el instituto emitir\u00e1 un certificado a los j\u00f3venes que acredita las competencias adquiridas. Este documento les servir\u00e1 para su Curriculum Vitae a futuro y lo podr\u00e1n complementar con el t\u00edtulo profesional, ya que este proyecto persigue que el Liceo Mixto entregue todas las herramientas para que ellos se puedan titular\u201d, enfatiz\u00f3 la directora ejecutiva de ICAP, al tiempo que valor\u00f3 positivamente el compromiso de los pap\u00e1s de los estudiantes, con quienes han tenido contacto permanente mediante reuniones virtuales \u201ctanto en el aspecto informativo como para orientarlos en relaci\u00f3n a que les generen las mejores condiciones de estudio a los chicos\u201d.<\/p>\n<p>\u201cEstos talleres siempre se han hecho de manera presencial, por ende, lo que estamos viviendo hoy es in\u00e9dito y nos ha demandado un gran esfuerzo para alcanzar las competencias que los j\u00f3venes necesitan y que puedan salir al campo laboral con un proceso t\u00e9cnico de capacitaci\u00f3n\u201d, se\u00f1al\u00f3 Jessica Aravena, haciendo hincapi\u00e9 en que nada puede reemplazar un t\u00edtulo profesional. \u201cPor eso, conversamos con los pap\u00e1s y les dijimos que esto es para sus hijos, para que lo valoren y los ayuden e incentiven a terminar este proceso\u201d, concluy\u00f3.<\/p>\n<p><\/p>\n<p><\/p>\t\t\t\t\t\t\t\t<\/div>\n\t\t\t\t<\/div>\n\t\t\t\t\t<\/div>\n\t\t<\/div>\n\t\t\t\t\t<\/div>\n\t\t<\/section>\n\t\t\t\t<section class=\"elementor-section elementor-top-section elementor-element elementor-element-5ca87ee elementor-section-boxed elementor-section-height-default elementor-section-height-default\" data-id=\"5ca87ee\" data-element_type=\"section\">\n\t\t\t\t\t\t<div class=\"elementor-container elementor-column-gap-default\">\n\t\t\t\t\t<div class=\"elementor-column elementor-col-100 elementor-top-column elementor-element elementor-element-102ba8c\" data-id=\"102ba8c\" data-element_type=\"column\">\n\t\t\t<div class=\"elementor-widget-wrap elementor-element-populated\">\n\t\t\t\t\t\t<div class=\"elementor-element elementor-element-658f625 elementor-widget elementor-widget-image\" data-id=\"658f625\" data-element_type=\"widget\" data-widget_type=\"image.default\">\n\t\t\t\t<div class=\"elementor-widget-container\">\n\t\t\t\t\t\t\t\t\t\t\t\t\t\t\t<img fetchpriority=\"high\" decoding=\"async\" width=\"750\" height=\"355\" src=\"https:\/\/www.liceomixto.cl\/sanfelipe\/wp-content\/uploads\/2020\/10\/noticia-lpm-0610-06-1024x485.png\" class=\"attachment-large size-large wp-image-3316\" alt=\"\" srcset=\"https:\/\/www.liceomixto.cl\/sanfelipe\/wp-content\/uploads\/2020\/10\/noticia-lpm-0610-06-1024x485.png 1024w, https:\/\/www.liceomixto.cl\/sanfelipe\/wp-content\/uploads\/2020\/10\/noticia-lpm-0610-06-300x142.png 300w, https:\/\/www.liceomixto.cl\/sanfelipe\/wp-content\/uploads\/2020\/10\/noticia-lpm-0610-06-768x364.png 768w, https:\/\/www.liceomixto.cl\/sanfelipe\/wp-content\/uploads\/2020\/10\/noticia-lpm-0610-06.png 1281w\" sizes=\"(max-width: 750px) 100vw, 750px\" \/>\t\t\t\t\t\t\t\t\t\t\t\t\t\t\t<\/div>\n\t\t\t\t<\/div>\n\t\t\t\t\t<\/div>\n\t\t<\/div>\n\t\t\t\t\t<\/div>\n\t\t<\/section>\n\t\t\t\t<section class=\"elementor-section elementor-top-section elementor-element elementor-element-dd8b917 elementor-section-boxed elementor-section-height-default elementor-section-height-default\" data-id=\"dd8b917\" data-element_type=\"section\">\n\t\t\t\t\t\t<div class=\"elementor-container elementor-column-gap-default\">\n\t\t\t\t\t<div class=\"elementor-column elementor-col-50 elementor-top-column elementor-element elementor-element-08b08a4\" data-id=\"08b08a4\" data-element_type=\"column\">\n\t\t\t<div class=\"elementor-widget-wrap elementor-element-populated\">\n\t\t\t\t\t\t<div class=\"elementor-element elementor-element-cfae84b elementor-widget elementor-widget-image\" data-id=\"cfae84b\" data-element_type=\"widget\" data-widget_type=\"image.default\">\n\t\t\t\t<div class=\"elementor-widget-container\">\n\t\t\t\t\t\t\t\t\t\t\t\t\t\t\t<img decoding=\"async\" width=\"750\" height=\"750\" data-src=\"https:\/\/www.liceomixto.cl\/sanfelipe\/wp-content\/uploads\/2020\/10\/noticia-lpm-0610-02-1024x1024.png\" class=\"attachment-large size-large wp-image-3317 lazyload\" alt=\"\" data-srcset=\"https:\/\/www.liceomixto.cl\/sanfelipe\/wp-content\/uploads\/2020\/10\/noticia-lpm-0610-02-1024x1024.png 1024w, https:\/\/www.liceomixto.cl\/sanfelipe\/wp-content\/uploads\/2020\/10\/noticia-lpm-0610-02-300x300.png 300w, https:\/\/www.liceomixto.cl\/sanfelipe\/wp-content\/uploads\/2020\/10\/noticia-lpm-0610-02-150x150.png 150w, https:\/\/www.liceomixto.cl\/sanfelipe\/wp-content\/uploads\/2020\/10\/noticia-lpm-0610-02-768x768.png 768w, https:\/\/www.liceomixto.cl\/sanfelipe\/wp-content\/uploads\/2020\/10\/noticia-lpm-0610-02.png 1200w\" data-sizes=\"(max-width: 750px) 100vw, 750px\" src=\"data:image\/gif;base64,R0lGODlhAQABAAAAACH5BAEKAAEALAAAAAABAAEAAAICTAEAOw==\" style=\"--smush-placeholder-width: 750px; --smush-placeholder-aspect-ratio: 750\/750;\" \/>\t\t\t\t\t\t\t\t\t\t\t\t\t\t\t<\/div>\n\t\t\t\t<\/div>\n\t\t\t\t\t<\/div>\n\t\t<\/div>\n\t\t\t\t<div class=\"elementor-column elementor-col-50 elementor-top-column elementor-element elementor-element-9d88229\" data-id=\"9d88229\" data-element_type=\"column\">\n\t\t\t<div class=\"elementor-widget-wrap elementor-element-populated\">\n\t\t\t\t\t\t<div class=\"elementor-element elementor-element-f548eb4 elementor-widget elementor-widget-image\" data-id=\"f548eb4\" data-element_type=\"widget\" data-widget_type=\"image.default\">\n\t\t\t\t<div class=\"elementor-widget-container\">\n\t\t\t\t\t\t\t\t\t\t\t\t\t\t\t<img decoding=\"async\" width=\"750\" height=\"750\" data-src=\"https:\/\/www.liceomixto.cl\/sanfelipe\/wp-content\/uploads\/2020\/10\/noticia-lpm-0610-04-1024x1024.png\" class=\"attachment-large size-large wp-image-3318 lazyload\" alt=\"\" data-srcset=\"https:\/\/www.liceomixto.cl\/sanfelipe\/wp-content\/uploads\/2020\/10\/noticia-lpm-0610-04-1024x1024.png 1024w, https:\/\/www.liceomixto.cl\/sanfelipe\/wp-content\/uploads\/2020\/10\/noticia-lpm-0610-04-300x300.png 300w, https:\/\/www.liceomixto.cl\/sanfelipe\/wp-content\/uploads\/2020\/10\/noticia-lpm-0610-04-150x150.png 150w, https:\/\/www.liceomixto.cl\/sanfelipe\/wp-content\/uploads\/2020\/10\/noticia-lpm-0610-04-768x769.png 768w, https:\/\/www.liceomixto.cl\/sanfelipe\/wp-content\/uploads\/2020\/10\/noticia-lpm-0610-04.png 1200w\" data-sizes=\"(max-width: 750px) 100vw, 750px\" src=\"data:image\/gif;base64,R0lGODlhAQABAAAAACH5BAEKAAEALAAAAAABAAEAAAICTAEAOw==\" style=\"--smush-placeholder-width: 750px; --smush-placeholder-aspect-ratio: 750\/750;\" \/>\t\t\t\t\t\t\t\t\t\t\t\t\t\t\t<\/div>\n\t\t\t\t<\/div>\n\t\t\t\t\t<\/div>\n\t\t<\/div>\n\t\t\t\t\t<\/div>\n\t\t<\/section>\n\t\t\t\t<section class=\"elementor-section elementor-top-section elementor-element elementor-element-8a57307 elementor-section-boxed elementor-section-height-default elementor-section-height-default\" data-id=\"8a57307\" data-element_type=\"section\">\n\t\t\t\t\t\t<div class=\"elementor-container elementor-column-gap-default\">\n\t\t\t\t\t<div class=\"elementor-column elementor-col-100 elementor-top-column elementor-element elementor-element-ee1f038\" data-id=\"ee1f038\" data-element_type=\"column\">\n\t\t\t<div class=\"elementor-widget-wrap elementor-element-populated\">\n\t\t\t\t\t\t<div class=\"elementor-element elementor-element-431fba4 elementor-widget elementor-widget-image\" data-id=\"431fba4\" data-element_type=\"widget\" data-widget_type=\"image.default\">\n\t\t\t\t<div class=\"elementor-widget-container\">\n\t\t\t\t\t\t\t\t\t\t\t\t\t\t\t<img decoding=\"async\" width=\"750\" height=\"375\" data-src=\"https:\/\/www.liceomixto.cl\/sanfelipe\/wp-content\/uploads\/2020\/10\/noticia-lpm-0610-03-1024x512.png\" class=\"attachment-large size-large wp-image-3319 lazyload\" alt=\"\" data-srcset=\"https:\/\/www.liceomixto.cl\/sanfelipe\/wp-content\/uploads\/2020\/10\/noticia-lpm-0610-03-1024x512.png 1024w, https:\/\/www.liceomixto.cl\/sanfelipe\/wp-content\/uploads\/2020\/10\/noticia-lpm-0610-03-300x150.png 300w, https:\/\/www.liceomixto.cl\/sanfelipe\/wp-content\/uploads\/2020\/10\/noticia-lpm-0610-03-768x384.png 768w, https:\/\/www.liceomixto.cl\/sanfelipe\/wp-content\/uploads\/2020\/10\/noticia-lpm-0610-03-1536x768.png 1536w, https:\/\/www.liceomixto.cl\/sanfelipe\/wp-content\/uploads\/2020\/10\/noticia-lpm-0610-03-2048x1024.png 2048w\" data-sizes=\"(max-width: 750px) 100vw, 750px\" src=\"data:image\/gif;base64,R0lGODlhAQABAAAAACH5BAEKAAEALAAAAAABAAEAAAICTAEAOw==\" style=\"--smush-placeholder-width: 750px; --smush-placeholder-aspect-ratio: 750\/375;\" \/>\t\t\t\t\t\t\t\t\t\t\t\t\t\t\t<\/div>\n\t\t\t\t<\/div>\n\t\t\t\t\t<\/div>\n\t\t<\/div>\n\t\t\t\t\t<\/div>\n\t\t<\/section>\n\t\t\t\t<section class=\"elementor-section elementor-top-section elementor-element elementor-element-5a2c96b elementor-section-boxed elementor-section-height-default elementor-section-height-default\" data-id=\"5a2c96b\" data-element_type=\"section\">\n\t\t\t\t\t\t<div class=\"elementor-container elementor-column-gap-default\">\n\t\t\t\t\t<div class=\"elementor-column elementor-col-100 elementor-top-column elementor-element elementor-element-7cde121\" data-id=\"7cde121\" data-element_type=\"column\">\n\t\t\t<div class=\"elementor-widget-wrap elementor-element-populated\">\n\t\t\t\t\t\t<div class=\"elementor-element elementor-element-11c1366 elementor-widget elementor-widget-image\" data-id=\"11c1366\" data-element_type=\"widget\" data-widget_type=\"image.default\">\n\t\t\t\t<div class=\"elementor-widget-container\">\n\t\t\t\t\t\t\t\t\t\t\t\t\t\t\t<img decoding=\"async\" width=\"750\" height=\"454\" data-src=\"https:\/\/www.liceomixto.cl\/sanfelipe\/wp-content\/uploads\/2020\/10\/noticia-lpm-0601-05-1024x620.png\" class=\"attachment-large size-large wp-image-3320 lazyload\" alt=\"\" data-srcset=\"https:\/\/www.liceomixto.cl\/sanfelipe\/wp-content\/uploads\/2020\/10\/noticia-lpm-0601-05-1024x620.png 1024w, https:\/\/www.liceomixto.cl\/sanfelipe\/wp-content\/uploads\/2020\/10\/noticia-lpm-0601-05-300x182.png 300w, https:\/\/www.liceomixto.cl\/sanfelipe\/wp-content\/uploads\/2020\/10\/noticia-lpm-0601-05-768x465.png 768w, https:\/\/www.liceomixto.cl\/sanfelipe\/wp-content\/uploads\/2020\/10\/noticia-lpm-0601-05-1536x930.png 1536w, https:\/\/www.liceomixto.cl\/sanfelipe\/wp-content\/uploads\/2020\/10\/noticia-lpm-0601-05-2048x1239.png 2048w\" data-sizes=\"(max-width: 750px) 100vw, 750px\" src=\"data:image\/gif;base64,R0lGODlhAQABAAAAACH5BAEKAAEALAAAAAABAAEAAAICTAEAOw==\" style=\"--smush-placeholder-width: 750px; --smush-placeholder-aspect-ratio: 750\/454;\" \/>\t\t\t\t\t\t\t\t\t\t\t\t\t\t\t<\/div>\n\t\t\t\t<\/div>\n\t\t\t\t\t<\/div>\n\t\t<\/div>\n\t\t\t\t\t<\/div>\n\t\t<\/section>\n\t\t\t\t<\/div>\n\t\t","protected":false},"excerpt":{"rendered":"<p>Instituto de Capacitaci\u00f3n acreditado por el Estado imparte talleres a alumnos de cuarto medio &nbsp; Como de \u201cun gran complemento para la tarea que desarrollamos con los ni\u00f1os en el hogar\u201d, catalogaron los apoderados de prekinder del Liceo Mixto B\u00e1sica San Felipe el Rinc\u00f3n de Juegos \u201cRinju\u201d, que les entreg\u00f3 [&hellip;]<\/p>\n","protected":false},"author":4,"featured_media":3322,"comment_status":"closed","ping_status":"open","sticky":false,"template":"","format":"standard","meta":{"footnotes":""},"categories":[4],"tags":[],"_links":{"self":[{"href":"https:\/\/www.liceomixto.cl\/sanfelipe\/wp-json\/wp\/v2\/posts\/3314"}],"collection":[{"href":"https:\/\/www.liceomixto.cl\/sanfelipe\/wp-json\/wp\/v2\/posts"}],"about":[{"href":"https:\/\/www.liceomixto.cl\/sanfelipe\/wp-json\/wp\/v2\/types\/post"}],"author":[{"embeddable":true,"href":"https:\/\/www.liceomixto.cl\/sanfelipe\/wp-json\/wp\/v2\/users\/4"}],"replies":[{"embeddable":true,"href":"https:\/\/www.liceomixto.cl\/sanfelipe\/wp-json\/wp\/v2\/comments?post=3314"}],"version-history":[{"count":3,"href":"https:\/\/www.liceomixto.cl\/sanfelipe\/wp-json\/wp\/v2\/posts\/3314\/revisions"}],"predecessor-version":[{"id":3323,"href":"https:\/\/www.liceomixto.cl\/sanfelipe\/wp-json\/wp\/v2\/posts\/3314\/revisions\/3323"}],"wp:featuredmedia":[{"embeddable":true,"href":"https:\/\/www.liceomixto.cl\/sanfelipe\/wp-json\/wp\/v2\/media\/3322"}],"wp:attachment":[{"href":"https:\/\/www.liceomixto.cl\/sanfelipe\/wp-json\/wp\/v2\/media?parent=3314"}],"wp:term":[{"taxonomy":"category","embeddable":true,"href":"https:\/\/www.liceomixto.cl\/sanfelipe\/wp-json\/wp\/v2\/categories?post=3314"},{"taxonomy":"post_tag","embeddable":true,"href":"https:\/\/www.liceomixto.cl\/sanfelipe\/wp-json\/wp\/v2\/tags?post=3314"}],"curies":[{"name":"wp","href":"https:\/\/api.w.org\/{rel}","templated":true}]}}