{"id":3465,"date":"2020-11-18T17:30:34","date_gmt":"2020-11-18T20:30:34","guid":{"rendered":"http:\/\/www.liceomixto.cl\/sanfelipe\/?p=3465"},"modified":"2025-08-06T12:11:43","modified_gmt":"2025-08-06T15:11:43","slug":"liceo-mixto-habilito-para-los-andes-y-san-felipe-plataforma-online-de-prematricula-destinada-a-agilizar-el-posterior-tramite-presencial","status":"publish","type":"post","link":"https:\/\/www.liceomixto.cl\/sanfelipe\/liceo-mixto-habilito-para-los-andes-y-san-felipe-plataforma-online-de-prematricula-destinada-a-agilizar-el-posterior-tramite-presencial\/","title":{"rendered":"Liceo Mixto habilit\u00f3 para Los Andes y San Felipe plataforma online de prematr\u00edcula destinada a agilizar el posterior tr\u00e1mite presencial"},"content":{"rendered":"\t\t<div data-elementor-type=\"wp-post\" data-elementor-id=\"3465\" class=\"elementor elementor-3465\">\n\t\t\t\t\t\t<section class=\"elementor-section elementor-top-section elementor-element elementor-element-44236bd0 elementor-section-boxed elementor-section-height-default elementor-section-height-default\" data-id=\"44236bd0\" data-element_type=\"section\">\n\t\t\t\t\t\t<div class=\"elementor-container elementor-column-gap-default\">\n\t\t\t\t\t<div class=\"elementor-column elementor-col-100 elementor-top-column elementor-element elementor-element-23abaab9\" data-id=\"23abaab9\" data-element_type=\"column\">\n\t\t\t<div class=\"elementor-widget-wrap elementor-element-populated\">\n\t\t\t\t\t\t<div class=\"elementor-element elementor-element-2c65a897 elementor-widget elementor-widget-text-editor\" data-id=\"2c65a897\" data-element_type=\"widget\" data-widget_type=\"text-editor.default\">\n\t\t\t\t<div class=\"elementor-widget-container\">\n\t\t\t\t\t\t\t\t\t<p><\/p>\n<h2 class=\"wp-block-heading\"><b>En la p\u00e1gina web del colegio, donde adem\u00e1s se incorpor\u00f3 un video tutorial<\/b><\/h2>\n<p><\/p>\n<p>Como un servicio necesario, dada la contingencia sanitaria, el Liceo Mixto en Los Andes y San Felipe habilit\u00f3 en su p\u00e1gina web una plataforma online de prematr\u00edcula, con el objetivo de agilizar el posterior tr\u00e1mite presencial que se realizar\u00e1 entre el 14 y el 24 de diciembre.<\/p>\n<p>\u201cLa idea es que los apoderados que ya son parte de la comunidad, como los nuevos, puedan ingresar y actualizar todos sus datos personales y para que al momento de venir al colegio el tr\u00e1mite sea mucho m\u00e1s r\u00e1pido\u201d, indic\u00f3 Ignacio Cornejo, director de proyectos de la Corporaci\u00f3n Monte Aconcagua, quien subray\u00f3 que la operaci\u00f3n es muy sencilla, puesto que incluso se incorpor\u00f3 un video tutorial para las mam\u00e1s y pap\u00e1s.<\/p>\n<p>Agreg\u00f3 el directivo que la plataforma, adem\u00e1s, permite generar la reserva de una hora. \u201cEsta se va a reflejar en un ticket de atenci\u00f3n, por lo tanto, los apoderados no van a tener que hacer fila para ser atendidos, ni menos verse inmersos en una aglomeraci\u00f3n de personas. As\u00ed cuidamos la seguridad y la salud de nuestros apoderados como de nuestros funcionarios\u201d, asegur\u00f3 el directivo.<\/p>\n<p>Finalmente, el profesional, se\u00f1al\u00f3 que los apoderados que no tengan acceso a internet pueden dirigirse al colegio antes del 14 de diciembre, \u201cdonde realizaremos el tr\u00e1mite con ellos, gui\u00e1ndolos y cumpliendo de igual forma el objetivo de agilizar el momento de la matr\u00edcula presencial\u201d, concluy\u00f3.<\/p>\n<p><\/p>\n<p><\/p>\t\t\t\t\t\t\t\t<\/div>\n\t\t\t\t<\/div>\n\t\t\t\t\t<\/div>\n\t\t<\/div>\n\t\t\t\t\t<\/div>\n\t\t<\/section>\n\t\t\t\t<section class=\"elementor-section elementor-top-section elementor-element elementor-element-a3d1f5d elementor-section-boxed elementor-section-height-default elementor-section-height-default\" data-id=\"a3d1f5d\" data-element_type=\"section\">\n\t\t\t\t\t\t<div class=\"elementor-container elementor-column-gap-default\">\n\t\t\t\t\t<div class=\"elementor-column elementor-col-100 elementor-top-column elementor-element elementor-element-e1ea51a\" data-id=\"e1ea51a\" data-element_type=\"column\">\n\t\t\t<div class=\"elementor-widget-wrap elementor-element-populated\">\n\t\t\t\t\t\t<div class=\"elementor-element elementor-element-f942497 elementor-widget elementor-widget-image\" data-id=\"f942497\" data-element_type=\"widget\" data-widget_type=\"image.default\">\n\t\t\t\t<div class=\"elementor-widget-container\">\n\t\t\t\t\t\t\t\t\t\t\t\t\t\t\t<img fetchpriority=\"high\" decoding=\"async\" width=\"750\" height=\"750\" src=\"https:\/\/www.liceomixto.cl\/sanfelipe\/wp-content\/uploads\/2020\/11\/foto-noticia-lpm-1811_Mesa-de-trabajo-1-1024x1024.png\" class=\"attachment-large size-large wp-image-3468\" alt=\"\" srcset=\"https:\/\/www.liceomixto.cl\/sanfelipe\/wp-content\/uploads\/2020\/11\/foto-noticia-lpm-1811_Mesa-de-trabajo-1-1024x1024.png 1024w, https:\/\/www.liceomixto.cl\/sanfelipe\/wp-content\/uploads\/2020\/11\/foto-noticia-lpm-1811_Mesa-de-trabajo-1-300x300.png 300w, https:\/\/www.liceomixto.cl\/sanfelipe\/wp-content\/uploads\/2020\/11\/foto-noticia-lpm-1811_Mesa-de-trabajo-1-150x150.png 150w, https:\/\/www.liceomixto.cl\/sanfelipe\/wp-content\/uploads\/2020\/11\/foto-noticia-lpm-1811_Mesa-de-trabajo-1-768x768.png 768w, https:\/\/www.liceomixto.cl\/sanfelipe\/wp-content\/uploads\/2020\/11\/foto-noticia-lpm-1811_Mesa-de-trabajo-1.png 1200w\" sizes=\"(max-width: 750px) 100vw, 750px\" \/>\t\t\t\t\t\t\t\t\t\t\t\t\t\t\t<\/div>\n\t\t\t\t<\/div>\n\t\t\t\t\t<\/div>\n\t\t<\/div>\n\t\t\t\t\t<\/div>\n\t\t<\/section>\n\t\t\t\t<section class=\"elementor-section elementor-top-section elementor-element elementor-element-5112428 elementor-section-boxed elementor-section-height-default elementor-section-height-default\" data-id=\"5112428\" data-element_type=\"section\">\n\t\t\t\t\t\t<div class=\"elementor-container elementor-column-gap-default\">\n\t\t\t\t\t<div class=\"elementor-column elementor-col-100 elementor-top-column elementor-element elementor-element-3349a2c\" data-id=\"3349a2c\" data-element_type=\"column\">\n\t\t\t<div class=\"elementor-widget-wrap elementor-element-populated\">\n\t\t\t\t\t\t<div class=\"elementor-element elementor-element-2e67e49 elementor-widget elementor-widget-spacer\" data-id=\"2e67e49\" data-element_type=\"widget\" data-widget_type=\"spacer.default\">\n\t\t\t\t<div class=\"elementor-widget-container\">\n\t\t\t\t\t\t\t<div class=\"elementor-spacer\">\n\t\t\t<div class=\"elementor-spacer-inner\"><\/div>\n\t\t<\/div>\n\t\t\t\t\t\t<\/div>\n\t\t\t\t<\/div>\n\t\t\t\t\t<\/div>\n\t\t<\/div>\n\t\t\t\t\t<\/div>\n\t\t<\/section>\n\t\t\t\t<section class=\"elementor-section elementor-top-section elementor-element elementor-element-abe5040 elementor-section-boxed elementor-section-height-default elementor-section-height-default\" data-id=\"abe5040\" data-element_type=\"section\">\n\t\t\t\t\t\t<div class=\"elementor-container elementor-column-gap-default\">\n\t\t\t\t\t<div class=\"elementor-column elementor-col-100 elementor-top-column elementor-element elementor-element-b31721f\" data-id=\"b31721f\" data-element_type=\"column\">\n\t\t\t<div class=\"elementor-widget-wrap elementor-element-populated\">\n\t\t\t\t\t\t<div class=\"elementor-element elementor-element-1352da1 elementor-widget elementor-widget-text-editor\" data-id=\"1352da1\" data-element_type=\"widget\" data-widget_type=\"text-editor.default\">\n\t\t\t\t<div class=\"elementor-widget-container\">\n\t\t\t\t\t\t\t\t\t<p><strong>Tutorial de plataforma prematr\u00edcula<\/strong><\/p>\t\t\t\t\t\t\t\t<\/div>\n\t\t\t\t<\/div>\n\t\t\t\t\t<\/div>\n\t\t<\/div>\n\t\t\t\t\t<\/div>\n\t\t<\/section>\n\t\t\t\t<section class=\"elementor-section elementor-top-section elementor-element elementor-element-97391ba elementor-section-boxed elementor-section-height-default elementor-section-height-default\" data-id=\"97391ba\" data-element_type=\"section\">\n\t\t\t\t\t\t<div class=\"elementor-container elementor-column-gap-default\">\n\t\t\t\t\t<div class=\"elementor-column elementor-col-100 elementor-top-column elementor-element elementor-element-4d3bef6\" data-id=\"4d3bef6\" data-element_type=\"column\">\n\t\t\t<div class=\"elementor-widget-wrap elementor-element-populated\">\n\t\t\t\t\t\t<div class=\"elementor-element elementor-element-e715ce7 elementor-widget elementor-widget-video\" data-id=\"e715ce7\" data-element_type=\"widget\" data-settings=\"{&quot;youtube_url&quot;:&quot;https:\\\/\\\/youtu.be\\\/oCCOrrMApyc&quot;,&quot;video_type&quot;:&quot;youtube&quot;,&quot;controls&quot;:&quot;yes&quot;}\" data-widget_type=\"video.default\">\n\t\t\t\t<div class=\"elementor-widget-container\">\n\t\t\t\t\t\t\t<div class=\"elementor-wrapper elementor-open-inline\">\n\t\t\t<div class=\"elementor-video\"><\/div>\t\t<\/div>\n\t\t\t\t\t\t<\/div>\n\t\t\t\t<\/div>\n\t\t\t\t\t<\/div>\n\t\t<\/div>\n\t\t\t\t\t<\/div>\n\t\t<\/section>\n\t\t\t\t<\/div>\n\t\t","protected":false},"excerpt":{"rendered":"<p>En la p\u00e1gina web del colegio, donde adem\u00e1s se incorpor\u00f3 un video tutorial Como un servicio necesario, dada la contingencia sanitaria, el Liceo Mixto en Los Andes y San Felipe habilit\u00f3 en su p\u00e1gina web una plataforma online de prematr\u00edcula, con el objetivo de agilizar el posterior tr\u00e1mite presencial que [&hellip;]<\/p>\n","protected":false},"author":4,"featured_media":3466,"comment_status":"closed","ping_status":"open","sticky":false,"template":"","format":"standard","meta":{"footnotes":""},"categories":[4],"tags":[],"_links":{"self":[{"href":"https:\/\/www.liceomixto.cl\/sanfelipe\/wp-json\/wp\/v2\/posts\/3465"}],"collection":[{"href":"https:\/\/www.liceomixto.cl\/sanfelipe\/wp-json\/wp\/v2\/posts"}],"about":[{"href":"https:\/\/www.liceomixto.cl\/sanfelipe\/wp-json\/wp\/v2\/types\/post"}],"author":[{"embeddable":true,"href":"https:\/\/www.liceomixto.cl\/sanfelipe\/wp-json\/wp\/v2\/users\/4"}],"replies":[{"embeddable":true,"href":"https:\/\/www.liceomixto.cl\/sanfelipe\/wp-json\/wp\/v2\/comments?post=3465"}],"version-history":[{"count":4,"href":"https:\/\/www.liceomixto.cl\/sanfelipe\/wp-json\/wp\/v2\/posts\/3465\/revisions"}],"predecessor-version":[{"id":3471,"href":"https:\/\/www.liceomixto.cl\/sanfelipe\/wp-json\/wp\/v2\/posts\/3465\/revisions\/3471"}],"wp:featuredmedia":[{"embeddable":true,"href":"https:\/\/www.liceomixto.cl\/sanfelipe\/wp-json\/wp\/v2\/media\/3466"}],"wp:attachment":[{"href":"https:\/\/www.liceomixto.cl\/sanfelipe\/wp-json\/wp\/v2\/media?parent=3465"}],"wp:term":[{"taxonomy":"category","embeddable":true,"href":"https:\/\/www.liceomixto.cl\/sanfelipe\/wp-json\/wp\/v2\/categories?post=3465"},{"taxonomy":"post_tag","embeddable":true,"href":"https:\/\/www.liceomixto.cl\/sanfelipe\/wp-json\/wp\/v2\/tags?post=3465"}],"curies":[{"name":"wp","href":"https:\/\/api.w.org\/{rel}","templated":true}]}}