{"id":5292,"date":"2022-12-02T17:49:27","date_gmt":"2022-12-02T20:49:27","guid":{"rendered":"https:\/\/www.liceomixto.cl\/sanfelipe\/?p=5292"},"modified":"2025-08-06T12:11:41","modified_gmt":"2025-08-06T15:11:41","slug":"liceo-particular-mixto-san-felipe-realizo-titulacion-de-las-promociones-tp-2019-2020-y-2021","status":"publish","type":"post","link":"https:\/\/www.liceomixto.cl\/sanfelipe\/liceo-particular-mixto-san-felipe-realizo-titulacion-de-las-promociones-tp-2019-2020-y-2021\/","title":{"rendered":"Liceo Particular Mixto San Felipe realiz\u00f3 titulaci\u00f3n de las promociones TP 2019, 2020 y 2021"},"content":{"rendered":"\t\t<div data-elementor-type=\"wp-post\" data-elementor-id=\"5292\" class=\"elementor elementor-5292\">\n\t\t\t\t\t\t<section class=\"elementor-section elementor-top-section elementor-element elementor-element-4b1b6af elementor-section-boxed elementor-section-height-default elementor-section-height-default\" data-id=\"4b1b6af\" data-element_type=\"section\">\n\t\t\t\t\t\t<div class=\"elementor-container elementor-column-gap-default\">\n\t\t\t\t\t<div class=\"elementor-column elementor-col-100 elementor-top-column elementor-element elementor-element-9f587de\" data-id=\"9f587de\" data-element_type=\"column\">\n\t\t\t<div class=\"elementor-widget-wrap elementor-element-populated\">\n\t\t\t\t\t\t<div class=\"elementor-element elementor-element-89b8eab elementor-widget elementor-widget-text-editor\" data-id=\"89b8eab\" data-element_type=\"widget\" data-widget_type=\"text-editor.default\">\n\t\t\t\t<div class=\"elementor-widget-container\">\n\t\t\t\t\t\t\t\t\t<p>El Liceo Particular Mixto San Felipe realiz\u00f3 la ceremonia de titulaci\u00f3n de sus estudiantes de carreras t\u00e9cnico profesionales de las promociones 2019, 2020 y 2021. Ya egresados, ansiaban vivir este momento que se vio postergado por el estallido social y luego por la pandemia del Covid 19.<\/p><p>Alice Celed\u00f3n, coordinadora del \u00e1rea t\u00e9cnico profesional de la Corporaci\u00f3n Monte Aconcagua, manifest\u00f3 su satisfacci\u00f3n por la realizaci\u00f3n de esta ceremonia. \u201cComo instituci\u00f3n no pod\u00edamos dejar pasar un hito tan importante para estos chicos. Este es un gran momento de sus vidas y un motivo de enorme orgullo para ellos y sus familias\u201d, subray\u00f3.<span>\u00a0<\/span><\/p><p>Jennifer Delgado, egresada como Asistente de P\u00e1rvulos en 2019, no ocult\u00f3 su alegr\u00eda. \u201cAhora tengo un t\u00edtulo con el cual voy a poder trabajar en lo que yo quiero y eso en gran medida se lo debo a este colegio\u201d, afirm\u00f3.\u00a0<\/p><p>Ivania Romo, titulada de Qu\u00edmica Industrial en 2021, se mostr\u00f3 orgullosa, contenta y agradecida. \u201cNunca voy a olvidar el colegio, ni el apoyo de los docentes y ahora al recibir el t\u00edtulo siento que me super\u00e9 como persona\u201d, dijo.\u00a0Cristina Astudillo, mam\u00e1 de Ivania, resumi\u00f3 lo vivido en este tiempo. \u201cLa pandemia fue dif\u00edcil para todos, por eso el que haya culminado este proceso de manera tan maravillosa es gratificante para una como madre\u201d, se\u00f1al\u00f3.<\/p><p>Felipe Carvajal, titulado de Refrigeraci\u00f3n y Climatizaci\u00f3n, destac\u00f3 el valor de su t\u00edtulo. \u201cEs algo importante en la vida. Adem\u00e1s, el colegio me apoy\u00f3 en un momento dif\u00edcil que pas\u00e9\u201d, indic\u00f3. Su padre, Miguel Carvajal, se mostr\u00f3 orgulloso y agradecido. \u201cEste es un gran colegio, no hay nada m\u00e1s que decir, ac\u00e1 nunca tuvimos un problema\u201d, subray\u00f3.<\/p>\t\t\t\t\t\t\t\t<\/div>\n\t\t\t\t<\/div>\n\t\t\t\t<div class=\"elementor-element elementor-element-b9e5e55 elementor-widget elementor-widget-image\" data-id=\"b9e5e55\" data-element_type=\"widget\" data-widget_type=\"image.default\">\n\t\t\t\t<div class=\"elementor-widget-container\">\n\t\t\t\t\t\t\t\t\t\t\t\t\t\t\t<img fetchpriority=\"high\" decoding=\"async\" width=\"750\" height=\"527\" src=\"https:\/\/www.liceomixto.cl\/sanfelipe\/wp-content\/uploads\/2022\/12\/IMG-4965-1024x719.jpg\" class=\"attachment-large size-large wp-image-5302\" alt=\"\" srcset=\"https:\/\/www.liceomixto.cl\/sanfelipe\/wp-content\/uploads\/2022\/12\/IMG-4965-1024x719.jpg 1024w, https:\/\/www.liceomixto.cl\/sanfelipe\/wp-content\/uploads\/2022\/12\/IMG-4965-300x211.jpg 300w, https:\/\/www.liceomixto.cl\/sanfelipe\/wp-content\/uploads\/2022\/12\/IMG-4965-768x540.jpg 768w, https:\/\/www.liceomixto.cl\/sanfelipe\/wp-content\/uploads\/2022\/12\/IMG-4965-1536x1079.jpg 1536w, https:\/\/www.liceomixto.cl\/sanfelipe\/wp-content\/uploads\/2022\/12\/IMG-4965-2048x1439.jpg 2048w\" sizes=\"(max-width: 750px) 100vw, 750px\" \/>\t\t\t\t\t\t\t\t\t\t\t\t\t\t\t<\/div>\n\t\t\t\t<\/div>\n\t\t\t\t<div class=\"elementor-element elementor-element-a90122f elementor-widget elementor-widget-image\" data-id=\"a90122f\" data-element_type=\"widget\" data-widget_type=\"image.default\">\n\t\t\t\t<div class=\"elementor-widget-container\">\n\t\t\t\t\t\t\t\t\t\t\t\t\t\t\t<img decoding=\"async\" width=\"750\" height=\"444\" data-src=\"https:\/\/www.liceomixto.cl\/sanfelipe\/wp-content\/uploads\/2022\/12\/IMG-4957-1024x606.jpg\" class=\"attachment-large size-large wp-image-5301 lazyload\" alt=\"\" data-srcset=\"https:\/\/www.liceomixto.cl\/sanfelipe\/wp-content\/uploads\/2022\/12\/IMG-4957-1024x606.jpg 1024w, https:\/\/www.liceomixto.cl\/sanfelipe\/wp-content\/uploads\/2022\/12\/IMG-4957-300x177.jpg 300w, https:\/\/www.liceomixto.cl\/sanfelipe\/wp-content\/uploads\/2022\/12\/IMG-4957-768x454.jpg 768w, https:\/\/www.liceomixto.cl\/sanfelipe\/wp-content\/uploads\/2022\/12\/IMG-4957-1536x909.jpg 1536w, https:\/\/www.liceomixto.cl\/sanfelipe\/wp-content\/uploads\/2022\/12\/IMG-4957-2048x1212.jpg 2048w\" data-sizes=\"(max-width: 750px) 100vw, 750px\" src=\"data:image\/gif;base64,R0lGODlhAQABAAAAACH5BAEKAAEALAAAAAABAAEAAAICTAEAOw==\" style=\"--smush-placeholder-width: 750px; --smush-placeholder-aspect-ratio: 750\/444;\" \/>\t\t\t\t\t\t\t\t\t\t\t\t\t\t\t<\/div>\n\t\t\t\t<\/div>\n\t\t\t\t<div class=\"elementor-element elementor-element-082e9d8 elementor-widget elementor-widget-image\" data-id=\"082e9d8\" data-element_type=\"widget\" data-widget_type=\"image.default\">\n\t\t\t\t<div class=\"elementor-widget-container\">\n\t\t\t\t\t\t\t\t\t\t\t\t\t\t\t<img decoding=\"async\" width=\"750\" height=\"505\" data-src=\"https:\/\/www.liceomixto.cl\/sanfelipe\/wp-content\/uploads\/2022\/12\/IMG-4950-1024x689.jpg\" class=\"attachment-large size-large wp-image-5300 lazyload\" alt=\"\" data-srcset=\"https:\/\/www.liceomixto.cl\/sanfelipe\/wp-content\/uploads\/2022\/12\/IMG-4950-1024x689.jpg 1024w, https:\/\/www.liceomixto.cl\/sanfelipe\/wp-content\/uploads\/2022\/12\/IMG-4950-300x202.jpg 300w, https:\/\/www.liceomixto.cl\/sanfelipe\/wp-content\/uploads\/2022\/12\/IMG-4950-768x517.jpg 768w, https:\/\/www.liceomixto.cl\/sanfelipe\/wp-content\/uploads\/2022\/12\/IMG-4950-1536x1034.jpg 1536w, https:\/\/www.liceomixto.cl\/sanfelipe\/wp-content\/uploads\/2022\/12\/IMG-4950-2048x1379.jpg 2048w\" data-sizes=\"(max-width: 750px) 100vw, 750px\" src=\"data:image\/gif;base64,R0lGODlhAQABAAAAACH5BAEKAAEALAAAAAABAAEAAAICTAEAOw==\" style=\"--smush-placeholder-width: 750px; --smush-placeholder-aspect-ratio: 750\/505;\" \/>\t\t\t\t\t\t\t\t\t\t\t\t\t\t\t<\/div>\n\t\t\t\t<\/div>\n\t\t\t\t<div class=\"elementor-element elementor-element-85ab817 elementor-widget elementor-widget-image\" data-id=\"85ab817\" data-element_type=\"widget\" data-widget_type=\"image.default\">\n\t\t\t\t<div class=\"elementor-widget-container\">\n\t\t\t\t\t\t\t\t\t\t\t\t\t\t\t<img decoding=\"async\" width=\"750\" height=\"521\" data-src=\"https:\/\/www.liceomixto.cl\/sanfelipe\/wp-content\/uploads\/2022\/12\/IMG-4940-1024x711.jpg\" class=\"attachment-large size-large wp-image-5298 lazyload\" alt=\"\" data-srcset=\"https:\/\/www.liceomixto.cl\/sanfelipe\/wp-content\/uploads\/2022\/12\/IMG-4940-1024x711.jpg 1024w, https:\/\/www.liceomixto.cl\/sanfelipe\/wp-content\/uploads\/2022\/12\/IMG-4940-300x208.jpg 300w, https:\/\/www.liceomixto.cl\/sanfelipe\/wp-content\/uploads\/2022\/12\/IMG-4940-768x533.jpg 768w, https:\/\/www.liceomixto.cl\/sanfelipe\/wp-content\/uploads\/2022\/12\/IMG-4940-1536x1066.jpg 1536w, https:\/\/www.liceomixto.cl\/sanfelipe\/wp-content\/uploads\/2022\/12\/IMG-4940-2048x1422.jpg 2048w\" data-sizes=\"(max-width: 750px) 100vw, 750px\" src=\"data:image\/gif;base64,R0lGODlhAQABAAAAACH5BAEKAAEALAAAAAABAAEAAAICTAEAOw==\" style=\"--smush-placeholder-width: 750px; --smush-placeholder-aspect-ratio: 750\/521;\" \/>\t\t\t\t\t\t\t\t\t\t\t\t\t\t\t<\/div>\n\t\t\t\t<\/div>\n\t\t\t\t<div class=\"elementor-element elementor-element-bc7932b elementor-widget elementor-widget-image\" data-id=\"bc7932b\" data-element_type=\"widget\" data-widget_type=\"image.default\">\n\t\t\t\t<div class=\"elementor-widget-container\">\n\t\t\t\t\t\t\t\t\t\t\t\t\t\t\t<img decoding=\"async\" width=\"750\" height=\"510\" data-src=\"https:\/\/www.liceomixto.cl\/sanfelipe\/wp-content\/uploads\/2022\/12\/IMG-4939-1024x697.jpg\" class=\"attachment-large size-large wp-image-5297 lazyload\" alt=\"\" data-srcset=\"https:\/\/www.liceomixto.cl\/sanfelipe\/wp-content\/uploads\/2022\/12\/IMG-4939-1024x697.jpg 1024w, https:\/\/www.liceomixto.cl\/sanfelipe\/wp-content\/uploads\/2022\/12\/IMG-4939-300x204.jpg 300w, https:\/\/www.liceomixto.cl\/sanfelipe\/wp-content\/uploads\/2022\/12\/IMG-4939-768x522.jpg 768w, https:\/\/www.liceomixto.cl\/sanfelipe\/wp-content\/uploads\/2022\/12\/IMG-4939-1536x1045.jpg 1536w, https:\/\/www.liceomixto.cl\/sanfelipe\/wp-content\/uploads\/2022\/12\/IMG-4939-2048x1393.jpg 2048w\" data-sizes=\"(max-width: 750px) 100vw, 750px\" src=\"data:image\/gif;base64,R0lGODlhAQABAAAAACH5BAEKAAEALAAAAAABAAEAAAICTAEAOw==\" style=\"--smush-placeholder-width: 750px; --smush-placeholder-aspect-ratio: 750\/510;\" \/>\t\t\t\t\t\t\t\t\t\t\t\t\t\t\t<\/div>\n\t\t\t\t<\/div>\n\t\t\t\t<div class=\"elementor-element elementor-element-879dc1f elementor-widget elementor-widget-image\" data-id=\"879dc1f\" data-element_type=\"widget\" data-widget_type=\"image.default\">\n\t\t\t\t<div class=\"elementor-widget-container\">\n\t\t\t\t\t\t\t\t\t\t\t\t\t\t\t<img decoding=\"async\" width=\"750\" height=\"511\" data-src=\"https:\/\/www.liceomixto.cl\/sanfelipe\/wp-content\/uploads\/2022\/12\/IMG-4938-1024x698.jpg\" class=\"attachment-large size-large wp-image-5296 lazyload\" alt=\"\" data-srcset=\"https:\/\/www.liceomixto.cl\/sanfelipe\/wp-content\/uploads\/2022\/12\/IMG-4938-1024x698.jpg 1024w, https:\/\/www.liceomixto.cl\/sanfelipe\/wp-content\/uploads\/2022\/12\/IMG-4938-300x204.jpg 300w, https:\/\/www.liceomixto.cl\/sanfelipe\/wp-content\/uploads\/2022\/12\/IMG-4938-768x523.jpg 768w, https:\/\/www.liceomixto.cl\/sanfelipe\/wp-content\/uploads\/2022\/12\/IMG-4938-1536x1046.jpg 1536w, https:\/\/www.liceomixto.cl\/sanfelipe\/wp-content\/uploads\/2022\/12\/IMG-4938-2048x1395.jpg 2048w\" data-sizes=\"(max-width: 750px) 100vw, 750px\" src=\"data:image\/gif;base64,R0lGODlhAQABAAAAACH5BAEKAAEALAAAAAABAAEAAAICTAEAOw==\" style=\"--smush-placeholder-width: 750px; --smush-placeholder-aspect-ratio: 750\/511;\" \/>\t\t\t\t\t\t\t\t\t\t\t\t\t\t\t<\/div>\n\t\t\t\t<\/div>\n\t\t\t\t<div class=\"elementor-element elementor-element-79bfd4c elementor-widget elementor-widget-image\" data-id=\"79bfd4c\" data-element_type=\"widget\" data-widget_type=\"image.default\">\n\t\t\t\t<div class=\"elementor-widget-container\">\n\t\t\t\t\t\t\t\t\t\t\t\t\t\t\t<img decoding=\"async\" width=\"750\" height=\"463\" data-src=\"https:\/\/www.liceomixto.cl\/sanfelipe\/wp-content\/uploads\/2022\/12\/IMG-4937-1024x632.jpg\" class=\"attachment-large size-large wp-image-5295 lazyload\" alt=\"\" data-srcset=\"https:\/\/www.liceomixto.cl\/sanfelipe\/wp-content\/uploads\/2022\/12\/IMG-4937-1024x632.jpg 1024w, https:\/\/www.liceomixto.cl\/sanfelipe\/wp-content\/uploads\/2022\/12\/IMG-4937-300x185.jpg 300w, https:\/\/www.liceomixto.cl\/sanfelipe\/wp-content\/uploads\/2022\/12\/IMG-4937-768x474.jpg 768w, https:\/\/www.liceomixto.cl\/sanfelipe\/wp-content\/uploads\/2022\/12\/IMG-4937-1536x949.jpg 1536w, https:\/\/www.liceomixto.cl\/sanfelipe\/wp-content\/uploads\/2022\/12\/IMG-4937-2048x1265.jpg 2048w\" data-sizes=\"(max-width: 750px) 100vw, 750px\" src=\"data:image\/gif;base64,R0lGODlhAQABAAAAACH5BAEKAAEALAAAAAABAAEAAAICTAEAOw==\" style=\"--smush-placeholder-width: 750px; --smush-placeholder-aspect-ratio: 750\/463;\" \/>\t\t\t\t\t\t\t\t\t\t\t\t\t\t\t<\/div>\n\t\t\t\t<\/div>\n\t\t\t\t<div class=\"elementor-element elementor-element-a90db4b elementor-widget elementor-widget-image\" data-id=\"a90db4b\" data-element_type=\"widget\" data-widget_type=\"image.default\">\n\t\t\t\t<div class=\"elementor-widget-container\">\n\t\t\t\t\t\t\t\t\t\t\t\t\t\t\t<img decoding=\"async\" width=\"750\" height=\"524\" data-src=\"https:\/\/www.liceomixto.cl\/sanfelipe\/wp-content\/uploads\/2022\/12\/IMG-4936-1024x716.jpg\" class=\"attachment-large size-large wp-image-5294 lazyload\" alt=\"\" data-srcset=\"https:\/\/www.liceomixto.cl\/sanfelipe\/wp-content\/uploads\/2022\/12\/IMG-4936-1024x716.jpg 1024w, https:\/\/www.liceomixto.cl\/sanfelipe\/wp-content\/uploads\/2022\/12\/IMG-4936-300x210.jpg 300w, https:\/\/www.liceomixto.cl\/sanfelipe\/wp-content\/uploads\/2022\/12\/IMG-4936-768x537.jpg 768w, https:\/\/www.liceomixto.cl\/sanfelipe\/wp-content\/uploads\/2022\/12\/IMG-4936-1536x1074.jpg 1536w, https:\/\/www.liceomixto.cl\/sanfelipe\/wp-content\/uploads\/2022\/12\/IMG-4936-2048x1431.jpg 2048w\" data-sizes=\"(max-width: 750px) 100vw, 750px\" src=\"data:image\/gif;base64,R0lGODlhAQABAAAAACH5BAEKAAEALAAAAAABAAEAAAICTAEAOw==\" style=\"--smush-placeholder-width: 750px; --smush-placeholder-aspect-ratio: 750\/524;\" \/>\t\t\t\t\t\t\t\t\t\t\t\t\t\t\t<\/div>\n\t\t\t\t<\/div>\n\t\t\t\t<div class=\"elementor-element elementor-element-cd22285 elementor-widget elementor-widget-image\" data-id=\"cd22285\" data-element_type=\"widget\" data-widget_type=\"image.default\">\n\t\t\t\t<div class=\"elementor-widget-container\">\n\t\t\t\t\t\t\t\t\t\t\t\t\t\t\t<img decoding=\"async\" width=\"750\" height=\"474\" data-src=\"https:\/\/www.liceomixto.cl\/sanfelipe\/wp-content\/uploads\/2022\/12\/IMG-4927-1024x647.jpg\" class=\"attachment-large size-large wp-image-5293 lazyload\" alt=\"\" data-srcset=\"https:\/\/www.liceomixto.cl\/sanfelipe\/wp-content\/uploads\/2022\/12\/IMG-4927-1024x647.jpg 1024w, https:\/\/www.liceomixto.cl\/sanfelipe\/wp-content\/uploads\/2022\/12\/IMG-4927-300x189.jpg 300w, https:\/\/www.liceomixto.cl\/sanfelipe\/wp-content\/uploads\/2022\/12\/IMG-4927-768x485.jpg 768w, https:\/\/www.liceomixto.cl\/sanfelipe\/wp-content\/uploads\/2022\/12\/IMG-4927-1536x970.jpg 1536w, https:\/\/www.liceomixto.cl\/sanfelipe\/wp-content\/uploads\/2022\/12\/IMG-4927-2048x1293.jpg 2048w\" data-sizes=\"(max-width: 750px) 100vw, 750px\" src=\"data:image\/gif;base64,R0lGODlhAQABAAAAACH5BAEKAAEALAAAAAABAAEAAAICTAEAOw==\" style=\"--smush-placeholder-width: 750px; --smush-placeholder-aspect-ratio: 750\/474;\" \/>\t\t\t\t\t\t\t\t\t\t\t\t\t\t\t<\/div>\n\t\t\t\t<\/div>\n\t\t\t\t\t<\/div>\n\t\t<\/div>\n\t\t\t\t\t<\/div>\n\t\t<\/section>\n\t\t\t\t<\/div>\n\t\t","protected":false},"excerpt":{"rendered":"<p>El Liceo Particular Mixto San Felipe realiz\u00f3 la ceremonia de titulaci\u00f3n de sus estudiantes de carreras t\u00e9cnico profesionales de las promociones 2019, 2020 y 2021. Ya egresados, ansiaban vivir este momento que se vio postergado por el estallido social y luego por la pandemia del Covid 19. Alice Celed\u00f3n, coordinadora [&hellip;]<\/p>\n","protected":false},"author":4,"featured_media":5294,"comment_status":"closed","ping_status":"open","sticky":false,"template":"","format":"standard","meta":{"footnotes":""},"categories":[4,3],"tags":[],"_links":{"self":[{"href":"https:\/\/www.liceomixto.cl\/sanfelipe\/wp-json\/wp\/v2\/posts\/5292"}],"collection":[{"href":"https:\/\/www.liceomixto.cl\/sanfelipe\/wp-json\/wp\/v2\/posts"}],"about":[{"href":"https:\/\/www.liceomixto.cl\/sanfelipe\/wp-json\/wp\/v2\/types\/post"}],"author":[{"embeddable":true,"href":"https:\/\/www.liceomixto.cl\/sanfelipe\/wp-json\/wp\/v2\/users\/4"}],"replies":[{"embeddable":true,"href":"https:\/\/www.liceomixto.cl\/sanfelipe\/wp-json\/wp\/v2\/comments?post=5292"}],"version-history":[{"count":7,"href":"https:\/\/www.liceomixto.cl\/sanfelipe\/wp-json\/wp\/v2\/posts\/5292\/revisions"}],"predecessor-version":[{"id":5309,"href":"https:\/\/www.liceomixto.cl\/sanfelipe\/wp-json\/wp\/v2\/posts\/5292\/revisions\/5309"}],"wp:featuredmedia":[{"embeddable":true,"href":"https:\/\/www.liceomixto.cl\/sanfelipe\/wp-json\/wp\/v2\/media\/5294"}],"wp:attachment":[{"href":"https:\/\/www.liceomixto.cl\/sanfelipe\/wp-json\/wp\/v2\/media?parent=5292"}],"wp:term":[{"taxonomy":"category","embeddable":true,"href":"https:\/\/www.liceomixto.cl\/sanfelipe\/wp-json\/wp\/v2\/categories?post=5292"},{"taxonomy":"post_tag","embeddable":true,"href":"https:\/\/www.liceomixto.cl\/sanfelipe\/wp-json\/wp\/v2\/tags?post=5292"}],"curies":[{"name":"wp","href":"https:\/\/api.w.org\/{rel}","templated":true}]}}