{"id":5888,"date":"2023-05-25T12:50:00","date_gmt":"2023-05-25T15:50:00","guid":{"rendered":"https:\/\/www.liceomixto.cl\/sanfelipe\/?p=5888"},"modified":"2025-08-06T12:11:20","modified_gmt":"2025-08-06T15:11:20","slug":"estudiantes-del-liceo-mixto-se-lucieron-en-muestra-cientifica-desarrollada-en-la-pucv","status":"publish","type":"post","link":"https:\/\/www.liceomixto.cl\/sanfelipe\/estudiantes-del-liceo-mixto-se-lucieron-en-muestra-cientifica-desarrollada-en-la-pucv\/","title":{"rendered":"Estudiantes del Liceo Mixto se lucieron en muestra cient\u00edfica desarrollada en la PUCV"},"content":{"rendered":"<div id=\":s9\" class=\"ii gt\" jslog=\"20277; u014N:xr6bB; 1:WyIjdGhyZWFkLWE6ci0yMDMzNDc0MDM2MzMxMTg5NjA1IixudWxsLG51bGwsbnVsbCxudWxsLG51bGwsbnVsbCxudWxsLG51bGwsbnVsbCxudWxsLG51bGwsbnVsbCxbXV0.; 4:WyIjbXNnLWE6ci0zOTk2NTEwMDU3Mjk3OTkxOTUiLG51bGwsW11d\">\n<div id=\":t1\" class=\"a3s aiL \">\n<div dir=\"ltr\">\n<div>\n<p>Con el proyecto de reciclaje de basura org\u00e1nica denominado Basura Invertida estudiantes de sexto a\u00f1o b\u00e1sico C del Liceo Particular Mixto San Felipe se lucieron con muy buenos comentarios en la Muestra de Aprendizaje del Programa de Indagaci\u00f3n Cient\u00edfica para la Educaci\u00f3n y la Ciencia desarrollada por la Pontificia Universidad Cat\u00f3lica de Valpara\u00edso (PUCV).<\/p>\n<p>El proyecto de los estudiantes del Mixto considera reducir y reutilizar la basura org\u00e1nica que se produce en el Colegio, como lo se\u00f1ala Pamela Hern\u00e1ndez, profesora de ciencias. \u201cLos ni\u00f1os al inicio investigaron sobre la contaminaci\u00f3n a nivel mundial, luego hicieron una encuesta destinada a saber cu\u00e1l era la basura que m\u00e1s se produce en el Colegio, llegando a la conclusi\u00f3n que es la org\u00e1nica, finalmente como curso decidieron que hacer compost es la soluci\u00f3n definitiva al problema\u201d, manifest\u00f3 la profesional.<\/p>\n<p>En funci\u00f3n de lo anterior ya se decidi\u00f3 un lugar del establecimiento donde se va a producir el compost. \u201cVamos a armar composteras y cada ni\u00f1o va a hacer basureros con botellas reutilizadas para que el resto de sus compa\u00f1eros del Colegio depositen ah\u00ed los desechos de fruta y la idea es de aqu\u00ed a diciembre tener abono\u201d, asegur\u00f3 la docente, quien record\u00f3 que a Valpara\u00edso asistieron cinco alumnos representando al resto del curso.<\/p>\n<p>En cuanto al resultado de la participaci\u00f3n del Colegio la profesora fue enf\u00e1tica en sostener que \u201cnos fue muy bien, de hecho nos felicitaron por parte de la Secretar\u00eda Ministerial de Educaci\u00f3n por lo interesante del proyecto y se sorprendieron, asimismo, que ni\u00f1os de sexto b\u00e1sico pudieran implementar solos esta indagatoria\u201d, afirm\u00f3, junto con indicar que les entregaron un diploma, adem\u00e1s, como valor agregado, recibieron clases por parte de acad\u00e9micos de la universidad en relaci\u00f3n a la indagaci\u00f3n cient\u00edfica y visitaron un domo astron\u00f3mico.<\/p>\n<p>Agust\u00edn Collao, uno de los estudiantes que asistieron a la muestra en Valpara\u00edso, indic\u00f3 que aprendieron mucho de la actividad. \u201cFue muy bonito poder presentar nuestro proyecto y que a todos les gustara, siendo que hab\u00eda varios colegios de la Regi\u00f3n\u201d, afirm\u00f3 orgulloso. A su lado Lya Torcate indic\u00f3 que el d\u00eda fue inolvidable. \u201cnos trataron muy bien y alabaron mucho nuestro proyecto\u201d, se\u00f1al\u00f3. Los otros chicos que viajaron a la capital regional fueron Byron Silva, Branyelis Malave y Ver\u00f3nica Riera.<b><span style=\"font-size: large;\"><br \/>\n<\/span><\/b><\/p>\n<\/div>\n<\/div>\n<div><img fetchpriority=\"high\" decoding=\"async\" src=\"https:\/\/www.liceomixto.cl\/sanfelipe\/wp-content\/uploads\/2023\/05\/IMG_2382-300x178.jpg\" alt=\"\" width=\"300\" height=\"178\" class=\"alignnone size-medium wp-image-5898\" srcset=\"https:\/\/www.liceomixto.cl\/sanfelipe\/wp-content\/uploads\/2023\/05\/IMG_2382-300x178.jpg 300w, https:\/\/www.liceomixto.cl\/sanfelipe\/wp-content\/uploads\/2023\/05\/IMG_2382-1024x609.jpg 1024w, https:\/\/www.liceomixto.cl\/sanfelipe\/wp-content\/uploads\/2023\/05\/IMG_2382-768x457.jpg 768w, https:\/\/www.liceomixto.cl\/sanfelipe\/wp-content\/uploads\/2023\/05\/IMG_2382-1536x914.jpg 1536w, https:\/\/www.liceomixto.cl\/sanfelipe\/wp-content\/uploads\/2023\/05\/IMG_2382-2048x1218.jpg 2048w\" sizes=\"(max-width: 300px) 100vw, 300px\" \/> <img decoding=\"async\" data-src=\"https:\/\/www.liceomixto.cl\/sanfelipe\/wp-content\/uploads\/2023\/05\/IMG_2393-300x269.jpg\" alt=\"\" width=\"300\" height=\"269\" class=\"alignnone size-medium wp-image-5897 lazyload\" data-srcset=\"https:\/\/www.liceomixto.cl\/sanfelipe\/wp-content\/uploads\/2023\/05\/IMG_2393-300x269.jpg 300w, https:\/\/www.liceomixto.cl\/sanfelipe\/wp-content\/uploads\/2023\/05\/IMG_2393-1024x919.jpg 1024w, https:\/\/www.liceomixto.cl\/sanfelipe\/wp-content\/uploads\/2023\/05\/IMG_2393-768x690.jpg 768w, https:\/\/www.liceomixto.cl\/sanfelipe\/wp-content\/uploads\/2023\/05\/IMG_2393-1536x1379.jpg 1536w, https:\/\/www.liceomixto.cl\/sanfelipe\/wp-content\/uploads\/2023\/05\/IMG_2393-2048x1839.jpg 2048w\" data-sizes=\"(max-width: 300px) 100vw, 300px\" src=\"data:image\/gif;base64,R0lGODlhAQABAAAAACH5BAEKAAEALAAAAAABAAEAAAICTAEAOw==\" style=\"--smush-placeholder-width: 300px; --smush-placeholder-aspect-ratio: 300\/269;\" \/> <img decoding=\"async\" data-src=\"https:\/\/www.liceomixto.cl\/sanfelipe\/wp-content\/uploads\/2023\/05\/IMG_2387-300x192.jpg\" alt=\"\" width=\"300\" height=\"192\" class=\"alignnone size-medium wp-image-5896 lazyload\" data-srcset=\"https:\/\/www.liceomixto.cl\/sanfelipe\/wp-content\/uploads\/2023\/05\/IMG_2387-300x192.jpg 300w, https:\/\/www.liceomixto.cl\/sanfelipe\/wp-content\/uploads\/2023\/05\/IMG_2387-1024x656.jpg 1024w, https:\/\/www.liceomixto.cl\/sanfelipe\/wp-content\/uploads\/2023\/05\/IMG_2387-768x492.jpg 768w, https:\/\/www.liceomixto.cl\/sanfelipe\/wp-content\/uploads\/2023\/05\/IMG_2387-1536x984.jpg 1536w, https:\/\/www.liceomixto.cl\/sanfelipe\/wp-content\/uploads\/2023\/05\/IMG_2387-2048x1313.jpg 2048w\" data-sizes=\"(max-width: 300px) 100vw, 300px\" src=\"data:image\/gif;base64,R0lGODlhAQABAAAAACH5BAEKAAEALAAAAAABAAEAAAICTAEAOw==\" style=\"--smush-placeholder-width: 300px; --smush-placeholder-aspect-ratio: 300\/192;\" \/> <img decoding=\"async\" data-src=\"https:\/\/www.liceomixto.cl\/sanfelipe\/wp-content\/uploads\/2023\/05\/IMG_2383-300x191.jpg\" alt=\"\" width=\"300\" height=\"191\" class=\"alignnone size-medium wp-image-5895 lazyload\" data-srcset=\"https:\/\/www.liceomixto.cl\/sanfelipe\/wp-content\/uploads\/2023\/05\/IMG_2383-300x191.jpg 300w, https:\/\/www.liceomixto.cl\/sanfelipe\/wp-content\/uploads\/2023\/05\/IMG_2383-1024x652.jpg 1024w, https:\/\/www.liceomixto.cl\/sanfelipe\/wp-content\/uploads\/2023\/05\/IMG_2383-768x489.jpg 768w, https:\/\/www.liceomixto.cl\/sanfelipe\/wp-content\/uploads\/2023\/05\/IMG_2383-1536x979.jpg 1536w, https:\/\/www.liceomixto.cl\/sanfelipe\/wp-content\/uploads\/2023\/05\/IMG_2383-2048x1305.jpg 2048w\" data-sizes=\"(max-width: 300px) 100vw, 300px\" src=\"data:image\/gif;base64,R0lGODlhAQABAAAAACH5BAEKAAEALAAAAAABAAEAAAICTAEAOw==\" style=\"--smush-placeholder-width: 300px; --smush-placeholder-aspect-ratio: 300\/191;\" \/> <img decoding=\"async\" data-src=\"https:\/\/www.liceomixto.cl\/sanfelipe\/wp-content\/uploads\/2023\/05\/IMG_2391-300x225.jpg\" alt=\"\" width=\"300\" height=\"225\" class=\"alignnone size-medium wp-image-5894 lazyload\" data-srcset=\"https:\/\/www.liceomixto.cl\/sanfelipe\/wp-content\/uploads\/2023\/05\/IMG_2391-300x225.jpg 300w, https:\/\/www.liceomixto.cl\/sanfelipe\/wp-content\/uploads\/2023\/05\/IMG_2391-1024x768.jpg 1024w, https:\/\/www.liceomixto.cl\/sanfelipe\/wp-content\/uploads\/2023\/05\/IMG_2391-768x576.jpg 768w, https:\/\/www.liceomixto.cl\/sanfelipe\/wp-content\/uploads\/2023\/05\/IMG_2391-1536x1152.jpg 1536w, https:\/\/www.liceomixto.cl\/sanfelipe\/wp-content\/uploads\/2023\/05\/IMG_2391-2048x1536.jpg 2048w\" data-sizes=\"(max-width: 300px) 100vw, 300px\" src=\"data:image\/gif;base64,R0lGODlhAQABAAAAACH5BAEKAAEALAAAAAABAAEAAAICTAEAOw==\" style=\"--smush-placeholder-width: 300px; --smush-placeholder-aspect-ratio: 300\/225;\" \/> <img decoding=\"async\" data-src=\"https:\/\/www.liceomixto.cl\/sanfelipe\/wp-content\/uploads\/2023\/05\/IMG_2395-300x225.jpg\" alt=\"\" width=\"300\" height=\"225\" class=\"alignnone size-medium wp-image-5893 lazyload\" data-srcset=\"https:\/\/www.liceomixto.cl\/sanfelipe\/wp-content\/uploads\/2023\/05\/IMG_2395-300x225.jpg 300w, https:\/\/www.liceomixto.cl\/sanfelipe\/wp-content\/uploads\/2023\/05\/IMG_2395-1024x768.jpg 1024w, https:\/\/www.liceomixto.cl\/sanfelipe\/wp-content\/uploads\/2023\/05\/IMG_2395-768x576.jpg 768w, https:\/\/www.liceomixto.cl\/sanfelipe\/wp-content\/uploads\/2023\/05\/IMG_2395-1536x1152.jpg 1536w, https:\/\/www.liceomixto.cl\/sanfelipe\/wp-content\/uploads\/2023\/05\/IMG_2395-2048x1536.jpg 2048w\" data-sizes=\"(max-width: 300px) 100vw, 300px\" src=\"data:image\/gif;base64,R0lGODlhAQABAAAAACH5BAEKAAEALAAAAAABAAEAAAICTAEAOw==\" style=\"--smush-placeholder-width: 300px; --smush-placeholder-aspect-ratio: 300\/225;\" \/> <img decoding=\"async\" data-src=\"https:\/\/www.liceomixto.cl\/sanfelipe\/wp-content\/uploads\/2023\/05\/IMG_2398-300x244.jpg\" alt=\"\" width=\"300\" height=\"244\" class=\"alignnone size-medium wp-image-5892 lazyload\" data-srcset=\"https:\/\/www.liceomixto.cl\/sanfelipe\/wp-content\/uploads\/2023\/05\/IMG_2398-300x244.jpg 300w, https:\/\/www.liceomixto.cl\/sanfelipe\/wp-content\/uploads\/2023\/05\/IMG_2398-1024x834.jpg 1024w, https:\/\/www.liceomixto.cl\/sanfelipe\/wp-content\/uploads\/2023\/05\/IMG_2398-768x626.jpg 768w, https:\/\/www.liceomixto.cl\/sanfelipe\/wp-content\/uploads\/2023\/05\/IMG_2398-1536x1251.jpg 1536w, https:\/\/www.liceomixto.cl\/sanfelipe\/wp-content\/uploads\/2023\/05\/IMG_2398-2048x1668.jpg 2048w\" data-sizes=\"(max-width: 300px) 100vw, 300px\" src=\"data:image\/gif;base64,R0lGODlhAQABAAAAACH5BAEKAAEALAAAAAABAAEAAAICTAEAOw==\" style=\"--smush-placeholder-width: 300px; --smush-placeholder-aspect-ratio: 300\/244;\" \/><\/div>\n<div class=\"yj6qo\"><\/div>\n<div class=\"adL\"><\/div>\n<\/div>\n<\/div>\n","protected":false},"excerpt":{"rendered":"<p>Con el proyecto de reciclaje de basura org\u00e1nica denominado Basura Invertida estudiantes de sexto a\u00f1o b\u00e1sico C del Liceo Particular Mixto San Felipe se lucieron con muy buenos comentarios en la Muestra de Aprendizaje del Programa de Indagaci\u00f3n Cient\u00edfica para la Educaci\u00f3n y la Ciencia desarrollada por la Pontificia Universidad [&hellip;]<\/p>\n","protected":false},"author":4,"featured_media":5893,"comment_status":"closed","ping_status":"open","sticky":false,"template":"","format":"standard","meta":{"footnotes":""},"categories":[4,3],"tags":[],"_links":{"self":[{"href":"https:\/\/www.liceomixto.cl\/sanfelipe\/wp-json\/wp\/v2\/posts\/5888"}],"collection":[{"href":"https:\/\/www.liceomixto.cl\/sanfelipe\/wp-json\/wp\/v2\/posts"}],"about":[{"href":"https:\/\/www.liceomixto.cl\/sanfelipe\/wp-json\/wp\/v2\/types\/post"}],"author":[{"embeddable":true,"href":"https:\/\/www.liceomixto.cl\/sanfelipe\/wp-json\/wp\/v2\/users\/4"}],"replies":[{"embeddable":true,"href":"https:\/\/www.liceomixto.cl\/sanfelipe\/wp-json\/wp\/v2\/comments?post=5888"}],"version-history":[{"count":2,"href":"https:\/\/www.liceomixto.cl\/sanfelipe\/wp-json\/wp\/v2\/posts\/5888\/revisions"}],"predecessor-version":[{"id":5900,"href":"https:\/\/www.liceomixto.cl\/sanfelipe\/wp-json\/wp\/v2\/posts\/5888\/revisions\/5900"}],"wp:featuredmedia":[{"embeddable":true,"href":"https:\/\/www.liceomixto.cl\/sanfelipe\/wp-json\/wp\/v2\/media\/5893"}],"wp:attachment":[{"href":"https:\/\/www.liceomixto.cl\/sanfelipe\/wp-json\/wp\/v2\/media?parent=5888"}],"wp:term":[{"taxonomy":"category","embeddable":true,"href":"https:\/\/www.liceomixto.cl\/sanfelipe\/wp-json\/wp\/v2\/categories?post=5888"},{"taxonomy":"post_tag","embeddable":true,"href":"https:\/\/www.liceomixto.cl\/sanfelipe\/wp-json\/wp\/v2\/tags?post=5888"}],"curies":[{"name":"wp","href":"https:\/\/api.w.org\/{rel}","templated":true}]}}