{"id":5902,"date":"2023-05-30T19:00:43","date_gmt":"2023-05-30T22:00:43","guid":{"rendered":"https:\/\/www.liceomixto.cl\/sanfelipe\/?p=5902"},"modified":"2025-08-06T12:11:20","modified_gmt":"2025-08-06T15:11:20","slug":"liceo-mixto-destaca-en-basquetbol-entre-los-establecimientos-de-la-comuna-de-san-felipe","status":"publish","type":"post","link":"https:\/\/www.liceomixto.cl\/sanfelipe\/liceo-mixto-destaca-en-basquetbol-entre-los-establecimientos-de-la-comuna-de-san-felipe\/","title":{"rendered":"Liceo Mixto destaca en b\u00e1squetbol entre los establecimientos de la comuna de San Felipe"},"content":{"rendered":"<p><span>Tras la pandemia el Liceo Particular Mixto San Felipe retom\u00f3 con fuerza el desarrollo de los talleres deportivos y en especial la participaci\u00f3n en los torneos de b\u00e1squetbol de la comuna, con un extraordinario desempe\u00f1o en la Liga Municipal donde marcha invicto en las series sub 14 y de ense\u00f1anza media.<\/span><\/p>\n<p><span>Leonardo Pino, entrenador de las selecciones masculinas del Mixto, se\u00f1al\u00f3 que este es s\u00f3lo el inicio de un camino que pretende reposicionar al Colegio en este deporte a nivel local, regional y nacional. \u201cLa academia de b\u00e1squetbol tiene ambiciones muy grandes y por eso estamos trabajando duro con los ni\u00f1os, Hoy tenemos todas las categor\u00edas sub 12, sub 14, sub 16 y sub 18, hemos crecido bastante y los chicos est\u00e1n muy motivados\u201d, indic\u00f3 el profesional.<\/span><\/p>\n<p><span>Cerca de 90 estudiantes componen la academia de b\u00e1squetbol del Mixto San Felipe. \u201cTenemos una infraestructura de primer nivel en el Colegio y debemos sacar provecho de eso, considerando que el deporte es uno de los pilares de nuestro proyecto educativo\u201d, asegur\u00f3 el entrenador, agregando que \u201cnuestra meta es que el b\u00e1squetbol tenga la seriedad y competitividad de los establecimientos emblem\u00e1ticos a nivel nacional\u201d.<\/span><\/p>\n<p><span>Disciplina, dedicaci\u00f3n, esfuerzo y un buen comportamiento acad\u00e9mico son requisitos fundamentales para los ni\u00f1os que deseen integrarse a la academia. \u201cEsto es clave, soy cercano a los procesos educativos de los muchachos, conozco a sus profesores jefes y permanentemente les consulto por los rendimientos\u201d, sostuvo Leonardo Pino.<\/span><\/p>\n<p><span>Elias Fuentes de octavo a\u00f1o b\u00e1sico sostuvo que el b\u00e1squetbol es muy divertido. \u201cEl profesor es muy ordenado y estricto y eso es muy bueno. Me alegra que el colegio le d\u00e9 tanta importancia al deporte que a m\u00ed me gusta\u201d, afirm\u00f3 el estudiante. A su lado Steven Ascu\u00ed de s\u00e9ptimo b\u00e1sico coincidi\u00f3 con su compa\u00f1ero en que la academia es excelente. \u201cYo lo paso muy bien y es\u00a0<\/span><i>bak\u00e1n<\/i><span>\u00a0la posibilidad de competir con colegios de todas partes\u201d, indic\u00f3.\u00a0<\/span><\/p>\n<p><span><img fetchpriority=\"high\" decoding=\"async\" src=\"https:\/\/www.liceomixto.cl\/sanfelipe\/wp-content\/uploads\/2023\/05\/IMG-1538-300x186.jpg\" alt=\"\" width=\"300\" height=\"186\" class=\"alignnone size-medium wp-image-5903\" srcset=\"https:\/\/www.liceomixto.cl\/sanfelipe\/wp-content\/uploads\/2023\/05\/IMG-1538-300x186.jpg 300w, https:\/\/www.liceomixto.cl\/sanfelipe\/wp-content\/uploads\/2023\/05\/IMG-1538-1024x635.jpg 1024w, https:\/\/www.liceomixto.cl\/sanfelipe\/wp-content\/uploads\/2023\/05\/IMG-1538-768x476.jpg 768w, https:\/\/www.liceomixto.cl\/sanfelipe\/wp-content\/uploads\/2023\/05\/IMG-1538-1536x952.jpg 1536w, https:\/\/www.liceomixto.cl\/sanfelipe\/wp-content\/uploads\/2023\/05\/IMG-1538-2048x1269.jpg 2048w\" sizes=\"(max-width: 300px) 100vw, 300px\" \/> <img decoding=\"async\" data-src=\"https:\/\/www.liceomixto.cl\/sanfelipe\/wp-content\/uploads\/2023\/05\/IMG-1539-300x212.jpg\" alt=\"\" width=\"300\" height=\"212\" class=\"alignnone size-medium wp-image-5904 lazyload\" data-srcset=\"https:\/\/www.liceomixto.cl\/sanfelipe\/wp-content\/uploads\/2023\/05\/IMG-1539-300x212.jpg 300w, https:\/\/www.liceomixto.cl\/sanfelipe\/wp-content\/uploads\/2023\/05\/IMG-1539-1024x725.jpg 1024w, https:\/\/www.liceomixto.cl\/sanfelipe\/wp-content\/uploads\/2023\/05\/IMG-1539-768x544.jpg 768w, https:\/\/www.liceomixto.cl\/sanfelipe\/wp-content\/uploads\/2023\/05\/IMG-1539-1536x1087.jpg 1536w, https:\/\/www.liceomixto.cl\/sanfelipe\/wp-content\/uploads\/2023\/05\/IMG-1539-2048x1450.jpg 2048w\" data-sizes=\"(max-width: 300px) 100vw, 300px\" src=\"data:image\/gif;base64,R0lGODlhAQABAAAAACH5BAEKAAEALAAAAAABAAEAAAICTAEAOw==\" style=\"--smush-placeholder-width: 300px; --smush-placeholder-aspect-ratio: 300\/212;\" \/> <img decoding=\"async\" data-src=\"https:\/\/www.liceomixto.cl\/sanfelipe\/wp-content\/uploads\/2023\/05\/IMG-1540-300x207.jpg\" alt=\"\" width=\"300\" height=\"207\" class=\"alignnone size-medium wp-image-5905 lazyload\" data-srcset=\"https:\/\/www.liceomixto.cl\/sanfelipe\/wp-content\/uploads\/2023\/05\/IMG-1540-300x207.jpg 300w, https:\/\/www.liceomixto.cl\/sanfelipe\/wp-content\/uploads\/2023\/05\/IMG-1540-1024x708.jpg 1024w, https:\/\/www.liceomixto.cl\/sanfelipe\/wp-content\/uploads\/2023\/05\/IMG-1540-768x531.jpg 768w, https:\/\/www.liceomixto.cl\/sanfelipe\/wp-content\/uploads\/2023\/05\/IMG-1540-1536x1062.jpg 1536w, https:\/\/www.liceomixto.cl\/sanfelipe\/wp-content\/uploads\/2023\/05\/IMG-1540-2048x1416.jpg 2048w\" data-sizes=\"(max-width: 300px) 100vw, 300px\" src=\"data:image\/gif;base64,R0lGODlhAQABAAAAACH5BAEKAAEALAAAAAABAAEAAAICTAEAOw==\" style=\"--smush-placeholder-width: 300px; --smush-placeholder-aspect-ratio: 300\/207;\" \/> <img decoding=\"async\" data-src=\"https:\/\/www.liceomixto.cl\/sanfelipe\/wp-content\/uploads\/2023\/05\/IMG-1548-300x196.jpg\" alt=\"\" width=\"300\" height=\"196\" class=\"alignnone size-medium wp-image-5906 lazyload\" data-srcset=\"https:\/\/www.liceomixto.cl\/sanfelipe\/wp-content\/uploads\/2023\/05\/IMG-1548-300x196.jpg 300w, https:\/\/www.liceomixto.cl\/sanfelipe\/wp-content\/uploads\/2023\/05\/IMG-1548-1024x668.jpg 1024w, https:\/\/www.liceomixto.cl\/sanfelipe\/wp-content\/uploads\/2023\/05\/IMG-1548-768x501.jpg 768w, https:\/\/www.liceomixto.cl\/sanfelipe\/wp-content\/uploads\/2023\/05\/IMG-1548-1536x1002.jpg 1536w, https:\/\/www.liceomixto.cl\/sanfelipe\/wp-content\/uploads\/2023\/05\/IMG-1548-2048x1336.jpg 2048w\" data-sizes=\"(max-width: 300px) 100vw, 300px\" src=\"data:image\/gif;base64,R0lGODlhAQABAAAAACH5BAEKAAEALAAAAAABAAEAAAICTAEAOw==\" style=\"--smush-placeholder-width: 300px; --smush-placeholder-aspect-ratio: 300\/196;\" \/> <img decoding=\"async\" data-src=\"https:\/\/www.liceomixto.cl\/sanfelipe\/wp-content\/uploads\/2023\/05\/IMG-1549-300x200.jpg\" alt=\"\" width=\"300\" height=\"200\" class=\"alignnone size-medium wp-image-5907 lazyload\" data-srcset=\"https:\/\/www.liceomixto.cl\/sanfelipe\/wp-content\/uploads\/2023\/05\/IMG-1549-300x200.jpg 300w, https:\/\/www.liceomixto.cl\/sanfelipe\/wp-content\/uploads\/2023\/05\/IMG-1549-1024x684.jpg 1024w, https:\/\/www.liceomixto.cl\/sanfelipe\/wp-content\/uploads\/2023\/05\/IMG-1549-768x513.jpg 768w, https:\/\/www.liceomixto.cl\/sanfelipe\/wp-content\/uploads\/2023\/05\/IMG-1549-1536x1026.jpg 1536w, https:\/\/www.liceomixto.cl\/sanfelipe\/wp-content\/uploads\/2023\/05\/IMG-1549-2048x1368.jpg 2048w, https:\/\/www.liceomixto.cl\/sanfelipe\/wp-content\/uploads\/2023\/05\/IMG-1549-360x240.jpg 360w\" data-sizes=\"(max-width: 300px) 100vw, 300px\" src=\"data:image\/gif;base64,R0lGODlhAQABAAAAACH5BAEKAAEALAAAAAABAAEAAAICTAEAOw==\" style=\"--smush-placeholder-width: 300px; --smush-placeholder-aspect-ratio: 300\/200;\" \/> <img decoding=\"async\" data-src=\"https:\/\/www.liceomixto.cl\/sanfelipe\/wp-content\/uploads\/2023\/05\/IMG-1550-300x198.jpg\" alt=\"\" width=\"300\" height=\"198\" class=\"alignnone size-medium wp-image-5908 lazyload\" data-srcset=\"https:\/\/www.liceomixto.cl\/sanfelipe\/wp-content\/uploads\/2023\/05\/IMG-1550-300x198.jpg 300w, https:\/\/www.liceomixto.cl\/sanfelipe\/wp-content\/uploads\/2023\/05\/IMG-1550-1024x676.jpg 1024w, https:\/\/www.liceomixto.cl\/sanfelipe\/wp-content\/uploads\/2023\/05\/IMG-1550-768x507.jpg 768w, https:\/\/www.liceomixto.cl\/sanfelipe\/wp-content\/uploads\/2023\/05\/IMG-1550-1536x1013.jpg 1536w, https:\/\/www.liceomixto.cl\/sanfelipe\/wp-content\/uploads\/2023\/05\/IMG-1550-2048x1351.jpg 2048w\" data-sizes=\"(max-width: 300px) 100vw, 300px\" src=\"data:image\/gif;base64,R0lGODlhAQABAAAAACH5BAEKAAEALAAAAAABAAEAAAICTAEAOw==\" style=\"--smush-placeholder-width: 300px; --smush-placeholder-aspect-ratio: 300\/198;\" \/> <img decoding=\"async\" data-src=\"https:\/\/www.liceomixto.cl\/sanfelipe\/wp-content\/uploads\/2023\/05\/IMG-1554-300x192.jpg\" alt=\"\" width=\"300\" height=\"192\" class=\"alignnone size-medium wp-image-5909 lazyload\" data-srcset=\"https:\/\/www.liceomixto.cl\/sanfelipe\/wp-content\/uploads\/2023\/05\/IMG-1554-300x192.jpg 300w, https:\/\/www.liceomixto.cl\/sanfelipe\/wp-content\/uploads\/2023\/05\/IMG-1554-1024x657.jpg 1024w, https:\/\/www.liceomixto.cl\/sanfelipe\/wp-content\/uploads\/2023\/05\/IMG-1554-768x493.jpg 768w, https:\/\/www.liceomixto.cl\/sanfelipe\/wp-content\/uploads\/2023\/05\/IMG-1554-1536x985.jpg 1536w, https:\/\/www.liceomixto.cl\/sanfelipe\/wp-content\/uploads\/2023\/05\/IMG-1554-2048x1314.jpg 2048w\" data-sizes=\"(max-width: 300px) 100vw, 300px\" src=\"data:image\/gif;base64,R0lGODlhAQABAAAAACH5BAEKAAEALAAAAAABAAEAAAICTAEAOw==\" style=\"--smush-placeholder-width: 300px; --smush-placeholder-aspect-ratio: 300\/192;\" \/> <img decoding=\"async\" data-src=\"https:\/\/www.liceomixto.cl\/sanfelipe\/wp-content\/uploads\/2023\/05\/IMG-1558-300x208.jpg\" alt=\"\" width=\"300\" height=\"208\" class=\"alignnone size-medium wp-image-5910 lazyload\" data-srcset=\"https:\/\/www.liceomixto.cl\/sanfelipe\/wp-content\/uploads\/2023\/05\/IMG-1558-300x208.jpg 300w, https:\/\/www.liceomixto.cl\/sanfelipe\/wp-content\/uploads\/2023\/05\/IMG-1558-1024x711.jpg 1024w, https:\/\/www.liceomixto.cl\/sanfelipe\/wp-content\/uploads\/2023\/05\/IMG-1558-768x533.jpg 768w, https:\/\/www.liceomixto.cl\/sanfelipe\/wp-content\/uploads\/2023\/05\/IMG-1558-1536x1066.jpg 1536w, https:\/\/www.liceomixto.cl\/sanfelipe\/wp-content\/uploads\/2023\/05\/IMG-1558-2048x1421.jpg 2048w\" data-sizes=\"(max-width: 300px) 100vw, 300px\" src=\"data:image\/gif;base64,R0lGODlhAQABAAAAACH5BAEKAAEALAAAAAABAAEAAAICTAEAOw==\" style=\"--smush-placeholder-width: 300px; --smush-placeholder-aspect-ratio: 300\/208;\" \/>\u00a0<\/span><\/p>\n","protected":false},"excerpt":{"rendered":"<p>Tras la pandemia el Liceo Particular Mixto San Felipe retom\u00f3 con fuerza el desarrollo de los talleres deportivos y en especial la participaci\u00f3n en los torneos de b\u00e1squetbol de la comuna, con un extraordinario desempe\u00f1o en la Liga Municipal donde marcha invicto en las series sub 14 y de ense\u00f1anza [&hellip;]<\/p>\n","protected":false},"author":4,"featured_media":5905,"comment_status":"closed","ping_status":"open","sticky":false,"template":"","format":"standard","meta":{"footnotes":""},"categories":[4,3],"tags":[],"_links":{"self":[{"href":"https:\/\/www.liceomixto.cl\/sanfelipe\/wp-json\/wp\/v2\/posts\/5902"}],"collection":[{"href":"https:\/\/www.liceomixto.cl\/sanfelipe\/wp-json\/wp\/v2\/posts"}],"about":[{"href":"https:\/\/www.liceomixto.cl\/sanfelipe\/wp-json\/wp\/v2\/types\/post"}],"author":[{"embeddable":true,"href":"https:\/\/www.liceomixto.cl\/sanfelipe\/wp-json\/wp\/v2\/users\/4"}],"replies":[{"embeddable":true,"href":"https:\/\/www.liceomixto.cl\/sanfelipe\/wp-json\/wp\/v2\/comments?post=5902"}],"version-history":[{"count":1,"href":"https:\/\/www.liceomixto.cl\/sanfelipe\/wp-json\/wp\/v2\/posts\/5902\/revisions"}],"predecessor-version":[{"id":5911,"href":"https:\/\/www.liceomixto.cl\/sanfelipe\/wp-json\/wp\/v2\/posts\/5902\/revisions\/5911"}],"wp:featuredmedia":[{"embeddable":true,"href":"https:\/\/www.liceomixto.cl\/sanfelipe\/wp-json\/wp\/v2\/media\/5905"}],"wp:attachment":[{"href":"https:\/\/www.liceomixto.cl\/sanfelipe\/wp-json\/wp\/v2\/media?parent=5902"}],"wp:term":[{"taxonomy":"category","embeddable":true,"href":"https:\/\/www.liceomixto.cl\/sanfelipe\/wp-json\/wp\/v2\/categories?post=5902"},{"taxonomy":"post_tag","embeddable":true,"href":"https:\/\/www.liceomixto.cl\/sanfelipe\/wp-json\/wp\/v2\/tags?post=5902"}],"curies":[{"name":"wp","href":"https:\/\/api.w.org\/{rel}","templated":true}]}}