{"id":5931,"date":"2023-07-18T15:38:30","date_gmt":"2023-07-18T18:38:30","guid":{"rendered":"https:\/\/www.liceomixto.cl\/sanfelipe\/?p=5931"},"modified":"2025-08-06T12:11:20","modified_gmt":"2025-08-06T15:11:20","slug":"liceo-mixto-establece-alianza-con-universidad-para-fortalecer-carrera-de-quimica-industrial","status":"publish","type":"post","link":"https:\/\/www.liceomixto.cl\/sanfelipe\/liceo-mixto-establece-alianza-con-universidad-para-fortalecer-carrera-de-quimica-industrial\/","title":{"rendered":"Liceo Mixto establece alianza con universidad para fortalecer carrera de Qu\u00edmica Industrial"},"content":{"rendered":"<p>El Liceo Mixto estableci\u00f3 una alianza de\u00a0 colaboraci\u00f3n con la Universidad T\u00e9cnica Federico Santa Mar\u00eda destinada a fortalecer la carrera de Qu\u00edmica Industrial mediante la entrega de estrategias y contenidos curriculares que favorecer\u00e1n a profesores y estudiantes del colegio.<\/p>\n<p>Pablo Hormaz\u00e1bal, coordinador vocacional de la instituci\u00f3n andina, subray\u00f3 que los j\u00f3venes van a aprender nuevos procedimientos y mejorar\u00e1n sus habilidades. \u201cDe esta forma, se vincular\u00e1n con la educaci\u00f3n superior desde la formaci\u00f3n profesional, primero desde un punto de vista t\u00e9cnico, pasando por t\u00e9cnico nivel superior, para luego continuar sus estudios en una ingenier\u00eda\u201d, manifest\u00f3.<\/p>\n<p>Mar\u00eda Jos\u00e9 Maldonado, profesora de la carrera de Qu\u00edmica Industrial en tercero y cuarto medio, plante\u00f3 que este convenio con la casa de estudios superiores posibilitar\u00e1 reforzar conocimientos y teor\u00eda \u201cadem\u00e1s, esto se puede llevar a la pr\u00e1ctica y aunque nuestro laboratorio est\u00e1 bien acondicionado, siempre son necesarios nuevos equipos e instrumentos\u201d, se\u00f1al\u00f3, recordando que la experiencia de los alumnos se extender\u00e1 a los laboratorios de la universidad.<\/p>\n<p><img fetchpriority=\"high\" decoding=\"async\" src=\"https:\/\/www.liceomixto.cl\/sanfelipe\/wp-content\/uploads\/2023\/07\/IMG-2006-300x202.jpg\" alt=\"\" width=\"300\" height=\"202\" class=\"alignnone size-medium wp-image-5938\" srcset=\"https:\/\/www.liceomixto.cl\/sanfelipe\/wp-content\/uploads\/2023\/07\/IMG-2006-300x202.jpg 300w, https:\/\/www.liceomixto.cl\/sanfelipe\/wp-content\/uploads\/2023\/07\/IMG-2006-1024x689.jpg 1024w, https:\/\/www.liceomixto.cl\/sanfelipe\/wp-content\/uploads\/2023\/07\/IMG-2006-768x517.jpg 768w, https:\/\/www.liceomixto.cl\/sanfelipe\/wp-content\/uploads\/2023\/07\/IMG-2006-1536x1033.jpg 1536w, https:\/\/www.liceomixto.cl\/sanfelipe\/wp-content\/uploads\/2023\/07\/IMG-2006-2048x1378.jpg 2048w\" sizes=\"(max-width: 300px) 100vw, 300px\" \/> <img decoding=\"async\" data-src=\"https:\/\/www.liceomixto.cl\/sanfelipe\/wp-content\/uploads\/2023\/07\/IMG-2005-300x219.jpg\" alt=\"\" width=\"300\" height=\"219\" class=\"alignnone size-medium wp-image-5937 lazyload\" data-srcset=\"https:\/\/www.liceomixto.cl\/sanfelipe\/wp-content\/uploads\/2023\/07\/IMG-2005-300x219.jpg 300w, https:\/\/www.liceomixto.cl\/sanfelipe\/wp-content\/uploads\/2023\/07\/IMG-2005-1024x747.jpg 1024w, https:\/\/www.liceomixto.cl\/sanfelipe\/wp-content\/uploads\/2023\/07\/IMG-2005-768x560.jpg 768w, https:\/\/www.liceomixto.cl\/sanfelipe\/wp-content\/uploads\/2023\/07\/IMG-2005-1536x1121.jpg 1536w, https:\/\/www.liceomixto.cl\/sanfelipe\/wp-content\/uploads\/2023\/07\/IMG-2005-2048x1494.jpg 2048w\" data-sizes=\"(max-width: 300px) 100vw, 300px\" src=\"data:image\/gif;base64,R0lGODlhAQABAAAAACH5BAEKAAEALAAAAAABAAEAAAICTAEAOw==\" style=\"--smush-placeholder-width: 300px; --smush-placeholder-aspect-ratio: 300\/219;\" \/> <img decoding=\"async\" data-src=\"https:\/\/www.liceomixto.cl\/sanfelipe\/wp-content\/uploads\/2023\/07\/IMG-2003-300x211.jpg\" alt=\"\" width=\"300\" height=\"211\" class=\"alignnone size-medium wp-image-5936 lazyload\" data-srcset=\"https:\/\/www.liceomixto.cl\/sanfelipe\/wp-content\/uploads\/2023\/07\/IMG-2003-300x211.jpg 300w, https:\/\/www.liceomixto.cl\/sanfelipe\/wp-content\/uploads\/2023\/07\/IMG-2003-1024x722.jpg 1024w, https:\/\/www.liceomixto.cl\/sanfelipe\/wp-content\/uploads\/2023\/07\/IMG-2003-768x541.jpg 768w, https:\/\/www.liceomixto.cl\/sanfelipe\/wp-content\/uploads\/2023\/07\/IMG-2003-1536x1083.jpg 1536w, https:\/\/www.liceomixto.cl\/sanfelipe\/wp-content\/uploads\/2023\/07\/IMG-2003-2048x1443.jpg 2048w\" data-sizes=\"(max-width: 300px) 100vw, 300px\" src=\"data:image\/gif;base64,R0lGODlhAQABAAAAACH5BAEKAAEALAAAAAABAAEAAAICTAEAOw==\" style=\"--smush-placeholder-width: 300px; --smush-placeholder-aspect-ratio: 300\/211;\" \/> <img decoding=\"async\" data-src=\"https:\/\/www.liceomixto.cl\/sanfelipe\/wp-content\/uploads\/2023\/07\/IMG-1999-300x195.jpg\" alt=\"\" width=\"300\" height=\"195\" class=\"alignnone size-medium wp-image-5935 lazyload\" data-srcset=\"https:\/\/www.liceomixto.cl\/sanfelipe\/wp-content\/uploads\/2023\/07\/IMG-1999-300x195.jpg 300w, https:\/\/www.liceomixto.cl\/sanfelipe\/wp-content\/uploads\/2023\/07\/IMG-1999-1024x667.jpg 1024w, https:\/\/www.liceomixto.cl\/sanfelipe\/wp-content\/uploads\/2023\/07\/IMG-1999-768x500.jpg 768w, https:\/\/www.liceomixto.cl\/sanfelipe\/wp-content\/uploads\/2023\/07\/IMG-1999-1536x1001.jpg 1536w, https:\/\/www.liceomixto.cl\/sanfelipe\/wp-content\/uploads\/2023\/07\/IMG-1999-2048x1334.jpg 2048w\" data-sizes=\"(max-width: 300px) 100vw, 300px\" src=\"data:image\/gif;base64,R0lGODlhAQABAAAAACH5BAEKAAEALAAAAAABAAEAAAICTAEAOw==\" style=\"--smush-placeholder-width: 300px; --smush-placeholder-aspect-ratio: 300\/195;\" \/> <img decoding=\"async\" data-src=\"https:\/\/www.liceomixto.cl\/sanfelipe\/wp-content\/uploads\/2023\/07\/IMG-1954-300x213.jpg\" alt=\"\" width=\"300\" height=\"213\" class=\"alignnone size-medium wp-image-5934 lazyload\" data-srcset=\"https:\/\/www.liceomixto.cl\/sanfelipe\/wp-content\/uploads\/2023\/07\/IMG-1954-300x213.jpg 300w, https:\/\/www.liceomixto.cl\/sanfelipe\/wp-content\/uploads\/2023\/07\/IMG-1954-1024x726.jpg 1024w, https:\/\/www.liceomixto.cl\/sanfelipe\/wp-content\/uploads\/2023\/07\/IMG-1954-768x545.jpg 768w, https:\/\/www.liceomixto.cl\/sanfelipe\/wp-content\/uploads\/2023\/07\/IMG-1954-1536x1089.jpg 1536w, https:\/\/www.liceomixto.cl\/sanfelipe\/wp-content\/uploads\/2023\/07\/IMG-1954-2048x1452.jpg 2048w\" data-sizes=\"(max-width: 300px) 100vw, 300px\" src=\"data:image\/gif;base64,R0lGODlhAQABAAAAACH5BAEKAAEALAAAAAABAAEAAAICTAEAOw==\" style=\"--smush-placeholder-width: 300px; --smush-placeholder-aspect-ratio: 300\/213;\" \/> <img decoding=\"async\" data-src=\"https:\/\/www.liceomixto.cl\/sanfelipe\/wp-content\/uploads\/2023\/07\/IMG-1949-300x197.jpg\" alt=\"\" width=\"300\" height=\"197\" class=\"alignnone size-medium wp-image-5933 lazyload\" data-srcset=\"https:\/\/www.liceomixto.cl\/sanfelipe\/wp-content\/uploads\/2023\/07\/IMG-1949-300x197.jpg 300w, https:\/\/www.liceomixto.cl\/sanfelipe\/wp-content\/uploads\/2023\/07\/IMG-1949-1024x672.jpg 1024w, https:\/\/www.liceomixto.cl\/sanfelipe\/wp-content\/uploads\/2023\/07\/IMG-1949-768x504.jpg 768w, https:\/\/www.liceomixto.cl\/sanfelipe\/wp-content\/uploads\/2023\/07\/IMG-1949-1536x1008.jpg 1536w, https:\/\/www.liceomixto.cl\/sanfelipe\/wp-content\/uploads\/2023\/07\/IMG-1949-2048x1345.jpg 2048w\" data-sizes=\"(max-width: 300px) 100vw, 300px\" src=\"data:image\/gif;base64,R0lGODlhAQABAAAAACH5BAEKAAEALAAAAAABAAEAAAICTAEAOw==\" style=\"--smush-placeholder-width: 300px; --smush-placeholder-aspect-ratio: 300\/197;\" \/> <img decoding=\"async\" data-src=\"https:\/\/www.liceomixto.cl\/sanfelipe\/wp-content\/uploads\/2023\/07\/IMG-1946-300x210.jpg\" alt=\"\" width=\"300\" height=\"210\" class=\"alignnone size-medium wp-image-5932 lazyload\" data-srcset=\"https:\/\/www.liceomixto.cl\/sanfelipe\/wp-content\/uploads\/2023\/07\/IMG-1946-300x210.jpg 300w, https:\/\/www.liceomixto.cl\/sanfelipe\/wp-content\/uploads\/2023\/07\/IMG-1946-1024x716.jpg 1024w, https:\/\/www.liceomixto.cl\/sanfelipe\/wp-content\/uploads\/2023\/07\/IMG-1946-768x537.jpg 768w, https:\/\/www.liceomixto.cl\/sanfelipe\/wp-content\/uploads\/2023\/07\/IMG-1946-1536x1074.jpg 1536w, https:\/\/www.liceomixto.cl\/sanfelipe\/wp-content\/uploads\/2023\/07\/IMG-1946-2048x1432.jpg 2048w\" data-sizes=\"(max-width: 300px) 100vw, 300px\" src=\"data:image\/gif;base64,R0lGODlhAQABAAAAACH5BAEKAAEALAAAAAABAAEAAAICTAEAOw==\" style=\"--smush-placeholder-width: 300px; --smush-placeholder-aspect-ratio: 300\/210;\" \/><\/p>\n<p><span style=\"color: #888888;\">\u00a0<\/span><\/p>\n<div><\/div>\n","protected":false},"excerpt":{"rendered":"<p>El Liceo Mixto estableci\u00f3 una alianza de\u00a0 colaboraci\u00f3n con la Universidad T\u00e9cnica Federico Santa Mar\u00eda destinada a fortalecer la carrera de Qu\u00edmica Industrial mediante la entrega de estrategias y contenidos curriculares que favorecer\u00e1n a profesores y estudiantes del colegio. Pablo Hormaz\u00e1bal, coordinador vocacional de la instituci\u00f3n andina, subray\u00f3 que los [&hellip;]<\/p>\n","protected":false},"author":4,"featured_media":5938,"comment_status":"closed","ping_status":"open","sticky":false,"template":"","format":"standard","meta":{"footnotes":""},"categories":[4],"tags":[],"_links":{"self":[{"href":"https:\/\/www.liceomixto.cl\/sanfelipe\/wp-json\/wp\/v2\/posts\/5931"}],"collection":[{"href":"https:\/\/www.liceomixto.cl\/sanfelipe\/wp-json\/wp\/v2\/posts"}],"about":[{"href":"https:\/\/www.liceomixto.cl\/sanfelipe\/wp-json\/wp\/v2\/types\/post"}],"author":[{"embeddable":true,"href":"https:\/\/www.liceomixto.cl\/sanfelipe\/wp-json\/wp\/v2\/users\/4"}],"replies":[{"embeddable":true,"href":"https:\/\/www.liceomixto.cl\/sanfelipe\/wp-json\/wp\/v2\/comments?post=5931"}],"version-history":[{"count":5,"href":"https:\/\/www.liceomixto.cl\/sanfelipe\/wp-json\/wp\/v2\/posts\/5931\/revisions"}],"predecessor-version":[{"id":5955,"href":"https:\/\/www.liceomixto.cl\/sanfelipe\/wp-json\/wp\/v2\/posts\/5931\/revisions\/5955"}],"wp:featuredmedia":[{"embeddable":true,"href":"https:\/\/www.liceomixto.cl\/sanfelipe\/wp-json\/wp\/v2\/media\/5938"}],"wp:attachment":[{"href":"https:\/\/www.liceomixto.cl\/sanfelipe\/wp-json\/wp\/v2\/media?parent=5931"}],"wp:term":[{"taxonomy":"category","embeddable":true,"href":"https:\/\/www.liceomixto.cl\/sanfelipe\/wp-json\/wp\/v2\/categories?post=5931"},{"taxonomy":"post_tag","embeddable":true,"href":"https:\/\/www.liceomixto.cl\/sanfelipe\/wp-json\/wp\/v2\/tags?post=5931"}],"curies":[{"name":"wp","href":"https:\/\/api.w.org\/{rel}","templated":true}]}}