{"id":5942,"date":"2023-07-18T16:09:37","date_gmt":"2023-07-18T19:09:37","guid":{"rendered":"https:\/\/www.liceomixto.cl\/sanfelipe\/?p=5942"},"modified":"2025-08-06T12:11:20","modified_gmt":"2025-08-06T15:11:20","slug":"club-liceo-mixto-los-andes-inauguro-liga-deportiva-escolar-costa-cordillera","status":"publish","type":"post","link":"https:\/\/www.liceomixto.cl\/sanfelipe\/club-liceo-mixto-los-andes-inauguro-liga-deportiva-escolar-costa-cordillera\/","title":{"rendered":"Club Liceo Mixto Los Andes inaugur\u00f3 Liga Deportiva Escolar Costa Cordillera"},"content":{"rendered":"<p>Con la participaci\u00f3n de establecimientos educacionales particulares, particulares subvencionados y municipales de Los Andes, San Felipe, Quillota y Llay Llay, el Club Deportivo Liceo Mixto Los Andes \u2013conformado por funcionarios del colegio- \u00a0inaugur\u00f3 la Liga Deportiva Escolar Costa Cordillera, con el apoyo de la Corporaci\u00f3n Monte Aconcagua.<\/p>\n<p>Francisca Carvajal, coordinadora de deportes del Liceo Mixto, sostuvo que compiten equipos femeninos y masculinos en b\u00e1squetbol, voleibol, h\u00e1ndbol y f\u00fatbol. \u201cLa liga se extender\u00e1 por lo que resta del a\u00f1o y en esta primera fase participar\u00e1n las categor\u00edas sub 18 y sub 16. Dada las caracter\u00edsticas del certamen nuestros equipos ir\u00e1n a jugar a Quillota con los conjuntos de los colegios Diego Echeverr\u00eda, el Instituto Rafael Ariztia y el liceo Marista Santiago Escuti Orrego de esa ciudad\u201d, manifest\u00f3.<\/p>\n<p>Ninoska Ram\u00edrez, rectora del Liceo Mixto, destac\u00f3 la iniciativa del club deportivo de organizar la liga. \u201cNuestra motivaci\u00f3n es llevar nuevamente a nuestros equipos a un sitial importante a nivel local, regional y nacional. Como Corporaci\u00f3n Monte Aconcagua apoyamos esta competencia, reafirmamos nuestro compromiso con el deporte y les damos la posibilidad a nuestros ni\u00f1os que jueguen en una liga de gran nivel\u201d, asegur\u00f3 la rectora.<span style=\"color: #888888;\"><br \/>\n<\/span><\/p>\n<div><img fetchpriority=\"high\" decoding=\"async\" src=\"https:\/\/www.liceomixto.cl\/sanfelipe\/wp-content\/uploads\/2023\/07\/IMG-1878-300x222.jpg\" alt=\"\" width=\"300\" height=\"222\" class=\"alignnone size-medium wp-image-5952\" srcset=\"https:\/\/www.liceomixto.cl\/sanfelipe\/wp-content\/uploads\/2023\/07\/IMG-1878-300x222.jpg 300w, https:\/\/www.liceomixto.cl\/sanfelipe\/wp-content\/uploads\/2023\/07\/IMG-1878-1024x759.jpg 1024w, https:\/\/www.liceomixto.cl\/sanfelipe\/wp-content\/uploads\/2023\/07\/IMG-1878-768x569.jpg 768w, https:\/\/www.liceomixto.cl\/sanfelipe\/wp-content\/uploads\/2023\/07\/IMG-1878-1536x1139.jpg 1536w, https:\/\/www.liceomixto.cl\/sanfelipe\/wp-content\/uploads\/2023\/07\/IMG-1878-2048x1518.jpg 2048w\" sizes=\"(max-width: 300px) 100vw, 300px\" \/> <img decoding=\"async\" data-src=\"https:\/\/www.liceomixto.cl\/sanfelipe\/wp-content\/uploads\/2023\/07\/IMG-1873-300x202.jpg\" alt=\"\" width=\"300\" height=\"202\" class=\"alignnone size-medium wp-image-5951 lazyload\" data-srcset=\"https:\/\/www.liceomixto.cl\/sanfelipe\/wp-content\/uploads\/2023\/07\/IMG-1873-300x202.jpg 300w, https:\/\/www.liceomixto.cl\/sanfelipe\/wp-content\/uploads\/2023\/07\/IMG-1873-1024x691.jpg 1024w, https:\/\/www.liceomixto.cl\/sanfelipe\/wp-content\/uploads\/2023\/07\/IMG-1873-768x518.jpg 768w, https:\/\/www.liceomixto.cl\/sanfelipe\/wp-content\/uploads\/2023\/07\/IMG-1873-1536x1037.jpg 1536w, https:\/\/www.liceomixto.cl\/sanfelipe\/wp-content\/uploads\/2023\/07\/IMG-1873-2048x1382.jpg 2048w\" data-sizes=\"(max-width: 300px) 100vw, 300px\" src=\"data:image\/gif;base64,R0lGODlhAQABAAAAACH5BAEKAAEALAAAAAABAAEAAAICTAEAOw==\" style=\"--smush-placeholder-width: 300px; --smush-placeholder-aspect-ratio: 300\/202;\" \/> <img decoding=\"async\" data-src=\"https:\/\/www.liceomixto.cl\/sanfelipe\/wp-content\/uploads\/2023\/07\/IMG-1869-300x228.jpg\" alt=\"\" width=\"300\" height=\"228\" class=\"alignnone size-medium wp-image-5950 lazyload\" data-srcset=\"https:\/\/www.liceomixto.cl\/sanfelipe\/wp-content\/uploads\/2023\/07\/IMG-1869-300x228.jpg 300w, https:\/\/www.liceomixto.cl\/sanfelipe\/wp-content\/uploads\/2023\/07\/IMG-1869-1024x777.jpg 1024w, https:\/\/www.liceomixto.cl\/sanfelipe\/wp-content\/uploads\/2023\/07\/IMG-1869-768x583.jpg 768w, https:\/\/www.liceomixto.cl\/sanfelipe\/wp-content\/uploads\/2023\/07\/IMG-1869-1536x1165.jpg 1536w, https:\/\/www.liceomixto.cl\/sanfelipe\/wp-content\/uploads\/2023\/07\/IMG-1869-2048x1554.jpg 2048w\" data-sizes=\"(max-width: 300px) 100vw, 300px\" src=\"data:image\/gif;base64,R0lGODlhAQABAAAAACH5BAEKAAEALAAAAAABAAEAAAICTAEAOw==\" style=\"--smush-placeholder-width: 300px; --smush-placeholder-aspect-ratio: 300\/228;\" \/> <img decoding=\"async\" data-src=\"https:\/\/www.liceomixto.cl\/sanfelipe\/wp-content\/uploads\/2023\/07\/IMG-1868-300x212.jpg\" alt=\"\" width=\"300\" height=\"212\" class=\"alignnone size-medium wp-image-5949 lazyload\" data-srcset=\"https:\/\/www.liceomixto.cl\/sanfelipe\/wp-content\/uploads\/2023\/07\/IMG-1868-300x212.jpg 300w, https:\/\/www.liceomixto.cl\/sanfelipe\/wp-content\/uploads\/2023\/07\/IMG-1868-1024x725.jpg 1024w, https:\/\/www.liceomixto.cl\/sanfelipe\/wp-content\/uploads\/2023\/07\/IMG-1868-768x544.jpg 768w, https:\/\/www.liceomixto.cl\/sanfelipe\/wp-content\/uploads\/2023\/07\/IMG-1868-1536x1088.jpg 1536w, https:\/\/www.liceomixto.cl\/sanfelipe\/wp-content\/uploads\/2023\/07\/IMG-1868-2048x1451.jpg 2048w\" data-sizes=\"(max-width: 300px) 100vw, 300px\" src=\"data:image\/gif;base64,R0lGODlhAQABAAAAACH5BAEKAAEALAAAAAABAAEAAAICTAEAOw==\" style=\"--smush-placeholder-width: 300px; --smush-placeholder-aspect-ratio: 300\/212;\" \/> <img decoding=\"async\" data-src=\"https:\/\/www.liceomixto.cl\/sanfelipe\/wp-content\/uploads\/2023\/07\/IMG-1867-300x203.jpg\" alt=\"\" width=\"300\" height=\"203\" class=\"alignnone size-medium wp-image-5948 lazyload\" data-srcset=\"https:\/\/www.liceomixto.cl\/sanfelipe\/wp-content\/uploads\/2023\/07\/IMG-1867-300x203.jpg 300w, https:\/\/www.liceomixto.cl\/sanfelipe\/wp-content\/uploads\/2023\/07\/IMG-1867-1024x693.jpg 1024w, https:\/\/www.liceomixto.cl\/sanfelipe\/wp-content\/uploads\/2023\/07\/IMG-1867-768x520.jpg 768w, https:\/\/www.liceomixto.cl\/sanfelipe\/wp-content\/uploads\/2023\/07\/IMG-1867-1536x1040.jpg 1536w, https:\/\/www.liceomixto.cl\/sanfelipe\/wp-content\/uploads\/2023\/07\/IMG-1867-2048x1387.jpg 2048w\" data-sizes=\"(max-width: 300px) 100vw, 300px\" src=\"data:image\/gif;base64,R0lGODlhAQABAAAAACH5BAEKAAEALAAAAAABAAEAAAICTAEAOw==\" style=\"--smush-placeholder-width: 300px; --smush-placeholder-aspect-ratio: 300\/203;\" \/> <img decoding=\"async\" data-src=\"https:\/\/www.liceomixto.cl\/sanfelipe\/wp-content\/uploads\/2023\/07\/IMG-1866-300x221.jpg\" alt=\"\" width=\"300\" height=\"221\" class=\"alignnone size-medium wp-image-5947 lazyload\" data-srcset=\"https:\/\/www.liceomixto.cl\/sanfelipe\/wp-content\/uploads\/2023\/07\/IMG-1866-300x221.jpg 300w, https:\/\/www.liceomixto.cl\/sanfelipe\/wp-content\/uploads\/2023\/07\/IMG-1866-1024x755.jpg 1024w, https:\/\/www.liceomixto.cl\/sanfelipe\/wp-content\/uploads\/2023\/07\/IMG-1866-768x566.jpg 768w, https:\/\/www.liceomixto.cl\/sanfelipe\/wp-content\/uploads\/2023\/07\/IMG-1866-1536x1133.jpg 1536w, https:\/\/www.liceomixto.cl\/sanfelipe\/wp-content\/uploads\/2023\/07\/IMG-1866-2048x1510.jpg 2048w\" data-sizes=\"(max-width: 300px) 100vw, 300px\" src=\"data:image\/gif;base64,R0lGODlhAQABAAAAACH5BAEKAAEALAAAAAABAAEAAAICTAEAOw==\" style=\"--smush-placeholder-width: 300px; --smush-placeholder-aspect-ratio: 300\/221;\" \/> <img decoding=\"async\" data-src=\"https:\/\/www.liceomixto.cl\/sanfelipe\/wp-content\/uploads\/2023\/07\/IMG-1855-300x220.jpg\" alt=\"\" width=\"300\" height=\"220\" class=\"alignnone size-medium wp-image-5946 lazyload\" data-srcset=\"https:\/\/www.liceomixto.cl\/sanfelipe\/wp-content\/uploads\/2023\/07\/IMG-1855-300x220.jpg 300w, https:\/\/www.liceomixto.cl\/sanfelipe\/wp-content\/uploads\/2023\/07\/IMG-1855-1024x752.jpg 1024w, https:\/\/www.liceomixto.cl\/sanfelipe\/wp-content\/uploads\/2023\/07\/IMG-1855-768x564.jpg 768w, https:\/\/www.liceomixto.cl\/sanfelipe\/wp-content\/uploads\/2023\/07\/IMG-1855-1536x1128.jpg 1536w, https:\/\/www.liceomixto.cl\/sanfelipe\/wp-content\/uploads\/2023\/07\/IMG-1855-2048x1505.jpg 2048w\" data-sizes=\"(max-width: 300px) 100vw, 300px\" src=\"data:image\/gif;base64,R0lGODlhAQABAAAAACH5BAEKAAEALAAAAAABAAEAAAICTAEAOw==\" style=\"--smush-placeholder-width: 300px; --smush-placeholder-aspect-ratio: 300\/220;\" \/> <img decoding=\"async\" data-src=\"https:\/\/www.liceomixto.cl\/sanfelipe\/wp-content\/uploads\/2023\/07\/IMG-1845-300x204.jpg\" alt=\"\" width=\"300\" height=\"204\" class=\"alignnone size-medium wp-image-5945 lazyload\" data-srcset=\"https:\/\/www.liceomixto.cl\/sanfelipe\/wp-content\/uploads\/2023\/07\/IMG-1845-300x204.jpg 300w, https:\/\/www.liceomixto.cl\/sanfelipe\/wp-content\/uploads\/2023\/07\/IMG-1845-1024x697.jpg 1024w, https:\/\/www.liceomixto.cl\/sanfelipe\/wp-content\/uploads\/2023\/07\/IMG-1845-768x523.jpg 768w, https:\/\/www.liceomixto.cl\/sanfelipe\/wp-content\/uploads\/2023\/07\/IMG-1845-1536x1046.jpg 1536w, https:\/\/www.liceomixto.cl\/sanfelipe\/wp-content\/uploads\/2023\/07\/IMG-1845-2048x1395.jpg 2048w\" data-sizes=\"(max-width: 300px) 100vw, 300px\" src=\"data:image\/gif;base64,R0lGODlhAQABAAAAACH5BAEKAAEALAAAAAABAAEAAAICTAEAOw==\" style=\"--smush-placeholder-width: 300px; --smush-placeholder-aspect-ratio: 300\/204;\" \/> <img decoding=\"async\" data-src=\"https:\/\/www.liceomixto.cl\/sanfelipe\/wp-content\/uploads\/2023\/07\/IMG-1839-300x219.jpg\" alt=\"\" width=\"300\" height=\"219\" class=\"alignnone size-medium wp-image-5944 lazyload\" data-srcset=\"https:\/\/www.liceomixto.cl\/sanfelipe\/wp-content\/uploads\/2023\/07\/IMG-1839-300x219.jpg 300w, https:\/\/www.liceomixto.cl\/sanfelipe\/wp-content\/uploads\/2023\/07\/IMG-1839-1024x748.jpg 1024w, https:\/\/www.liceomixto.cl\/sanfelipe\/wp-content\/uploads\/2023\/07\/IMG-1839-768x561.jpg 768w, https:\/\/www.liceomixto.cl\/sanfelipe\/wp-content\/uploads\/2023\/07\/IMG-1839-1536x1122.jpg 1536w, https:\/\/www.liceomixto.cl\/sanfelipe\/wp-content\/uploads\/2023\/07\/IMG-1839-2048x1496.jpg 2048w\" data-sizes=\"(max-width: 300px) 100vw, 300px\" src=\"data:image\/gif;base64,R0lGODlhAQABAAAAACH5BAEKAAEALAAAAAABAAEAAAICTAEAOw==\" style=\"--smush-placeholder-width: 300px; --smush-placeholder-aspect-ratio: 300\/219;\" \/> <img decoding=\"async\" data-src=\"https:\/\/www.liceomixto.cl\/sanfelipe\/wp-content\/uploads\/2023\/07\/IMG-1837-300x191.jpg\" alt=\"\" width=\"300\" height=\"191\" class=\"alignnone size-medium wp-image-5943 lazyload\" data-srcset=\"https:\/\/www.liceomixto.cl\/sanfelipe\/wp-content\/uploads\/2023\/07\/IMG-1837-300x191.jpg 300w, https:\/\/www.liceomixto.cl\/sanfelipe\/wp-content\/uploads\/2023\/07\/IMG-1837-1024x651.jpg 1024w, https:\/\/www.liceomixto.cl\/sanfelipe\/wp-content\/uploads\/2023\/07\/IMG-1837-768x488.jpg 768w, https:\/\/www.liceomixto.cl\/sanfelipe\/wp-content\/uploads\/2023\/07\/IMG-1837-1536x976.jpg 1536w, https:\/\/www.liceomixto.cl\/sanfelipe\/wp-content\/uploads\/2023\/07\/IMG-1837-2048x1302.jpg 2048w\" data-sizes=\"(max-width: 300px) 100vw, 300px\" src=\"data:image\/gif;base64,R0lGODlhAQABAAAAACH5BAEKAAEALAAAAAABAAEAAAICTAEAOw==\" style=\"--smush-placeholder-width: 300px; --smush-placeholder-aspect-ratio: 300\/191;\" \/><\/div>\n<div><\/div>\n","protected":false},"excerpt":{"rendered":"<p>Con la participaci\u00f3n de establecimientos educacionales particulares, particulares subvencionados y municipales de Los Andes, San Felipe, Quillota y Llay Llay, el Club Deportivo Liceo Mixto Los Andes \u2013conformado por funcionarios del colegio- \u00a0inaugur\u00f3 la Liga Deportiva Escolar Costa Cordillera, con el apoyo de la Corporaci\u00f3n Monte Aconcagua. Francisca Carvajal, coordinadora [&hellip;]<\/p>\n","protected":false},"author":4,"featured_media":5948,"comment_status":"closed","ping_status":"open","sticky":false,"template":"","format":"standard","meta":{"footnotes":""},"categories":[4],"tags":[],"_links":{"self":[{"href":"https:\/\/www.liceomixto.cl\/sanfelipe\/wp-json\/wp\/v2\/posts\/5942"}],"collection":[{"href":"https:\/\/www.liceomixto.cl\/sanfelipe\/wp-json\/wp\/v2\/posts"}],"about":[{"href":"https:\/\/www.liceomixto.cl\/sanfelipe\/wp-json\/wp\/v2\/types\/post"}],"author":[{"embeddable":true,"href":"https:\/\/www.liceomixto.cl\/sanfelipe\/wp-json\/wp\/v2\/users\/4"}],"replies":[{"embeddable":true,"href":"https:\/\/www.liceomixto.cl\/sanfelipe\/wp-json\/wp\/v2\/comments?post=5942"}],"version-history":[{"count":1,"href":"https:\/\/www.liceomixto.cl\/sanfelipe\/wp-json\/wp\/v2\/posts\/5942\/revisions"}],"predecessor-version":[{"id":5953,"href":"https:\/\/www.liceomixto.cl\/sanfelipe\/wp-json\/wp\/v2\/posts\/5942\/revisions\/5953"}],"wp:featuredmedia":[{"embeddable":true,"href":"https:\/\/www.liceomixto.cl\/sanfelipe\/wp-json\/wp\/v2\/media\/5948"}],"wp:attachment":[{"href":"https:\/\/www.liceomixto.cl\/sanfelipe\/wp-json\/wp\/v2\/media?parent=5942"}],"wp:term":[{"taxonomy":"category","embeddable":true,"href":"https:\/\/www.liceomixto.cl\/sanfelipe\/wp-json\/wp\/v2\/categories?post=5942"},{"taxonomy":"post_tag","embeddable":true,"href":"https:\/\/www.liceomixto.cl\/sanfelipe\/wp-json\/wp\/v2\/tags?post=5942"}],"curies":[{"name":"wp","href":"https:\/\/api.w.org\/{rel}","templated":true}]}}