{"id":5956,"date":"2023-07-18T16:53:35","date_gmt":"2023-07-18T19:53:35","guid":{"rendered":"https:\/\/www.liceomixto.cl\/sanfelipe\/?p=5956"},"modified":"2025-08-06T12:11:20","modified_gmt":"2025-08-06T15:11:20","slug":"liceo-mixto-establece-importante-alianza-de-cooperacion-con-citroen-chile","status":"publish","type":"post","link":"https:\/\/www.liceomixto.cl\/sanfelipe\/liceo-mixto-establece-importante-alianza-de-cooperacion-con-citroen-chile\/","title":{"rendered":"Liceo Mixto establece importante alianza de cooperaci\u00f3n con Citroen Chile"},"content":{"rendered":"<p><span>Ejecutivos de la empresa Citroen visitaron los talleres de mec\u00e1nica automotriz del Liceo Mixto Bicentenario de Excelencia Los Andes, dando inicio a una alianza de cooperaci\u00f3n que favorecer\u00e1 a estudiantes de dicha especialidad de las sedes del colegio en Los Andes Y San Felipe.\u00a0<\/span><\/p>\n<p><span>Renato Maldonado, director del establecimiento, valor\u00f3 positivamente este nuevo convenio. \u201cSi algo nos dej\u00f3 la pandemia fue la instalaci\u00f3n de las tecnolog\u00edas en el colegio, las cuales llegaron para quedarse. En este sentido el avance es muy grande y nosotros necesitamos estar vinculados a las necesidades del mercado\u201d, advirti\u00f3, recordando que Citroen y otras empresas con las que el colegio trabaja \u201cvienen a optimizar nuestros perfiles de egreso y a mejorar las habilidades t\u00e9cnicas de los estudiantes para llegar a los m\u00e1s altos est\u00e1ndares que el mercado exige\u201d, indic\u00f3.<\/span><\/p>\n<p><span>Alice Celed\u00f3n, coordinadora t\u00e9cnico profesional de la Corporaci\u00f3n Monte Aconcagua, detall\u00f3 los alcances del convenio: \u201cTenemos tres pilares fundamentales, primero establecer centros de pr\u00e1ctica profesional, tambi\u00e9n capacitaci\u00f3n para nuestros profesores y estudiantes, de manera que puedan visitar los talleres de Citroen en Santiago y finalmente -y no menos importante-, que nos puedan entregar tecnolog\u00eda que ellos dan de baja por los est\u00e1ndares que les exigen, pero que para nosotros es valiosa\u201d, asegur\u00f3 la docente directivo.\u00a0<\/span><\/p>\n<div><\/div>\n<div>\n<div>Jaime Espinoza, encargado del \u00e1rea t\u00e9cnica de Citroen Chile, aport\u00f3 otro hito importante de la alianza con el colegio. \u201cEn el sentido que tras la pr\u00e1ctica profesional existe la posibilidad que alumnos del colegio queden contratados en nuestra casa matriz o en alguno de los concesionarios de todo Chile&#8221;.<\/div>\n<div><img fetchpriority=\"high\" decoding=\"async\" src=\"https:\/\/www.liceomixto.cl\/sanfelipe\/wp-content\/uploads\/2023\/07\/IMG-1930-300x191.jpg\" alt=\"\" width=\"300\" height=\"191\" class=\"alignnone size-medium wp-image-5961\" srcset=\"https:\/\/www.liceomixto.cl\/sanfelipe\/wp-content\/uploads\/2023\/07\/IMG-1930-300x191.jpg 300w, https:\/\/www.liceomixto.cl\/sanfelipe\/wp-content\/uploads\/2023\/07\/IMG-1930-1024x653.jpg 1024w, https:\/\/www.liceomixto.cl\/sanfelipe\/wp-content\/uploads\/2023\/07\/IMG-1930-768x490.jpg 768w, https:\/\/www.liceomixto.cl\/sanfelipe\/wp-content\/uploads\/2023\/07\/IMG-1930-1536x980.jpg 1536w, https:\/\/www.liceomixto.cl\/sanfelipe\/wp-content\/uploads\/2023\/07\/IMG-1930-2048x1307.jpg 2048w\" sizes=\"(max-width: 300px) 100vw, 300px\" \/> <img decoding=\"async\" data-src=\"https:\/\/www.liceomixto.cl\/sanfelipe\/wp-content\/uploads\/2023\/07\/IMG-1928-300x170.jpg\" alt=\"\" width=\"300\" height=\"170\" class=\"alignnone size-medium wp-image-5960 lazyload\" data-srcset=\"https:\/\/www.liceomixto.cl\/sanfelipe\/wp-content\/uploads\/2023\/07\/IMG-1928-300x170.jpg 300w, https:\/\/www.liceomixto.cl\/sanfelipe\/wp-content\/uploads\/2023\/07\/IMG-1928-1024x579.jpg 1024w, https:\/\/www.liceomixto.cl\/sanfelipe\/wp-content\/uploads\/2023\/07\/IMG-1928-768x434.jpg 768w, https:\/\/www.liceomixto.cl\/sanfelipe\/wp-content\/uploads\/2023\/07\/IMG-1928-1536x869.jpg 1536w, https:\/\/www.liceomixto.cl\/sanfelipe\/wp-content\/uploads\/2023\/07\/IMG-1928-2048x1158.jpg 2048w\" data-sizes=\"(max-width: 300px) 100vw, 300px\" src=\"data:image\/gif;base64,R0lGODlhAQABAAAAACH5BAEKAAEALAAAAAABAAEAAAICTAEAOw==\" style=\"--smush-placeholder-width: 300px; --smush-placeholder-aspect-ratio: 300\/170;\" \/> <img decoding=\"async\" data-src=\"https:\/\/www.liceomixto.cl\/sanfelipe\/wp-content\/uploads\/2023\/07\/IMG-1920-300x204.jpg\" alt=\"\" width=\"300\" height=\"204\" class=\"alignnone size-medium wp-image-5959 lazyload\" data-srcset=\"https:\/\/www.liceomixto.cl\/sanfelipe\/wp-content\/uploads\/2023\/07\/IMG-1920-300x204.jpg 300w, https:\/\/www.liceomixto.cl\/sanfelipe\/wp-content\/uploads\/2023\/07\/IMG-1920-1024x695.jpg 1024w, https:\/\/www.liceomixto.cl\/sanfelipe\/wp-content\/uploads\/2023\/07\/IMG-1920-768x521.jpg 768w, https:\/\/www.liceomixto.cl\/sanfelipe\/wp-content\/uploads\/2023\/07\/IMG-1920-1536x1042.jpg 1536w, https:\/\/www.liceomixto.cl\/sanfelipe\/wp-content\/uploads\/2023\/07\/IMG-1920-2048x1389.jpg 2048w\" data-sizes=\"(max-width: 300px) 100vw, 300px\" src=\"data:image\/gif;base64,R0lGODlhAQABAAAAACH5BAEKAAEALAAAAAABAAEAAAICTAEAOw==\" style=\"--smush-placeholder-width: 300px; --smush-placeholder-aspect-ratio: 300\/204;\" \/> <img decoding=\"async\" data-src=\"https:\/\/www.liceomixto.cl\/sanfelipe\/wp-content\/uploads\/2023\/07\/IMG-1910-300x198.jpg\" alt=\"\" width=\"300\" height=\"198\" class=\"alignnone size-medium wp-image-5958 lazyload\" data-srcset=\"https:\/\/www.liceomixto.cl\/sanfelipe\/wp-content\/uploads\/2023\/07\/IMG-1910-300x198.jpg 300w, https:\/\/www.liceomixto.cl\/sanfelipe\/wp-content\/uploads\/2023\/07\/IMG-1910-1024x674.jpg 1024w, https:\/\/www.liceomixto.cl\/sanfelipe\/wp-content\/uploads\/2023\/07\/IMG-1910-768x506.jpg 768w, https:\/\/www.liceomixto.cl\/sanfelipe\/wp-content\/uploads\/2023\/07\/IMG-1910-1536x1011.jpg 1536w, https:\/\/www.liceomixto.cl\/sanfelipe\/wp-content\/uploads\/2023\/07\/IMG-1910-2048x1348.jpg 2048w\" data-sizes=\"(max-width: 300px) 100vw, 300px\" src=\"data:image\/gif;base64,R0lGODlhAQABAAAAACH5BAEKAAEALAAAAAABAAEAAAICTAEAOw==\" style=\"--smush-placeholder-width: 300px; --smush-placeholder-aspect-ratio: 300\/198;\" \/> <img decoding=\"async\" data-src=\"https:\/\/www.liceomixto.cl\/sanfelipe\/wp-content\/uploads\/2023\/07\/IMG-1909-300x197.jpg\" alt=\"\" width=\"300\" height=\"197\" class=\"alignnone size-medium wp-image-5957 lazyload\" data-srcset=\"https:\/\/www.liceomixto.cl\/sanfelipe\/wp-content\/uploads\/2023\/07\/IMG-1909-300x197.jpg 300w, https:\/\/www.liceomixto.cl\/sanfelipe\/wp-content\/uploads\/2023\/07\/IMG-1909-1024x672.jpg 1024w, https:\/\/www.liceomixto.cl\/sanfelipe\/wp-content\/uploads\/2023\/07\/IMG-1909-768x504.jpg 768w, https:\/\/www.liceomixto.cl\/sanfelipe\/wp-content\/uploads\/2023\/07\/IMG-1909-1536x1008.jpg 1536w, https:\/\/www.liceomixto.cl\/sanfelipe\/wp-content\/uploads\/2023\/07\/IMG-1909-2048x1345.jpg 2048w\" data-sizes=\"(max-width: 300px) 100vw, 300px\" src=\"data:image\/gif;base64,R0lGODlhAQABAAAAACH5BAEKAAEALAAAAAABAAEAAAICTAEAOw==\" style=\"--smush-placeholder-width: 300px; --smush-placeholder-aspect-ratio: 300\/197;\" \/><\/div>\n<\/div>\n","protected":false},"excerpt":{"rendered":"<p>Ejecutivos de la empresa Citroen visitaron los talleres de mec\u00e1nica automotriz del Liceo Mixto Bicentenario de Excelencia Los Andes, dando inicio a una alianza de cooperaci\u00f3n que favorecer\u00e1 a estudiantes de dicha especialidad de las sedes del colegio en Los Andes Y San Felipe.\u00a0 Renato Maldonado, director del establecimiento, valor\u00f3 [&hellip;]<\/p>\n","protected":false},"author":4,"featured_media":5961,"comment_status":"closed","ping_status":"open","sticky":false,"template":"","format":"standard","meta":{"footnotes":""},"categories":[4],"tags":[],"_links":{"self":[{"href":"https:\/\/www.liceomixto.cl\/sanfelipe\/wp-json\/wp\/v2\/posts\/5956"}],"collection":[{"href":"https:\/\/www.liceomixto.cl\/sanfelipe\/wp-json\/wp\/v2\/posts"}],"about":[{"href":"https:\/\/www.liceomixto.cl\/sanfelipe\/wp-json\/wp\/v2\/types\/post"}],"author":[{"embeddable":true,"href":"https:\/\/www.liceomixto.cl\/sanfelipe\/wp-json\/wp\/v2\/users\/4"}],"replies":[{"embeddable":true,"href":"https:\/\/www.liceomixto.cl\/sanfelipe\/wp-json\/wp\/v2\/comments?post=5956"}],"version-history":[{"count":1,"href":"https:\/\/www.liceomixto.cl\/sanfelipe\/wp-json\/wp\/v2\/posts\/5956\/revisions"}],"predecessor-version":[{"id":5962,"href":"https:\/\/www.liceomixto.cl\/sanfelipe\/wp-json\/wp\/v2\/posts\/5956\/revisions\/5962"}],"wp:featuredmedia":[{"embeddable":true,"href":"https:\/\/www.liceomixto.cl\/sanfelipe\/wp-json\/wp\/v2\/media\/5961"}],"wp:attachment":[{"href":"https:\/\/www.liceomixto.cl\/sanfelipe\/wp-json\/wp\/v2\/media?parent=5956"}],"wp:term":[{"taxonomy":"category","embeddable":true,"href":"https:\/\/www.liceomixto.cl\/sanfelipe\/wp-json\/wp\/v2\/categories?post=5956"},{"taxonomy":"post_tag","embeddable":true,"href":"https:\/\/www.liceomixto.cl\/sanfelipe\/wp-json\/wp\/v2\/tags?post=5956"}],"curies":[{"name":"wp","href":"https:\/\/api.w.org\/{rel}","templated":true}]}}