{"id":5963,"date":"2023-07-19T16:27:22","date_gmt":"2023-07-19T19:27:22","guid":{"rendered":"https:\/\/www.liceomixto.cl\/sanfelipe\/?p=5963"},"modified":"2025-08-06T12:11:20","modified_gmt":"2025-08-06T15:11:20","slug":"el-gimnasio-juan-munoz-herrera-del-liceo-mixto-bicentenario-fue-escenario-de-un-nuevo-triunfo-de-chile-en-voleibol-femenino","status":"publish","type":"post","link":"https:\/\/www.liceomixto.cl\/sanfelipe\/el-gimnasio-juan-munoz-herrera-del-liceo-mixto-bicentenario-fue-escenario-de-un-nuevo-triunfo-de-chile-en-voleibol-femenino\/","title":{"rendered":"El gimnasio Juan Mu\u00f1oz Herrera del Liceo Mixto Bicentenario fue escenario de un nuevo triunfo de Chile en voleibol femenino"},"content":{"rendered":"<p><span>Tras m\u00e1s de una d\u00e9cada sin espect\u00e1culos deportivos de alto nivel en Los Andes, este s\u00e1bado en el gimnasio Juan Mu\u00f1oz Herrera del Liceo Mixto Bicentenario la Selecci\u00f3n Chilena de Voleibol -que se prepara para los juegos Panamericanos- derrot\u00f3 en el marco de una gira nacional al combinado de Nueva Zelanda.<\/span><\/p>\n<p><span>M\u00e1s all\u00e1 del contundente triunfo nacional sobre las chicas de Ocean\u00eda por 3 a 0, nos queda el maravilloso marco de p\u00fablico cercano a los mil espectadores que replet\u00f3 el gimnasio n\u00famero 1 del emblem\u00e1tico establecimiento educacional y que nos trajo a la memoria los cuatro t\u00edtulos del Liceo Mixto en el b\u00e1squetbol profesional chileno.<\/span><\/p>\n<p><span>En tal sentido, Patricio Cornejo, fundador del colegio y hoy presidente de la Corporaci\u00f3n Monte Aconcagua fue enf\u00e1tico en subrayar el compromiso del colegio con la comuna de Los Andes, que con este encuentro deportivo dio el puntapi\u00e9 inicial a sus actividades de aniversario. \u201cNosotros estamos insertos en la comuna, somos de Los Andes y es por eso que nos sentimos orgullosos de haber facilitado nuestras dependencias para un encuentro de voleibol de este nivel\u201d, afirm\u00f3.<\/span><\/p>\n<p><span>\u201cPara nosotros como corporaci\u00f3n educativa el deporte es muy importante. Hoy ac\u00e1 vinieron muchos j\u00f3venes a presencia este tremendo espect\u00e1culo, que tambi\u00e9n sirve de motivaci\u00f3n a nuestros alumnos para que complementen el aspecto acad\u00e9mico con el deportivo\u201d, se\u00f1al\u00f3 el docente, al punto que junto al alcalde Manuel Rivera y los concejales Marta Yochum, Mario M\u00e9ndez y Juan Montenegro (art\u00edfice de la venida de este espect\u00e1culo), entregaban premios y se fotografiaban con las jugadoras y dirigentes nacionales de la disciplina.<\/span><\/p>\n<p><span>Tras el partido, Francisco Ortega, vecino de Centenario valor\u00f3 la iniciativa de traer a la Selecci\u00f3n Chilena de Voleibol femenina a la ciudad. \u201cNunca hab\u00eda visto un espect\u00e1culo de esta envergadura en Los Andes, adem\u00e1s, yo no conoc\u00eda el gimnasio del Liceo y reconozco que es muy hermoso\u201d, asegur\u00f3.<\/span><\/p>\n<p><span>Andrea Gonz\u00e1lez de la Villa El Horizonte, manifest\u00f3 una opini\u00f3n muy similar. \u201cEn este gimnasio se siente el p\u00fablico de una manera maravillosa, que a una la hace vibrar de emoci\u00f3n. Estoy muy contenta, esto fue m\u00e1s entretenido de lo que esperaba\u201d, concluy\u00f3.<\/span><\/p>\n<p><img fetchpriority=\"high\" decoding=\"async\" src=\"https:\/\/www.liceomixto.cl\/sanfelipe\/wp-content\/uploads\/2023\/07\/IMG-2348-300x210.jpg\" alt=\"\" width=\"300\" height=\"210\" class=\"alignnone size-medium wp-image-5971\" srcset=\"https:\/\/www.liceomixto.cl\/sanfelipe\/wp-content\/uploads\/2023\/07\/IMG-2348-300x210.jpg 300w, https:\/\/www.liceomixto.cl\/sanfelipe\/wp-content\/uploads\/2023\/07\/IMG-2348-1024x718.jpg 1024w, https:\/\/www.liceomixto.cl\/sanfelipe\/wp-content\/uploads\/2023\/07\/IMG-2348-768x539.jpg 768w, https:\/\/www.liceomixto.cl\/sanfelipe\/wp-content\/uploads\/2023\/07\/IMG-2348-1536x1077.jpg 1536w, https:\/\/www.liceomixto.cl\/sanfelipe\/wp-content\/uploads\/2023\/07\/IMG-2348-2048x1436.jpg 2048w\" sizes=\"(max-width: 300px) 100vw, 300px\" \/> <img decoding=\"async\" data-src=\"https:\/\/www.liceomixto.cl\/sanfelipe\/wp-content\/uploads\/2023\/07\/IMG-2333-300x233.jpg\" alt=\"\" width=\"300\" height=\"233\" class=\"alignnone size-medium wp-image-5970 lazyload\" data-srcset=\"https:\/\/www.liceomixto.cl\/sanfelipe\/wp-content\/uploads\/2023\/07\/IMG-2333-300x233.jpg 300w, https:\/\/www.liceomixto.cl\/sanfelipe\/wp-content\/uploads\/2023\/07\/IMG-2333-1024x794.jpg 1024w, https:\/\/www.liceomixto.cl\/sanfelipe\/wp-content\/uploads\/2023\/07\/IMG-2333-768x595.jpg 768w, https:\/\/www.liceomixto.cl\/sanfelipe\/wp-content\/uploads\/2023\/07\/IMG-2333-1536x1191.jpg 1536w, https:\/\/www.liceomixto.cl\/sanfelipe\/wp-content\/uploads\/2023\/07\/IMG-2333-2048x1587.jpg 2048w\" data-sizes=\"(max-width: 300px) 100vw, 300px\" src=\"data:image\/gif;base64,R0lGODlhAQABAAAAACH5BAEKAAEALAAAAAABAAEAAAICTAEAOw==\" style=\"--smush-placeholder-width: 300px; --smush-placeholder-aspect-ratio: 300\/233;\" \/> <img decoding=\"async\" data-src=\"https:\/\/www.liceomixto.cl\/sanfelipe\/wp-content\/uploads\/2023\/07\/IMG-2320-300x204.jpg\" alt=\"\" width=\"300\" height=\"204\" class=\"alignnone size-medium wp-image-5969 lazyload\" data-srcset=\"https:\/\/www.liceomixto.cl\/sanfelipe\/wp-content\/uploads\/2023\/07\/IMG-2320-300x204.jpg 300w, https:\/\/www.liceomixto.cl\/sanfelipe\/wp-content\/uploads\/2023\/07\/IMG-2320-1024x697.jpg 1024w, https:\/\/www.liceomixto.cl\/sanfelipe\/wp-content\/uploads\/2023\/07\/IMG-2320-768x523.jpg 768w, https:\/\/www.liceomixto.cl\/sanfelipe\/wp-content\/uploads\/2023\/07\/IMG-2320-1536x1045.jpg 1536w, https:\/\/www.liceomixto.cl\/sanfelipe\/wp-content\/uploads\/2023\/07\/IMG-2320-2048x1394.jpg 2048w\" data-sizes=\"(max-width: 300px) 100vw, 300px\" src=\"data:image\/gif;base64,R0lGODlhAQABAAAAACH5BAEKAAEALAAAAAABAAEAAAICTAEAOw==\" style=\"--smush-placeholder-width: 300px; --smush-placeholder-aspect-ratio: 300\/204;\" \/> <img decoding=\"async\" data-src=\"https:\/\/www.liceomixto.cl\/sanfelipe\/wp-content\/uploads\/2023\/07\/IMG-2313-300x225.jpg\" alt=\"\" width=\"300\" height=\"225\" class=\"alignnone size-medium wp-image-5968 lazyload\" data-srcset=\"https:\/\/www.liceomixto.cl\/sanfelipe\/wp-content\/uploads\/2023\/07\/IMG-2313-300x225.jpg 300w, https:\/\/www.liceomixto.cl\/sanfelipe\/wp-content\/uploads\/2023\/07\/IMG-2313-1024x768.jpg 1024w, https:\/\/www.liceomixto.cl\/sanfelipe\/wp-content\/uploads\/2023\/07\/IMG-2313-768x576.jpg 768w, https:\/\/www.liceomixto.cl\/sanfelipe\/wp-content\/uploads\/2023\/07\/IMG-2313-1536x1152.jpg 1536w, https:\/\/www.liceomixto.cl\/sanfelipe\/wp-content\/uploads\/2023\/07\/IMG-2313-2048x1536.jpg 2048w\" data-sizes=\"(max-width: 300px) 100vw, 300px\" src=\"data:image\/gif;base64,R0lGODlhAQABAAAAACH5BAEKAAEALAAAAAABAAEAAAICTAEAOw==\" style=\"--smush-placeholder-width: 300px; --smush-placeholder-aspect-ratio: 300\/225;\" \/> <img decoding=\"async\" data-src=\"https:\/\/www.liceomixto.cl\/sanfelipe\/wp-content\/uploads\/2023\/07\/IMG-2249-300x225.jpg\" alt=\"\" width=\"300\" height=\"225\" class=\"alignnone size-medium wp-image-5967 lazyload\" data-srcset=\"https:\/\/www.liceomixto.cl\/sanfelipe\/wp-content\/uploads\/2023\/07\/IMG-2249-300x225.jpg 300w, https:\/\/www.liceomixto.cl\/sanfelipe\/wp-content\/uploads\/2023\/07\/IMG-2249-1024x768.jpg 1024w, https:\/\/www.liceomixto.cl\/sanfelipe\/wp-content\/uploads\/2023\/07\/IMG-2249-768x576.jpg 768w, https:\/\/www.liceomixto.cl\/sanfelipe\/wp-content\/uploads\/2023\/07\/IMG-2249-1536x1152.jpg 1536w, https:\/\/www.liceomixto.cl\/sanfelipe\/wp-content\/uploads\/2023\/07\/IMG-2249-2048x1536.jpg 2048w\" data-sizes=\"(max-width: 300px) 100vw, 300px\" src=\"data:image\/gif;base64,R0lGODlhAQABAAAAACH5BAEKAAEALAAAAAABAAEAAAICTAEAOw==\" style=\"--smush-placeholder-width: 300px; --smush-placeholder-aspect-ratio: 300\/225;\" \/> <img decoding=\"async\" data-src=\"https:\/\/www.liceomixto.cl\/sanfelipe\/wp-content\/uploads\/2023\/07\/IMG-2222-300x210.jpg\" alt=\"\" width=\"300\" height=\"210\" class=\"alignnone size-medium wp-image-5966 lazyload\" data-srcset=\"https:\/\/www.liceomixto.cl\/sanfelipe\/wp-content\/uploads\/2023\/07\/IMG-2222-300x210.jpg 300w, https:\/\/www.liceomixto.cl\/sanfelipe\/wp-content\/uploads\/2023\/07\/IMG-2222-1024x716.jpg 1024w, https:\/\/www.liceomixto.cl\/sanfelipe\/wp-content\/uploads\/2023\/07\/IMG-2222-768x537.jpg 768w, https:\/\/www.liceomixto.cl\/sanfelipe\/wp-content\/uploads\/2023\/07\/IMG-2222-1536x1074.jpg 1536w, https:\/\/www.liceomixto.cl\/sanfelipe\/wp-content\/uploads\/2023\/07\/IMG-2222-2048x1432.jpg 2048w\" data-sizes=\"(max-width: 300px) 100vw, 300px\" src=\"data:image\/gif;base64,R0lGODlhAQABAAAAACH5BAEKAAEALAAAAAABAAEAAAICTAEAOw==\" style=\"--smush-placeholder-width: 300px; --smush-placeholder-aspect-ratio: 300\/210;\" \/> <img decoding=\"async\" data-src=\"https:\/\/www.liceomixto.cl\/sanfelipe\/wp-content\/uploads\/2023\/07\/IMG-2211-300x181.jpg\" alt=\"\" width=\"300\" height=\"181\" class=\"alignnone size-medium wp-image-5965 lazyload\" data-srcset=\"https:\/\/www.liceomixto.cl\/sanfelipe\/wp-content\/uploads\/2023\/07\/IMG-2211-300x181.jpg 300w, https:\/\/www.liceomixto.cl\/sanfelipe\/wp-content\/uploads\/2023\/07\/IMG-2211-1024x617.jpg 1024w, https:\/\/www.liceomixto.cl\/sanfelipe\/wp-content\/uploads\/2023\/07\/IMG-2211-768x463.jpg 768w, https:\/\/www.liceomixto.cl\/sanfelipe\/wp-content\/uploads\/2023\/07\/IMG-2211-1536x926.jpg 1536w, https:\/\/www.liceomixto.cl\/sanfelipe\/wp-content\/uploads\/2023\/07\/IMG-2211-2048x1235.jpg 2048w\" data-sizes=\"(max-width: 300px) 100vw, 300px\" src=\"data:image\/gif;base64,R0lGODlhAQABAAAAACH5BAEKAAEALAAAAAABAAEAAAICTAEAOw==\" style=\"--smush-placeholder-width: 300px; --smush-placeholder-aspect-ratio: 300\/181;\" \/> <img decoding=\"async\" data-src=\"https:\/\/www.liceomixto.cl\/sanfelipe\/wp-content\/uploads\/2023\/07\/IMG-2210-300x187.jpg\" alt=\"\" width=\"300\" height=\"187\" class=\"alignnone size-medium wp-image-5964 lazyload\" data-srcset=\"https:\/\/www.liceomixto.cl\/sanfelipe\/wp-content\/uploads\/2023\/07\/IMG-2210-300x187.jpg 300w, https:\/\/www.liceomixto.cl\/sanfelipe\/wp-content\/uploads\/2023\/07\/IMG-2210-1024x639.jpg 1024w, https:\/\/www.liceomixto.cl\/sanfelipe\/wp-content\/uploads\/2023\/07\/IMG-2210-768x479.jpg 768w, https:\/\/www.liceomixto.cl\/sanfelipe\/wp-content\/uploads\/2023\/07\/IMG-2210-1536x959.jpg 1536w, https:\/\/www.liceomixto.cl\/sanfelipe\/wp-content\/uploads\/2023\/07\/IMG-2210-2048x1279.jpg 2048w\" data-sizes=\"(max-width: 300px) 100vw, 300px\" src=\"data:image\/gif;base64,R0lGODlhAQABAAAAACH5BAEKAAEALAAAAAABAAEAAAICTAEAOw==\" style=\"--smush-placeholder-width: 300px; --smush-placeholder-aspect-ratio: 300\/187;\" \/><\/p>\n","protected":false},"excerpt":{"rendered":"<p>Tras m\u00e1s de una d\u00e9cada sin espect\u00e1culos deportivos de alto nivel en Los Andes, este s\u00e1bado en el gimnasio Juan Mu\u00f1oz Herrera del Liceo Mixto Bicentenario la Selecci\u00f3n Chilena de Voleibol -que se prepara para los juegos Panamericanos- derrot\u00f3 en el marco de una gira nacional al combinado de Nueva [&hellip;]<\/p>\n","protected":false},"author":4,"featured_media":5971,"comment_status":"closed","ping_status":"open","sticky":false,"template":"","format":"standard","meta":{"footnotes":""},"categories":[4],"tags":[],"_links":{"self":[{"href":"https:\/\/www.liceomixto.cl\/sanfelipe\/wp-json\/wp\/v2\/posts\/5963"}],"collection":[{"href":"https:\/\/www.liceomixto.cl\/sanfelipe\/wp-json\/wp\/v2\/posts"}],"about":[{"href":"https:\/\/www.liceomixto.cl\/sanfelipe\/wp-json\/wp\/v2\/types\/post"}],"author":[{"embeddable":true,"href":"https:\/\/www.liceomixto.cl\/sanfelipe\/wp-json\/wp\/v2\/users\/4"}],"replies":[{"embeddable":true,"href":"https:\/\/www.liceomixto.cl\/sanfelipe\/wp-json\/wp\/v2\/comments?post=5963"}],"version-history":[{"count":1,"href":"https:\/\/www.liceomixto.cl\/sanfelipe\/wp-json\/wp\/v2\/posts\/5963\/revisions"}],"predecessor-version":[{"id":5972,"href":"https:\/\/www.liceomixto.cl\/sanfelipe\/wp-json\/wp\/v2\/posts\/5963\/revisions\/5972"}],"wp:featuredmedia":[{"embeddable":true,"href":"https:\/\/www.liceomixto.cl\/sanfelipe\/wp-json\/wp\/v2\/media\/5971"}],"wp:attachment":[{"href":"https:\/\/www.liceomixto.cl\/sanfelipe\/wp-json\/wp\/v2\/media?parent=5963"}],"wp:term":[{"taxonomy":"category","embeddable":true,"href":"https:\/\/www.liceomixto.cl\/sanfelipe\/wp-json\/wp\/v2\/categories?post=5963"},{"taxonomy":"post_tag","embeddable":true,"href":"https:\/\/www.liceomixto.cl\/sanfelipe\/wp-json\/wp\/v2\/tags?post=5963"}],"curies":[{"name":"wp","href":"https:\/\/api.w.org\/{rel}","templated":true}]}}