{"id":5973,"date":"2023-07-19T16:30:15","date_gmt":"2023-07-19T19:30:15","guid":{"rendered":"https:\/\/www.liceomixto.cl\/sanfelipe\/?p=5973"},"modified":"2025-08-06T12:11:20","modified_gmt":"2025-08-06T15:11:20","slug":"liceo-mixto-firmo-convenio-de-cooperacion-con-nueva-minera-las-vizcachitas-de-putaendo","status":"publish","type":"post","link":"https:\/\/www.liceomixto.cl\/sanfelipe\/liceo-mixto-firmo-convenio-de-cooperacion-con-nueva-minera-las-vizcachitas-de-putaendo\/","title":{"rendered":"Liceo Mixto firm\u00f3 convenio de cooperaci\u00f3n con nueva Minera Las Vizcachitas de Putaendo"},"content":{"rendered":"<p><span>El Liceo Mixto firm\u00f3 un importante convenio de cooperaci\u00f3n con la nueva compa\u00f1\u00eda Minera Las Vizcachitas de Putaendo, el cual beneficiar\u00e1 a los estudiantes de Metalurgia Extractiva y Extracci\u00f3n Minera en cuanto a pr\u00e1cticas profesionales y una eventual continuidad laboral.<\/span><\/p>\n<p><span>Patricio Cornejo, presidente del directorio de la Corporaci\u00f3n Monte Aconcagua fue enf\u00e1tico en calificar como de un hito para el liceo la materializaci\u00f3n de esta alianza estrat\u00e9gica. \u201cA la cupr\u00edfera le interesa mucho que la educaci\u00f3n formal que reciben los ni\u00f1os sea adecuada a los nuevos tiempos de la miner\u00eda\u201d, se\u00f1al\u00f3, haciendo hincapi\u00e9 en que la idea de Vizcachitas es que una parte importante de su recurso laboral est\u00e9 conformado por alumnos egresados del Liceo Mixto \u201cy no s\u00f3lo de miner\u00eda, sino que tambi\u00e9n del \u00e1rea de laboratorio qu\u00edmico\u201d, concluy\u00f3 el directivo.<\/span><\/p>\n<p><span>Ninoska Ram\u00edrez, rectora de la Corporaci\u00f3n Educacional Monte Aconcagua, subray\u00f3 que la instalaci\u00f3n de la nueva compa\u00f1\u00eda minera traer\u00e1 un beneficio para toda la comunidad. \u201cEste convenio es muy amplio y dar\u00e1 a los profesores la posibilidad de trabajar con los profesionales de la minera en el sentido de compartir buenas pr\u00e1cticas, revisar bases curriculares, adem\u00e1s de potenciar y customizar el curr\u00edculum de los estudiantes\u201d asegur\u00f3 la rectora, al tiempo de resaltar que se est\u00e1 trabajando de manera muy anticipada con la minera, para a su vez con Fundaci\u00f3n Chile revisar los perfiles de cargo de los docentes \u201clo que nos permitir\u00e1 apuntar a lo que el mercado necesita generando mayores posibilidades de continuidad laboral a los alumnos\u201d, sentenci\u00f3.<\/span><\/p>\n<p><span>Por su parte, Alejandro Cassi, gerente de asuntos p\u00fablicos de la minera Las Vizcachitas sostuvo que este es el primer convenio marco que la empresa firma con una instituci\u00f3n educacional de la provincia de San Felipe. \u201cEsto nos permitir\u00e1 revisar los perfiles de las carreras mineras del Liceo Mixto para hacerlos compatibles con las necesidades de una futura campa\u00f1a de sondaje y posterior operaci\u00f3n en Putaendo\u201d, manifest\u00f3, complementando que. \u201ceste primer paso nos permite construir las condiciones para que los estudiantes del liceo tengan una oportunidad, abri\u00e9ndose un camino a trav\u00e9s de las pr\u00e1cticas para su futuro laboral\u201d, afirm\u00f3 el profesional.<\/span><\/p>\n<p><span>Ignacio Melero, director de asuntos corporativos de la minera Las Vizcachitas se mostr\u00f3 gratamente impresionado con el Liceo Mixto. \u201cQuiero felicitar al equipo directivo del colegio, al equipo docente y trabajadores, estamos sorprendidos con la infraestructura, la calidad y el nivel que existe ac\u00e1. Este es el puntapi\u00e9 inicial para seguir construyendo una relaci\u00f3n muy pr\u00f3spera y s\u00f3lida\u201d, asegur\u00f3 el ejecutivo, refiri\u00e9ndose asimismo al impacto econ\u00f3mico que tendr\u00e1 el proyecto minero de Las Vizcachitas en la provincia. \u201cA nivel regional se puede generar un impacto de cerca del tres por ciento sobre el crecimiento actual, por eso hoy se abren una serie de oportunidades para empezar a desarrollar las competencias para contar con la mayor cantidad de trabajadores de la provincia y la regi\u00f3n\u201d.<\/span><\/p>\n<p><img fetchpriority=\"high\" decoding=\"async\" src=\"https:\/\/www.liceomixto.cl\/sanfelipe\/wp-content\/uploads\/2023\/07\/IMG-2152-300x199.jpg\" alt=\"\" width=\"300\" height=\"199\" class=\"alignnone size-medium wp-image-5978\" srcset=\"https:\/\/www.liceomixto.cl\/sanfelipe\/wp-content\/uploads\/2023\/07\/IMG-2152-300x199.jpg 300w, https:\/\/www.liceomixto.cl\/sanfelipe\/wp-content\/uploads\/2023\/07\/IMG-2152-1024x679.jpg 1024w, https:\/\/www.liceomixto.cl\/sanfelipe\/wp-content\/uploads\/2023\/07\/IMG-2152-768x509.jpg 768w, https:\/\/www.liceomixto.cl\/sanfelipe\/wp-content\/uploads\/2023\/07\/IMG-2152-1536x1018.jpg 1536w, https:\/\/www.liceomixto.cl\/sanfelipe\/wp-content\/uploads\/2023\/07\/IMG-2152-2048x1358.jpg 2048w, https:\/\/www.liceomixto.cl\/sanfelipe\/wp-content\/uploads\/2023\/07\/IMG-2152-360x240.jpg 360w\" sizes=\"(max-width: 300px) 100vw, 300px\" \/> <img decoding=\"async\" data-src=\"https:\/\/www.liceomixto.cl\/sanfelipe\/wp-content\/uploads\/2023\/07\/IMG-2141-300x207.jpg\" alt=\"\" width=\"300\" height=\"207\" class=\"alignnone size-medium wp-image-5977 lazyload\" data-srcset=\"https:\/\/www.liceomixto.cl\/sanfelipe\/wp-content\/uploads\/2023\/07\/IMG-2141-300x207.jpg 300w, https:\/\/www.liceomixto.cl\/sanfelipe\/wp-content\/uploads\/2023\/07\/IMG-2141-1024x708.jpg 1024w, https:\/\/www.liceomixto.cl\/sanfelipe\/wp-content\/uploads\/2023\/07\/IMG-2141-768x531.jpg 768w, https:\/\/www.liceomixto.cl\/sanfelipe\/wp-content\/uploads\/2023\/07\/IMG-2141-1536x1062.jpg 1536w, https:\/\/www.liceomixto.cl\/sanfelipe\/wp-content\/uploads\/2023\/07\/IMG-2141-2048x1416.jpg 2048w\" data-sizes=\"(max-width: 300px) 100vw, 300px\" src=\"data:image\/gif;base64,R0lGODlhAQABAAAAACH5BAEKAAEALAAAAAABAAEAAAICTAEAOw==\" style=\"--smush-placeholder-width: 300px; --smush-placeholder-aspect-ratio: 300\/207;\" \/> <img decoding=\"async\" data-src=\"https:\/\/www.liceomixto.cl\/sanfelipe\/wp-content\/uploads\/2023\/07\/IMG-2140-300x210.jpg\" alt=\"\" width=\"300\" height=\"210\" class=\"alignnone size-medium wp-image-5976 lazyload\" data-srcset=\"https:\/\/www.liceomixto.cl\/sanfelipe\/wp-content\/uploads\/2023\/07\/IMG-2140-300x210.jpg 300w, https:\/\/www.liceomixto.cl\/sanfelipe\/wp-content\/uploads\/2023\/07\/IMG-2140-1024x718.jpg 1024w, https:\/\/www.liceomixto.cl\/sanfelipe\/wp-content\/uploads\/2023\/07\/IMG-2140-768x538.jpg 768w, https:\/\/www.liceomixto.cl\/sanfelipe\/wp-content\/uploads\/2023\/07\/IMG-2140-1536x1077.jpg 1536w, https:\/\/www.liceomixto.cl\/sanfelipe\/wp-content\/uploads\/2023\/07\/IMG-2140-2048x1435.jpg 2048w\" data-sizes=\"(max-width: 300px) 100vw, 300px\" src=\"data:image\/gif;base64,R0lGODlhAQABAAAAACH5BAEKAAEALAAAAAABAAEAAAICTAEAOw==\" style=\"--smush-placeholder-width: 300px; --smush-placeholder-aspect-ratio: 300\/210;\" \/> <img decoding=\"async\" data-src=\"https:\/\/www.liceomixto.cl\/sanfelipe\/wp-content\/uploads\/2023\/07\/IMG-2138-300x204.jpg\" alt=\"\" width=\"300\" height=\"204\" class=\"alignnone size-medium wp-image-5975 lazyload\" data-srcset=\"https:\/\/www.liceomixto.cl\/sanfelipe\/wp-content\/uploads\/2023\/07\/IMG-2138-300x204.jpg 300w, https:\/\/www.liceomixto.cl\/sanfelipe\/wp-content\/uploads\/2023\/07\/IMG-2138-1024x696.jpg 1024w, https:\/\/www.liceomixto.cl\/sanfelipe\/wp-content\/uploads\/2023\/07\/IMG-2138-768x522.jpg 768w, https:\/\/www.liceomixto.cl\/sanfelipe\/wp-content\/uploads\/2023\/07\/IMG-2138-1536x1044.jpg 1536w, https:\/\/www.liceomixto.cl\/sanfelipe\/wp-content\/uploads\/2023\/07\/IMG-2138-2048x1391.jpg 2048w\" data-sizes=\"(max-width: 300px) 100vw, 300px\" src=\"data:image\/gif;base64,R0lGODlhAQABAAAAACH5BAEKAAEALAAAAAABAAEAAAICTAEAOw==\" style=\"--smush-placeholder-width: 300px; --smush-placeholder-aspect-ratio: 300\/204;\" \/> <img decoding=\"async\" data-src=\"https:\/\/www.liceomixto.cl\/sanfelipe\/wp-content\/uploads\/2023\/07\/IMG-2128-300x198.jpg\" alt=\"\" width=\"300\" height=\"198\" class=\"alignnone size-medium wp-image-5974 lazyload\" data-srcset=\"https:\/\/www.liceomixto.cl\/sanfelipe\/wp-content\/uploads\/2023\/07\/IMG-2128-300x198.jpg 300w, https:\/\/www.liceomixto.cl\/sanfelipe\/wp-content\/uploads\/2023\/07\/IMG-2128-1024x677.jpg 1024w, https:\/\/www.liceomixto.cl\/sanfelipe\/wp-content\/uploads\/2023\/07\/IMG-2128-768x508.jpg 768w, https:\/\/www.liceomixto.cl\/sanfelipe\/wp-content\/uploads\/2023\/07\/IMG-2128-1536x1015.jpg 1536w, https:\/\/www.liceomixto.cl\/sanfelipe\/wp-content\/uploads\/2023\/07\/IMG-2128-2048x1353.jpg 2048w\" data-sizes=\"(max-width: 300px) 100vw, 300px\" src=\"data:image\/gif;base64,R0lGODlhAQABAAAAACH5BAEKAAEALAAAAAABAAEAAAICTAEAOw==\" style=\"--smush-placeholder-width: 300px; --smush-placeholder-aspect-ratio: 300\/198;\" \/><\/p>\n","protected":false},"excerpt":{"rendered":"<p>El Liceo Mixto firm\u00f3 un importante convenio de cooperaci\u00f3n con la nueva compa\u00f1\u00eda Minera Las Vizcachitas de Putaendo, el cual beneficiar\u00e1 a los estudiantes de Metalurgia Extractiva y Extracci\u00f3n Minera en cuanto a pr\u00e1cticas profesionales y una eventual continuidad laboral. Patricio Cornejo, presidente del directorio de la Corporaci\u00f3n Monte Aconcagua [&hellip;]<\/p>\n","protected":false},"author":4,"featured_media":5978,"comment_status":"closed","ping_status":"open","sticky":false,"template":"","format":"standard","meta":{"footnotes":""},"categories":[4],"tags":[],"_links":{"self":[{"href":"https:\/\/www.liceomixto.cl\/sanfelipe\/wp-json\/wp\/v2\/posts\/5973"}],"collection":[{"href":"https:\/\/www.liceomixto.cl\/sanfelipe\/wp-json\/wp\/v2\/posts"}],"about":[{"href":"https:\/\/www.liceomixto.cl\/sanfelipe\/wp-json\/wp\/v2\/types\/post"}],"author":[{"embeddable":true,"href":"https:\/\/www.liceomixto.cl\/sanfelipe\/wp-json\/wp\/v2\/users\/4"}],"replies":[{"embeddable":true,"href":"https:\/\/www.liceomixto.cl\/sanfelipe\/wp-json\/wp\/v2\/comments?post=5973"}],"version-history":[{"count":1,"href":"https:\/\/www.liceomixto.cl\/sanfelipe\/wp-json\/wp\/v2\/posts\/5973\/revisions"}],"predecessor-version":[{"id":5979,"href":"https:\/\/www.liceomixto.cl\/sanfelipe\/wp-json\/wp\/v2\/posts\/5973\/revisions\/5979"}],"wp:featuredmedia":[{"embeddable":true,"href":"https:\/\/www.liceomixto.cl\/sanfelipe\/wp-json\/wp\/v2\/media\/5978"}],"wp:attachment":[{"href":"https:\/\/www.liceomixto.cl\/sanfelipe\/wp-json\/wp\/v2\/media?parent=5973"}],"wp:term":[{"taxonomy":"category","embeddable":true,"href":"https:\/\/www.liceomixto.cl\/sanfelipe\/wp-json\/wp\/v2\/categories?post=5973"},{"taxonomy":"post_tag","embeddable":true,"href":"https:\/\/www.liceomixto.cl\/sanfelipe\/wp-json\/wp\/v2\/tags?post=5973"}],"curies":[{"name":"wp","href":"https:\/\/api.w.org\/{rel}","templated":true}]}}