{"id":5980,"date":"2023-07-24T13:34:56","date_gmt":"2023-07-24T16:34:56","guid":{"rendered":"https:\/\/www.liceomixto.cl\/sanfelipe\/?p=5980"},"modified":"2025-08-06T12:11:20","modified_gmt":"2025-08-06T15:11:20","slug":"papas-trabajan-tranquilos-con-sus-hijos-en-el-programa-after-school-que-el-liceo-mixto-desarrolla-en-sus-colegios-de-ensenanza-basica","status":"publish","type":"post","link":"https:\/\/www.liceomixto.cl\/sanfelipe\/papas-trabajan-tranquilos-con-sus-hijos-en-el-programa-after-school-que-el-liceo-mixto-desarrolla-en-sus-colegios-de-ensenanza-basica\/","title":{"rendered":"Pap\u00e1s trabajan tranquilos con sus hijos en el programa After School que el Liceo Mixto desarrolla en sus colegios de Ense\u00f1anza B\u00e1sica"},"content":{"rendered":"<p><span>Con gran \u00e9xito desde el a\u00f1o lectivo 2019 el Liceo Mixto desarrolla el programa After School dise\u00f1ado para apoyar a los hijos de madres o padres que trabajan. El programa se realiza en los tres establecimientos de ense\u00f1anza b\u00e1sica de la Corporaci\u00f3n Monte Aconcagua de Los Andes y San Felipe.<\/span><\/p>\n<p><span>Enmarcado en una pol\u00edtica institucional donde el eje central es la familia, el After School se transforma, asimismo, en un apoyo fundamental de cara a los logros acad\u00e9micos de los escolares. El programa consiste en una extensi\u00f3n horaria para ni\u00f1os de Pre k\u00ednder a Sexto A\u00f1o B\u00e1sico, quienes opcionalmente permanecen en el colegio hasta las 18:00 horas, de manera que sus madres o padres puedan trabajar tranquilos y con la certeza que sus hijos tienen los mejores cuidados a cargo de profesionales del m\u00e1s alto nivel.<\/span><\/p>\n<div><\/div>\n<div>Ninoska Ram\u00edrez, rectora del Liceo Mixto, sostuvo que este programa nace precisamente con el objetivo de apoyar a los apoderados que por motivos laborales o que no cuentan redes de apoyo, puedan mantener a sus hijos en un ambiente seguro y de cuidado. &#8220;En el camino y crecimiento del programa After School, nos dimos cuenta que debemos focalizar nuestros esfuerzos en brindar actividades de diversa \u00edndole y que fueran del inter\u00e9s de los alumnos, por lo tanto, \u00a0existen m\u00f3dulos para tutor\u00edas y apoyos acad\u00e9micos y tambi\u00e9n actividades deportivas y recreativas. Estamos trabajando para ampliar la cobertura de este apoyo&#8221;,\u00a0afirm\u00f3 la profesional..<\/p>\n<p>Max Gonz\u00e1lez, director de Liceo Mixto B\u00e1sica 1, sostuvo que la extensi\u00f3n horaria surge a partir de un diagn\u00f3stico social el cual determina que muchos apoderados, dada su jornada laboral, ten\u00edan dificultades para retirar a los ni\u00f1os al terminar las clases cerca de las cuatro de la tarde. \u201cEl programa mantiene din\u00e1micas de talleres y afianzamiento curricular. En el caso de la Educaci\u00f3n Parvularia el sustento curricular se enmarca en los juegos y eso es lo que ofrece el After School a los estudiantes\u201d, asegur\u00f3 el profesional.<\/p>\n<p>Paulina Hidalgo, mam\u00e1 de Antonella Maza, valor\u00f3 positivamente la iniciativa del colegio. \u201cEncuentro que esta es una muy buena instancia porque los pap\u00e1s podemos trabajar m\u00e1s tranquilos. Adem\u00e1s, son muchos los ni\u00f1os que est\u00e1n en el After School a quienes se les refuerzan contenidos y nuevas ense\u00f1anzas\u201d, manifest\u00f3 la apoderada.<\/p>\n<p>Para Marta Fern\u00e1ndez, mam\u00e1 de Esperanza Santib\u00e1\u00f1ez de k\u00ednder A, el programa es s\u00faper importante porque hay un apoyo pedag\u00f3gico extra que recibe su hija. \u201cAdem\u00e1s, los padres tenemos la tranquilidad laboral al momento de saber que pasamos del trabajo a buscar a los ni\u00f1os al colegio. No todos los colegios dan esta posibilidad y es una de las cosas ricas que tiene el Liceo Mixto\u201d, subray\u00f3.<\/p><\/div>\n<div><img fetchpriority=\"high\" decoding=\"async\" src=\"https:\/\/www.liceomixto.cl\/sanfelipe\/wp-content\/uploads\/2023\/07\/IMG-4413-copia-300x225.jpg\" alt=\"\" width=\"300\" height=\"225\" class=\"alignnone size-medium wp-image-5988\" srcset=\"https:\/\/www.liceomixto.cl\/sanfelipe\/wp-content\/uploads\/2023\/07\/IMG-4413-copia-300x225.jpg 300w, https:\/\/www.liceomixto.cl\/sanfelipe\/wp-content\/uploads\/2023\/07\/IMG-4413-copia-1024x768.jpg 1024w, https:\/\/www.liceomixto.cl\/sanfelipe\/wp-content\/uploads\/2023\/07\/IMG-4413-copia-768x576.jpg 768w, https:\/\/www.liceomixto.cl\/sanfelipe\/wp-content\/uploads\/2023\/07\/IMG-4413-copia-1536x1152.jpg 1536w, https:\/\/www.liceomixto.cl\/sanfelipe\/wp-content\/uploads\/2023\/07\/IMG-4413-copia-2048x1536.jpg 2048w\" sizes=\"(max-width: 300px) 100vw, 300px\" \/> <img decoding=\"async\" data-src=\"https:\/\/www.liceomixto.cl\/sanfelipe\/wp-content\/uploads\/2023\/07\/IMG-2575-300x220.jpg\" alt=\"\" width=\"300\" height=\"220\" class=\"alignnone size-medium wp-image-5987 lazyload\" data-srcset=\"https:\/\/www.liceomixto.cl\/sanfelipe\/wp-content\/uploads\/2023\/07\/IMG-2575-300x220.jpg 300w, https:\/\/www.liceomixto.cl\/sanfelipe\/wp-content\/uploads\/2023\/07\/IMG-2575-1024x752.jpg 1024w, https:\/\/www.liceomixto.cl\/sanfelipe\/wp-content\/uploads\/2023\/07\/IMG-2575-768x564.jpg 768w, https:\/\/www.liceomixto.cl\/sanfelipe\/wp-content\/uploads\/2023\/07\/IMG-2575-1536x1128.jpg 1536w, https:\/\/www.liceomixto.cl\/sanfelipe\/wp-content\/uploads\/2023\/07\/IMG-2575-2048x1503.jpg 2048w\" data-sizes=\"(max-width: 300px) 100vw, 300px\" src=\"data:image\/gif;base64,R0lGODlhAQABAAAAACH5BAEKAAEALAAAAAABAAEAAAICTAEAOw==\" style=\"--smush-placeholder-width: 300px; --smush-placeholder-aspect-ratio: 300\/220;\" \/> <img decoding=\"async\" data-src=\"https:\/\/www.liceomixto.cl\/sanfelipe\/wp-content\/uploads\/2023\/07\/IMG-2572-300x196.jpg\" alt=\"\" width=\"300\" height=\"196\" class=\"alignnone size-medium wp-image-5986 lazyload\" data-srcset=\"https:\/\/www.liceomixto.cl\/sanfelipe\/wp-content\/uploads\/2023\/07\/IMG-2572-300x196.jpg 300w, https:\/\/www.liceomixto.cl\/sanfelipe\/wp-content\/uploads\/2023\/07\/IMG-2572-1024x669.jpg 1024w, https:\/\/www.liceomixto.cl\/sanfelipe\/wp-content\/uploads\/2023\/07\/IMG-2572-768x502.jpg 768w, https:\/\/www.liceomixto.cl\/sanfelipe\/wp-content\/uploads\/2023\/07\/IMG-2572-1536x1003.jpg 1536w, https:\/\/www.liceomixto.cl\/sanfelipe\/wp-content\/uploads\/2023\/07\/IMG-2572-2048x1338.jpg 2048w\" data-sizes=\"(max-width: 300px) 100vw, 300px\" src=\"data:image\/gif;base64,R0lGODlhAQABAAAAACH5BAEKAAEALAAAAAABAAEAAAICTAEAOw==\" style=\"--smush-placeholder-width: 300px; --smush-placeholder-aspect-ratio: 300\/196;\" \/> <img decoding=\"async\" data-src=\"https:\/\/www.liceomixto.cl\/sanfelipe\/wp-content\/uploads\/2023\/07\/IMG-2567-300x187.jpg\" alt=\"\" width=\"300\" height=\"187\" class=\"alignnone size-medium wp-image-5985 lazyload\" data-srcset=\"https:\/\/www.liceomixto.cl\/sanfelipe\/wp-content\/uploads\/2023\/07\/IMG-2567-300x187.jpg 300w, https:\/\/www.liceomixto.cl\/sanfelipe\/wp-content\/uploads\/2023\/07\/IMG-2567-1024x637.jpg 1024w, https:\/\/www.liceomixto.cl\/sanfelipe\/wp-content\/uploads\/2023\/07\/IMG-2567-768x478.jpg 768w, https:\/\/www.liceomixto.cl\/sanfelipe\/wp-content\/uploads\/2023\/07\/IMG-2567-1536x956.jpg 1536w, https:\/\/www.liceomixto.cl\/sanfelipe\/wp-content\/uploads\/2023\/07\/IMG-2567-2048x1274.jpg 2048w\" data-sizes=\"(max-width: 300px) 100vw, 300px\" src=\"data:image\/gif;base64,R0lGODlhAQABAAAAACH5BAEKAAEALAAAAAABAAEAAAICTAEAOw==\" style=\"--smush-placeholder-width: 300px; --smush-placeholder-aspect-ratio: 300\/187;\" \/> <img decoding=\"async\" data-src=\"https:\/\/www.liceomixto.cl\/sanfelipe\/wp-content\/uploads\/2023\/07\/BASICA-SAN-FELIPE-6-copia-300x179.jpg\" alt=\"\" width=\"300\" height=\"179\" class=\"alignnone size-medium wp-image-5984 lazyload\" data-srcset=\"https:\/\/www.liceomixto.cl\/sanfelipe\/wp-content\/uploads\/2023\/07\/BASICA-SAN-FELIPE-6-copia-300x179.jpg 300w, https:\/\/www.liceomixto.cl\/sanfelipe\/wp-content\/uploads\/2023\/07\/BASICA-SAN-FELIPE-6-copia-1024x611.jpg 1024w, https:\/\/www.liceomixto.cl\/sanfelipe\/wp-content\/uploads\/2023\/07\/BASICA-SAN-FELIPE-6-copia-768x458.jpg 768w, https:\/\/www.liceomixto.cl\/sanfelipe\/wp-content\/uploads\/2023\/07\/BASICA-SAN-FELIPE-6-copia-1536x916.jpg 1536w, https:\/\/www.liceomixto.cl\/sanfelipe\/wp-content\/uploads\/2023\/07\/BASICA-SAN-FELIPE-6-copia-2048x1222.jpg 2048w\" data-sizes=\"(max-width: 300px) 100vw, 300px\" src=\"data:image\/gif;base64,R0lGODlhAQABAAAAACH5BAEKAAEALAAAAAABAAEAAAICTAEAOw==\" style=\"--smush-placeholder-width: 300px; --smush-placeholder-aspect-ratio: 300\/179;\" \/> <img decoding=\"async\" data-src=\"https:\/\/www.liceomixto.cl\/sanfelipe\/wp-content\/uploads\/2023\/07\/BASICA-2-1-300x183.jpg\" alt=\"\" width=\"300\" height=\"183\" class=\"alignnone size-medium wp-image-5981 lazyload\" data-srcset=\"https:\/\/www.liceomixto.cl\/sanfelipe\/wp-content\/uploads\/2023\/07\/BASICA-2-1-300x183.jpg 300w, https:\/\/www.liceomixto.cl\/sanfelipe\/wp-content\/uploads\/2023\/07\/BASICA-2-1-1024x623.jpg 1024w, https:\/\/www.liceomixto.cl\/sanfelipe\/wp-content\/uploads\/2023\/07\/BASICA-2-1-768x468.jpg 768w, https:\/\/www.liceomixto.cl\/sanfelipe\/wp-content\/uploads\/2023\/07\/BASICA-2-1-1536x935.jpg 1536w, https:\/\/www.liceomixto.cl\/sanfelipe\/wp-content\/uploads\/2023\/07\/BASICA-2-1-2048x1247.jpg 2048w\" data-sizes=\"(max-width: 300px) 100vw, 300px\" src=\"data:image\/gif;base64,R0lGODlhAQABAAAAACH5BAEKAAEALAAAAAABAAEAAAICTAEAOw==\" style=\"--smush-placeholder-width: 300px; --smush-placeholder-aspect-ratio: 300\/183;\" \/> <img decoding=\"async\" data-src=\"https:\/\/www.liceomixto.cl\/sanfelipe\/wp-content\/uploads\/2023\/07\/basica-2-11-copia-300x169.jpg\" alt=\"\" width=\"300\" height=\"169\" class=\"alignnone size-medium wp-image-5982 lazyload\" data-srcset=\"https:\/\/www.liceomixto.cl\/sanfelipe\/wp-content\/uploads\/2023\/07\/basica-2-11-copia-300x169.jpg 300w, https:\/\/www.liceomixto.cl\/sanfelipe\/wp-content\/uploads\/2023\/07\/basica-2-11-copia-1024x576.jpg 1024w, https:\/\/www.liceomixto.cl\/sanfelipe\/wp-content\/uploads\/2023\/07\/basica-2-11-copia-768x432.jpg 768w, https:\/\/www.liceomixto.cl\/sanfelipe\/wp-content\/uploads\/2023\/07\/basica-2-11-copia-1536x864.jpg 1536w, https:\/\/www.liceomixto.cl\/sanfelipe\/wp-content\/uploads\/2023\/07\/basica-2-11-copia-2048x1152.jpg 2048w\" data-sizes=\"(max-width: 300px) 100vw, 300px\" src=\"data:image\/gif;base64,R0lGODlhAQABAAAAACH5BAEKAAEALAAAAAABAAEAAAICTAEAOw==\" style=\"--smush-placeholder-width: 300px; --smush-placeholder-aspect-ratio: 300\/169;\" \/> <img decoding=\"async\" data-src=\"https:\/\/www.liceomixto.cl\/sanfelipe\/wp-content\/uploads\/2023\/07\/BASICA-SAN-FELIPE-5-300x169.jpg\" alt=\"\" width=\"300\" height=\"169\" class=\"alignnone size-medium wp-image-5983 lazyload\" data-srcset=\"https:\/\/www.liceomixto.cl\/sanfelipe\/wp-content\/uploads\/2023\/07\/BASICA-SAN-FELIPE-5-300x169.jpg 300w, https:\/\/www.liceomixto.cl\/sanfelipe\/wp-content\/uploads\/2023\/07\/BASICA-SAN-FELIPE-5-1024x576.jpg 1024w, https:\/\/www.liceomixto.cl\/sanfelipe\/wp-content\/uploads\/2023\/07\/BASICA-SAN-FELIPE-5-768x432.jpg 768w, https:\/\/www.liceomixto.cl\/sanfelipe\/wp-content\/uploads\/2023\/07\/BASICA-SAN-FELIPE-5-1536x864.jpg 1536w, https:\/\/www.liceomixto.cl\/sanfelipe\/wp-content\/uploads\/2023\/07\/BASICA-SAN-FELIPE-5-2048x1152.jpg 2048w\" data-sizes=\"(max-width: 300px) 100vw, 300px\" src=\"data:image\/gif;base64,R0lGODlhAQABAAAAACH5BAEKAAEALAAAAAABAAEAAAICTAEAOw==\" style=\"--smush-placeholder-width: 300px; --smush-placeholder-aspect-ratio: 300\/169;\" \/><\/div>\n<div><\/div>\n","protected":false},"excerpt":{"rendered":"<p>Con gran \u00e9xito desde el a\u00f1o lectivo 2019 el Liceo Mixto desarrolla el programa After School dise\u00f1ado para apoyar a los hijos de madres o padres que trabajan. El programa se realiza en los tres establecimientos de ense\u00f1anza b\u00e1sica de la Corporaci\u00f3n Monte Aconcagua de Los Andes y San Felipe. [&hellip;]<\/p>\n","protected":false},"author":4,"featured_media":5984,"comment_status":"closed","ping_status":"open","sticky":false,"template":"","format":"standard","meta":{"footnotes":""},"categories":[4],"tags":[],"_links":{"self":[{"href":"https:\/\/www.liceomixto.cl\/sanfelipe\/wp-json\/wp\/v2\/posts\/5980"}],"collection":[{"href":"https:\/\/www.liceomixto.cl\/sanfelipe\/wp-json\/wp\/v2\/posts"}],"about":[{"href":"https:\/\/www.liceomixto.cl\/sanfelipe\/wp-json\/wp\/v2\/types\/post"}],"author":[{"embeddable":true,"href":"https:\/\/www.liceomixto.cl\/sanfelipe\/wp-json\/wp\/v2\/users\/4"}],"replies":[{"embeddable":true,"href":"https:\/\/www.liceomixto.cl\/sanfelipe\/wp-json\/wp\/v2\/comments?post=5980"}],"version-history":[{"count":1,"href":"https:\/\/www.liceomixto.cl\/sanfelipe\/wp-json\/wp\/v2\/posts\/5980\/revisions"}],"predecessor-version":[{"id":5989,"href":"https:\/\/www.liceomixto.cl\/sanfelipe\/wp-json\/wp\/v2\/posts\/5980\/revisions\/5989"}],"wp:featuredmedia":[{"embeddable":true,"href":"https:\/\/www.liceomixto.cl\/sanfelipe\/wp-json\/wp\/v2\/media\/5984"}],"wp:attachment":[{"href":"https:\/\/www.liceomixto.cl\/sanfelipe\/wp-json\/wp\/v2\/media?parent=5980"}],"wp:term":[{"taxonomy":"category","embeddable":true,"href":"https:\/\/www.liceomixto.cl\/sanfelipe\/wp-json\/wp\/v2\/categories?post=5980"},{"taxonomy":"post_tag","embeddable":true,"href":"https:\/\/www.liceomixto.cl\/sanfelipe\/wp-json\/wp\/v2\/tags?post=5980"}],"curies":[{"name":"wp","href":"https:\/\/api.w.org\/{rel}","templated":true}]}}