{"id":5991,"date":"2023-07-25T18:40:52","date_gmt":"2023-07-25T21:40:52","guid":{"rendered":"https:\/\/www.liceomixto.cl\/sanfelipe\/?p=5991"},"modified":"2025-08-06T12:11:20","modified_gmt":"2025-08-06T15:11:20","slug":"liceo-mixto-recibio-certificacion-por-calidad-de-vida-escolar","status":"publish","type":"post","link":"https:\/\/www.liceomixto.cl\/sanfelipe\/liceo-mixto-recibio-certificacion-por-calidad-de-vida-escolar\/","title":{"rendered":"Liceo Mixto recibi\u00f3 certificaci\u00f3n por Calidad de Vida Escolar"},"content":{"rendered":"<p style=\"font-weight: 400;\">El Liceo Mixto para sus sedes de Los Andes y San Felipe recibi\u00f3 una certificaci\u00f3n por Calidad de Vida Escolar, tras un proceso de seis meses desarrollado por la Sociedad de Formaci\u00f3n Desarrolla SpA, con sede en la ciudad de Valpara\u00edso.<\/p>\n<p>Patricio Cornejo, presidente de la Corporaci\u00f3n Monte Aconcagua, valor\u00f3 como un hito que el Liceo Mixto sea el primer colegio de la regi\u00f3n certificado en este \u00e1mbito. \u201cEsto nos indica que hemos estabilizado una buena convivencia en forma permanente entre los alumnos, quienes conviven en un ambiente tranquilo donde se privilegian el buen trato y los aprendizajes\u201d, asegur\u00f3, recordando que cuando otros establecimientos est\u00e1n ad portas de huelgas en el Liceo Mixto se est\u00e1 trabajando con resultados acad\u00e9micos importantes.<\/p>\n<p>Por su parte, Ninoska Ram\u00edrez, rectora del Liceo Mixto, sostuvo que esta certificaci\u00f3n que acredita una buena Calidad de Vida Escolar en las cinco sedes de los establecimientos de la corporaci\u00f3n, \u201ces una medida objetiva, se\u00f1alada por parte de una organizaci\u00f3n que se dedica a lo largo de todo el pa\u00eds\u00a0a evaluar y certificar procesos de esta naturaleza en establecimientos educacionales y que nos indica d\u00f3nde estamos y c\u00f3mo generar acciones que nos permitan mejorar a\u00fan m\u00e1s nuestros \u00edndices en los procesos relacionados a la Calidad de Vida Escolar&#8221;, dijo, subrayando que &#8220;para nosotros como comunidad es un orgullo pues salimos evaluados con una calificaci\u00f3n sobresaliente en la certificaci\u00f3n en todos nuestros establecimientos&#8221;, indic\u00f3.<\/p>\n<p>La profesional hizo hincapi\u00e9 en que este es un trabajo que se debe desarrollar de manera integral. \u201cNosotros nos preocupamos de que la calidad del servicio educativo sea INTEGRAL, ofreciendo adem\u00e1s a nuestros alumnos, docentes, padres y apoderados, un ambiente escolar arm\u00f3nico y seguro\u201d, sostuvo.<\/p>\n<p style=\"font-weight: 400;\">La rectora, asimismo invit\u00f3 a toda la comunidad del Valle del Aconcagua \u201ca visitar nuestras instalaciones para conocernos f\u00edsicamente, por medio de recorridos para apoderados y alumnos, que se coordinan directamente en cada Establecimiento o\u00a0tambi\u00e9n\u00a0visitar nuestras redes sociales (en Instagram: lmlamedia, liceomixtobasica2,liceomixtobasica1 liceomixtomedia sf y liceomixtobasicasf), donde podr\u00e1n apreciar todas las actividades que desarrollan nuestros alumnos y c\u00f3mo se vive el ambiente en nuestros colegios\u201d.<\/p>\n<p style=\"font-weight: 400;\">\nCamila Lillo, estudiante de la ense\u00f1anza media de San Felipe y encargada de los procesos de convivencia escolar con sus compa\u00f1eros se manifest\u00f3 feliz con la certificaci\u00f3n. \u201cPorque es el reflejo del trabajo que hacen los directivos hacia la comunidad. Esta certificaci\u00f3n es muy merecida y lo como integrante del Centro de Alumnos\u201d, declar\u00f3 la joven.<\/p>\n<p>Finalmente, Jos\u00e9 Miguel L\u00f3pez, director ejecutivo de Sociedad de Formaci\u00f3n Desarrolla SpA, indic\u00f3 que lo que se busca es que la calidad de vida en el colegio sea para el alumno, el docente y en general para toda la comunidad escolar. \u201cPara llegar a esta certificaci\u00f3n de Calidad de Vida Escolar del Liceo Mixto hemos evaluado infraestructura, personas, procedimientos, reglamentos y protocolos entre otras variables\u201d, afirm\u00f3, subrayando que \u201ceste es el desde hacia el futuro, para seguir haciendo integraci\u00f3n, buscando mejoras en la calidad de vida escolar\u201d, concluy\u00f3.<\/p>\n<p><img fetchpriority=\"high\" decoding=\"async\" src=\"https:\/\/www.liceomixto.cl\/sanfelipe\/wp-content\/uploads\/2023\/07\/1-300x205.jpg\" alt=\"\" width=\"300\" height=\"205\" class=\"alignnone size-medium wp-image-5992\" srcset=\"https:\/\/www.liceomixto.cl\/sanfelipe\/wp-content\/uploads\/2023\/07\/1-300x205.jpg 300w, https:\/\/www.liceomixto.cl\/sanfelipe\/wp-content\/uploads\/2023\/07\/1-1024x701.jpg 1024w, https:\/\/www.liceomixto.cl\/sanfelipe\/wp-content\/uploads\/2023\/07\/1-768x525.jpg 768w, https:\/\/www.liceomixto.cl\/sanfelipe\/wp-content\/uploads\/2023\/07\/1-1536x1051.jpg 1536w, https:\/\/www.liceomixto.cl\/sanfelipe\/wp-content\/uploads\/2023\/07\/1-2048x1401.jpg 2048w\" sizes=\"(max-width: 300px) 100vw, 300px\" \/> <img decoding=\"async\" data-src=\"https:\/\/www.liceomixto.cl\/sanfelipe\/wp-content\/uploads\/2023\/07\/2-300x206.jpg\" alt=\"\" width=\"300\" height=\"206\" class=\"alignnone size-medium wp-image-5993 lazyload\" data-srcset=\"https:\/\/www.liceomixto.cl\/sanfelipe\/wp-content\/uploads\/2023\/07\/2-300x206.jpg 300w, https:\/\/www.liceomixto.cl\/sanfelipe\/wp-content\/uploads\/2023\/07\/2-1024x702.jpg 1024w, https:\/\/www.liceomixto.cl\/sanfelipe\/wp-content\/uploads\/2023\/07\/2-768x526.jpg 768w, https:\/\/www.liceomixto.cl\/sanfelipe\/wp-content\/uploads\/2023\/07\/2-1536x1053.jpg 1536w, https:\/\/www.liceomixto.cl\/sanfelipe\/wp-content\/uploads\/2023\/07\/2-2048x1404.jpg 2048w\" data-sizes=\"(max-width: 300px) 100vw, 300px\" src=\"data:image\/gif;base64,R0lGODlhAQABAAAAACH5BAEKAAEALAAAAAABAAEAAAICTAEAOw==\" style=\"--smush-placeholder-width: 300px; --smush-placeholder-aspect-ratio: 300\/206;\" \/> <img decoding=\"async\" data-src=\"https:\/\/www.liceomixto.cl\/sanfelipe\/wp-content\/uploads\/2023\/07\/3-300x192.jpg\" alt=\"\" width=\"300\" height=\"192\" class=\"alignnone size-medium wp-image-5994 lazyload\" data-srcset=\"https:\/\/www.liceomixto.cl\/sanfelipe\/wp-content\/uploads\/2023\/07\/3-300x192.jpg 300w, https:\/\/www.liceomixto.cl\/sanfelipe\/wp-content\/uploads\/2023\/07\/3-1024x656.jpg 1024w, https:\/\/www.liceomixto.cl\/sanfelipe\/wp-content\/uploads\/2023\/07\/3-768x492.jpg 768w, https:\/\/www.liceomixto.cl\/sanfelipe\/wp-content\/uploads\/2023\/07\/3-1536x985.jpg 1536w, https:\/\/www.liceomixto.cl\/sanfelipe\/wp-content\/uploads\/2023\/07\/3-2048x1313.jpg 2048w\" data-sizes=\"(max-width: 300px) 100vw, 300px\" src=\"data:image\/gif;base64,R0lGODlhAQABAAAAACH5BAEKAAEALAAAAAABAAEAAAICTAEAOw==\" style=\"--smush-placeholder-width: 300px; --smush-placeholder-aspect-ratio: 300\/192;\" \/> <img decoding=\"async\" data-src=\"https:\/\/www.liceomixto.cl\/sanfelipe\/wp-content\/uploads\/2023\/07\/4-300x189.jpg\" alt=\"\" width=\"300\" height=\"189\" class=\"alignnone size-medium wp-image-5995 lazyload\" data-srcset=\"https:\/\/www.liceomixto.cl\/sanfelipe\/wp-content\/uploads\/2023\/07\/4-300x189.jpg 300w, https:\/\/www.liceomixto.cl\/sanfelipe\/wp-content\/uploads\/2023\/07\/4-1024x646.jpg 1024w, https:\/\/www.liceomixto.cl\/sanfelipe\/wp-content\/uploads\/2023\/07\/4-768x485.jpg 768w, https:\/\/www.liceomixto.cl\/sanfelipe\/wp-content\/uploads\/2023\/07\/4-1536x970.jpg 1536w, https:\/\/www.liceomixto.cl\/sanfelipe\/wp-content\/uploads\/2023\/07\/4-2048x1293.jpg 2048w\" data-sizes=\"(max-width: 300px) 100vw, 300px\" src=\"data:image\/gif;base64,R0lGODlhAQABAAAAACH5BAEKAAEALAAAAAABAAEAAAICTAEAOw==\" style=\"--smush-placeholder-width: 300px; --smush-placeholder-aspect-ratio: 300\/189;\" \/> <img decoding=\"async\" data-src=\"https:\/\/www.liceomixto.cl\/sanfelipe\/wp-content\/uploads\/2023\/07\/5-300x239.jpg\" alt=\"\" width=\"300\" height=\"239\" class=\"alignnone size-medium wp-image-5996 lazyload\" data-srcset=\"https:\/\/www.liceomixto.cl\/sanfelipe\/wp-content\/uploads\/2023\/07\/5-300x239.jpg 300w, https:\/\/www.liceomixto.cl\/sanfelipe\/wp-content\/uploads\/2023\/07\/5-1024x817.jpg 1024w, https:\/\/www.liceomixto.cl\/sanfelipe\/wp-content\/uploads\/2023\/07\/5-768x613.jpg 768w, https:\/\/www.liceomixto.cl\/sanfelipe\/wp-content\/uploads\/2023\/07\/5-1536x1226.jpg 1536w, https:\/\/www.liceomixto.cl\/sanfelipe\/wp-content\/uploads\/2023\/07\/5-2048x1635.jpg 2048w\" data-sizes=\"(max-width: 300px) 100vw, 300px\" src=\"data:image\/gif;base64,R0lGODlhAQABAAAAACH5BAEKAAEALAAAAAABAAEAAAICTAEAOw==\" style=\"--smush-placeholder-width: 300px; --smush-placeholder-aspect-ratio: 300\/239;\" \/> <img decoding=\"async\" data-src=\"https:\/\/www.liceomixto.cl\/sanfelipe\/wp-content\/uploads\/2023\/07\/6-300x194.jpg\" alt=\"\" width=\"300\" height=\"194\" class=\"alignnone size-medium wp-image-5997 lazyload\" data-srcset=\"https:\/\/www.liceomixto.cl\/sanfelipe\/wp-content\/uploads\/2023\/07\/6-300x194.jpg 300w, https:\/\/www.liceomixto.cl\/sanfelipe\/wp-content\/uploads\/2023\/07\/6-1024x661.jpg 1024w, https:\/\/www.liceomixto.cl\/sanfelipe\/wp-content\/uploads\/2023\/07\/6-768x496.jpg 768w, https:\/\/www.liceomixto.cl\/sanfelipe\/wp-content\/uploads\/2023\/07\/6-1536x992.jpg 1536w, https:\/\/www.liceomixto.cl\/sanfelipe\/wp-content\/uploads\/2023\/07\/6-2048x1323.jpg 2048w\" data-sizes=\"(max-width: 300px) 100vw, 300px\" src=\"data:image\/gif;base64,R0lGODlhAQABAAAAACH5BAEKAAEALAAAAAABAAEAAAICTAEAOw==\" style=\"--smush-placeholder-width: 300px; --smush-placeholder-aspect-ratio: 300\/194;\" \/> <img decoding=\"async\" data-src=\"https:\/\/www.liceomixto.cl\/sanfelipe\/wp-content\/uploads\/2023\/07\/7-300x211.jpg\" alt=\"\" width=\"300\" height=\"211\" class=\"alignnone size-medium wp-image-5998 lazyload\" data-srcset=\"https:\/\/www.liceomixto.cl\/sanfelipe\/wp-content\/uploads\/2023\/07\/7-300x211.jpg 300w, https:\/\/www.liceomixto.cl\/sanfelipe\/wp-content\/uploads\/2023\/07\/7-1024x721.jpg 1024w, https:\/\/www.liceomixto.cl\/sanfelipe\/wp-content\/uploads\/2023\/07\/7-768x540.jpg 768w, https:\/\/www.liceomixto.cl\/sanfelipe\/wp-content\/uploads\/2023\/07\/7-1536x1081.jpg 1536w, https:\/\/www.liceomixto.cl\/sanfelipe\/wp-content\/uploads\/2023\/07\/7-2048x1441.jpg 2048w\" data-sizes=\"(max-width: 300px) 100vw, 300px\" src=\"data:image\/gif;base64,R0lGODlhAQABAAAAACH5BAEKAAEALAAAAAABAAEAAAICTAEAOw==\" style=\"--smush-placeholder-width: 300px; --smush-placeholder-aspect-ratio: 300\/211;\" \/> <img decoding=\"async\" data-src=\"https:\/\/www.liceomixto.cl\/sanfelipe\/wp-content\/uploads\/2023\/07\/8-300x211.jpg\" alt=\"\" width=\"300\" height=\"211\" class=\"alignnone size-medium wp-image-5999 lazyload\" data-srcset=\"https:\/\/www.liceomixto.cl\/sanfelipe\/wp-content\/uploads\/2023\/07\/8-300x211.jpg 300w, https:\/\/www.liceomixto.cl\/sanfelipe\/wp-content\/uploads\/2023\/07\/8-1024x721.jpg 1024w, https:\/\/www.liceomixto.cl\/sanfelipe\/wp-content\/uploads\/2023\/07\/8-768x541.jpg 768w, https:\/\/www.liceomixto.cl\/sanfelipe\/wp-content\/uploads\/2023\/07\/8-1536x1082.jpg 1536w, https:\/\/www.liceomixto.cl\/sanfelipe\/wp-content\/uploads\/2023\/07\/8-2048x1442.jpg 2048w\" data-sizes=\"(max-width: 300px) 100vw, 300px\" src=\"data:image\/gif;base64,R0lGODlhAQABAAAAACH5BAEKAAEALAAAAAABAAEAAAICTAEAOw==\" style=\"--smush-placeholder-width: 300px; --smush-placeholder-aspect-ratio: 300\/211;\" \/> <img decoding=\"async\" data-src=\"https:\/\/www.liceomixto.cl\/sanfelipe\/wp-content\/uploads\/2023\/07\/9-300x217.jpg\" alt=\"\" width=\"300\" height=\"217\" class=\"alignnone size-medium wp-image-6000 lazyload\" data-srcset=\"https:\/\/www.liceomixto.cl\/sanfelipe\/wp-content\/uploads\/2023\/07\/9-300x217.jpg 300w, https:\/\/www.liceomixto.cl\/sanfelipe\/wp-content\/uploads\/2023\/07\/9-1024x740.jpg 1024w, https:\/\/www.liceomixto.cl\/sanfelipe\/wp-content\/uploads\/2023\/07\/9-768x555.jpg 768w, https:\/\/www.liceomixto.cl\/sanfelipe\/wp-content\/uploads\/2023\/07\/9-1536x1110.jpg 1536w, https:\/\/www.liceomixto.cl\/sanfelipe\/wp-content\/uploads\/2023\/07\/9-2048x1480.jpg 2048w\" data-sizes=\"(max-width: 300px) 100vw, 300px\" src=\"data:image\/gif;base64,R0lGODlhAQABAAAAACH5BAEKAAEALAAAAAABAAEAAAICTAEAOw==\" style=\"--smush-placeholder-width: 300px; --smush-placeholder-aspect-ratio: 300\/217;\" \/><\/p>\n","protected":false},"excerpt":{"rendered":"<p>El Liceo Mixto para sus sedes de Los Andes y San Felipe recibi\u00f3 una certificaci\u00f3n por Calidad de Vida Escolar, tras un proceso de seis meses desarrollado por la Sociedad de Formaci\u00f3n Desarrolla SpA, con sede en la ciudad de Valpara\u00edso. Patricio Cornejo, presidente de la Corporaci\u00f3n Monte Aconcagua, valor\u00f3 [&hellip;]<\/p>\n","protected":false},"author":4,"featured_media":5992,"comment_status":"closed","ping_status":"open","sticky":false,"template":"","format":"standard","meta":{"footnotes":""},"categories":[4],"tags":[],"_links":{"self":[{"href":"https:\/\/www.liceomixto.cl\/sanfelipe\/wp-json\/wp\/v2\/posts\/5991"}],"collection":[{"href":"https:\/\/www.liceomixto.cl\/sanfelipe\/wp-json\/wp\/v2\/posts"}],"about":[{"href":"https:\/\/www.liceomixto.cl\/sanfelipe\/wp-json\/wp\/v2\/types\/post"}],"author":[{"embeddable":true,"href":"https:\/\/www.liceomixto.cl\/sanfelipe\/wp-json\/wp\/v2\/users\/4"}],"replies":[{"embeddable":true,"href":"https:\/\/www.liceomixto.cl\/sanfelipe\/wp-json\/wp\/v2\/comments?post=5991"}],"version-history":[{"count":1,"href":"https:\/\/www.liceomixto.cl\/sanfelipe\/wp-json\/wp\/v2\/posts\/5991\/revisions"}],"predecessor-version":[{"id":6001,"href":"https:\/\/www.liceomixto.cl\/sanfelipe\/wp-json\/wp\/v2\/posts\/5991\/revisions\/6001"}],"wp:featuredmedia":[{"embeddable":true,"href":"https:\/\/www.liceomixto.cl\/sanfelipe\/wp-json\/wp\/v2\/media\/5992"}],"wp:attachment":[{"href":"https:\/\/www.liceomixto.cl\/sanfelipe\/wp-json\/wp\/v2\/media?parent=5991"}],"wp:term":[{"taxonomy":"category","embeddable":true,"href":"https:\/\/www.liceomixto.cl\/sanfelipe\/wp-json\/wp\/v2\/categories?post=5991"},{"taxonomy":"post_tag","embeddable":true,"href":"https:\/\/www.liceomixto.cl\/sanfelipe\/wp-json\/wp\/v2\/tags?post=5991"}],"curies":[{"name":"wp","href":"https:\/\/api.w.org\/{rel}","templated":true}]}}