{"id":6004,"date":"2023-08-07T15:54:23","date_gmt":"2023-08-07T18:54:23","guid":{"rendered":"https:\/\/www.liceomixto.cl\/sanfelipe\/?p=6004"},"modified":"2025-08-06T12:11:20","modified_gmt":"2025-08-06T15:11:20","slug":"profesores-del-liceo-mixto-se-evaluan-perfeccionan-y-optimizan-procesos-de-aprendizaje-con-la-carrera-docente","status":"publish","type":"post","link":"https:\/\/www.liceomixto.cl\/sanfelipe\/profesores-del-liceo-mixto-se-evaluan-perfeccionan-y-optimizan-procesos-de-aprendizaje-con-la-carrera-docente\/","title":{"rendered":"Profesores del Liceo Mixto se eval\u00faan, perfeccionan y optimizan procesos de aprendizaje con la Carrera Docente"},"content":{"rendered":"<p>El Liceo Mixto fortalece los procesos de aprendizaje de sus estudiantes con docentes que se eval\u00faan y perfeccionan mediante el sistema de certificaci\u00f3n de la Carrera Docente, la cual mediante la elaboraci\u00f3n de un portafolio y la rendici\u00f3n de una prueba de conocimientos espec\u00edficos reconoce la experiencia, a\u00f1os de servicio, competencias y conocimientos de los profesores, incrementando sus remuneraciones e incentivando la entrega de mejores herramientas pedag\u00f3gicas en un proceso validado y acorde a una educaci\u00f3n moderna y de calidad.<\/p>\n<div><\/div>\n<div>Lo anterior, asimismo, fortalece los altos est\u00e1ndares acad\u00e9micos de la emblem\u00e1tica instituci\u00f3n apoyados en un cuerpo docente de excelencia y con un alto grado de desarrollo profesional, lo cual se refleja entre otras cosas en los excelentes resultados de los estudiantes en la prueba PAES.<\/div>\n<div>\nRodrigo Navea, inspector general de ense\u00f1anza media del Liceo Particular Mixto San Felipe, sostuvo que la Carrera Docente es un desaf\u00edo importante en el sentido de poder evaluar sus competencias. \u201cTambi\u00e9n esta en juego el prestigio de una corporaci\u00f3n tan importante como Monte Aconcagua, que cuenta con una gran cantidad de profesores incluso para la Regi\u00f3n, para la cual evidentemente es un lustre que estos sean de excelencia y con la certificaci\u00f3n de su buen desempe\u00f1o\u201d, manifest\u00f3 el profesional.<\/p>\n<p>El docente se\u00f1ala adem\u00e1s como un aliciente de este sistema de desarrollo profesional la incorporaci\u00f3n del reconocimiento a los a\u00f1os de servicio, \u201clo cual es fundamental para quienes llevan mucho tiempo en el ejercicio. Adem\u00e1s, la motivaci\u00f3n es fundamental para que los profesores entendamos que el someterse a este sistema evaluativo va marcar un hito en nuestra carrera, pero al mismo tiempo va a significar un aumento remuneracional importante\u201d, asegur\u00f3.<\/p>\n<p>Por su parte, Francisco Altamirano, profesor de matem\u00e1ticas de la ense\u00f1anza b\u00e1sica San Felipe, valor\u00f3 lo relacionado con la preparaci\u00f3n que acompa\u00f1a el afrontar el desafi\u00f3 de la evaluaci\u00f3n correspondiente la Carrera Docente. \u201cMejores profesores, mejor evaluados dan un plus positivo al colegio y a la imagen que proyecta a la comunidad\u201d, Manifest\u00f3.<\/p>\n<p>\u201cEn el colegio nos est\u00e1 orientando un profesor que ya est\u00e1 evaluado y catalogado en la Carrera Docente, lo que revela la preocupaci\u00f3n del Liceo Mixto, ya que este es un proceso largo\u201d, asegur\u00f3, quien a la vez destac\u00f3 positivamente lo que esto significa para su desarrollo y expectativas profesionales.<span style=\"color: #888888;\"><br \/>\n<\/span><\/p>\n<div><\/div>\n<\/div>\n<div><img decoding=\"async\" data-src=\"https:\/\/www.liceomixto.cl\/sanfelipe\/wp-content\/uploads\/2023\/08\/san-felipe-1-300x135.jpg\" alt=\"\" width=\"300\" height=\"135\" class=\"alignnone size-medium wp-image-6005 lazyload\" data-srcset=\"https:\/\/www.liceomixto.cl\/sanfelipe\/wp-content\/uploads\/2023\/08\/san-felipe-1-300x135.jpg 300w, https:\/\/www.liceomixto.cl\/sanfelipe\/wp-content\/uploads\/2023\/08\/san-felipe-1-1024x461.jpg 1024w, https:\/\/www.liceomixto.cl\/sanfelipe\/wp-content\/uploads\/2023\/08\/san-felipe-1-768x346.jpg 768w, https:\/\/www.liceomixto.cl\/sanfelipe\/wp-content\/uploads\/2023\/08\/san-felipe-1-1536x691.jpg 1536w, https:\/\/www.liceomixto.cl\/sanfelipe\/wp-content\/uploads\/2023\/08\/san-felipe-1-2048x922.jpg 2048w\" data-sizes=\"(max-width: 300px) 100vw, 300px\" src=\"data:image\/gif;base64,R0lGODlhAQABAAAAACH5BAEKAAEALAAAAAABAAEAAAICTAEAOw==\" style=\"--smush-placeholder-width: 300px; --smush-placeholder-aspect-ratio: 300\/135;\" \/> <img decoding=\"async\" data-src=\"https:\/\/www.liceomixto.cl\/sanfelipe\/wp-content\/uploads\/2023\/08\/san-felipe-2-300x135.jpg\" alt=\"\" width=\"300\" height=\"135\" class=\"alignnone size-medium wp-image-6006 lazyload\" data-srcset=\"https:\/\/www.liceomixto.cl\/sanfelipe\/wp-content\/uploads\/2023\/08\/san-felipe-2-300x135.jpg 300w, https:\/\/www.liceomixto.cl\/sanfelipe\/wp-content\/uploads\/2023\/08\/san-felipe-2-1024x461.jpg 1024w, https:\/\/www.liceomixto.cl\/sanfelipe\/wp-content\/uploads\/2023\/08\/san-felipe-2-768x346.jpg 768w, https:\/\/www.liceomixto.cl\/sanfelipe\/wp-content\/uploads\/2023\/08\/san-felipe-2-1536x691.jpg 1536w, https:\/\/www.liceomixto.cl\/sanfelipe\/wp-content\/uploads\/2023\/08\/san-felipe-2-2048x922.jpg 2048w\" data-sizes=\"(max-width: 300px) 100vw, 300px\" src=\"data:image\/gif;base64,R0lGODlhAQABAAAAACH5BAEKAAEALAAAAAABAAEAAAICTAEAOw==\" style=\"--smush-placeholder-width: 300px; --smush-placeholder-aspect-ratio: 300\/135;\" \/> <img decoding=\"async\" data-src=\"https:\/\/www.liceomixto.cl\/sanfelipe\/wp-content\/uploads\/2023\/08\/san-felipe-3-300x135.jpg\" alt=\"\" width=\"300\" height=\"135\" class=\"alignnone size-medium wp-image-6007 lazyload\" data-srcset=\"https:\/\/www.liceomixto.cl\/sanfelipe\/wp-content\/uploads\/2023\/08\/san-felipe-3-300x135.jpg 300w, https:\/\/www.liceomixto.cl\/sanfelipe\/wp-content\/uploads\/2023\/08\/san-felipe-3-1024x461.jpg 1024w, https:\/\/www.liceomixto.cl\/sanfelipe\/wp-content\/uploads\/2023\/08\/san-felipe-3-768x346.jpg 768w, https:\/\/www.liceomixto.cl\/sanfelipe\/wp-content\/uploads\/2023\/08\/san-felipe-3-1536x691.jpg 1536w, https:\/\/www.liceomixto.cl\/sanfelipe\/wp-content\/uploads\/2023\/08\/san-felipe-3-2048x922.jpg 2048w\" data-sizes=\"(max-width: 300px) 100vw, 300px\" src=\"data:image\/gif;base64,R0lGODlhAQABAAAAACH5BAEKAAEALAAAAAABAAEAAAICTAEAOw==\" style=\"--smush-placeholder-width: 300px; --smush-placeholder-aspect-ratio: 300\/135;\" \/> <img decoding=\"async\" data-src=\"https:\/\/www.liceomixto.cl\/sanfelipe\/wp-content\/uploads\/2023\/08\/san-felipe-4-300x135.jpg\" alt=\"\" width=\"300\" height=\"135\" class=\"alignnone size-medium wp-image-6008 lazyload\" data-srcset=\"https:\/\/www.liceomixto.cl\/sanfelipe\/wp-content\/uploads\/2023\/08\/san-felipe-4-300x135.jpg 300w, https:\/\/www.liceomixto.cl\/sanfelipe\/wp-content\/uploads\/2023\/08\/san-felipe-4-1024x461.jpg 1024w, https:\/\/www.liceomixto.cl\/sanfelipe\/wp-content\/uploads\/2023\/08\/san-felipe-4-768x346.jpg 768w, https:\/\/www.liceomixto.cl\/sanfelipe\/wp-content\/uploads\/2023\/08\/san-felipe-4-1536x691.jpg 1536w, https:\/\/www.liceomixto.cl\/sanfelipe\/wp-content\/uploads\/2023\/08\/san-felipe-4-2048x922.jpg 2048w\" data-sizes=\"(max-width: 300px) 100vw, 300px\" src=\"data:image\/gif;base64,R0lGODlhAQABAAAAACH5BAEKAAEALAAAAAABAAEAAAICTAEAOw==\" style=\"--smush-placeholder-width: 300px; --smush-placeholder-aspect-ratio: 300\/135;\" \/><\/div>\n","protected":false},"excerpt":{"rendered":"<p>El Liceo Mixto fortalece los procesos de aprendizaje de sus estudiantes con docentes que se eval\u00faan y perfeccionan mediante el sistema de certificaci\u00f3n de la Carrera Docente, la cual mediante la elaboraci\u00f3n de un portafolio y la rendici\u00f3n de una prueba de conocimientos espec\u00edficos reconoce la experiencia, a\u00f1os de servicio, [&hellip;]<\/p>\n","protected":false},"author":4,"featured_media":6007,"comment_status":"closed","ping_status":"open","sticky":false,"template":"","format":"standard","meta":{"footnotes":""},"categories":[4],"tags":[],"_links":{"self":[{"href":"https:\/\/www.liceomixto.cl\/sanfelipe\/wp-json\/wp\/v2\/posts\/6004"}],"collection":[{"href":"https:\/\/www.liceomixto.cl\/sanfelipe\/wp-json\/wp\/v2\/posts"}],"about":[{"href":"https:\/\/www.liceomixto.cl\/sanfelipe\/wp-json\/wp\/v2\/types\/post"}],"author":[{"embeddable":true,"href":"https:\/\/www.liceomixto.cl\/sanfelipe\/wp-json\/wp\/v2\/users\/4"}],"replies":[{"embeddable":true,"href":"https:\/\/www.liceomixto.cl\/sanfelipe\/wp-json\/wp\/v2\/comments?post=6004"}],"version-history":[{"count":1,"href":"https:\/\/www.liceomixto.cl\/sanfelipe\/wp-json\/wp\/v2\/posts\/6004\/revisions"}],"predecessor-version":[{"id":6009,"href":"https:\/\/www.liceomixto.cl\/sanfelipe\/wp-json\/wp\/v2\/posts\/6004\/revisions\/6009"}],"wp:featuredmedia":[{"embeddable":true,"href":"https:\/\/www.liceomixto.cl\/sanfelipe\/wp-json\/wp\/v2\/media\/6007"}],"wp:attachment":[{"href":"https:\/\/www.liceomixto.cl\/sanfelipe\/wp-json\/wp\/v2\/media?parent=6004"}],"wp:term":[{"taxonomy":"category","embeddable":true,"href":"https:\/\/www.liceomixto.cl\/sanfelipe\/wp-json\/wp\/v2\/categories?post=6004"},{"taxonomy":"post_tag","embeddable":true,"href":"https:\/\/www.liceomixto.cl\/sanfelipe\/wp-json\/wp\/v2\/tags?post=6004"}],"curies":[{"name":"wp","href":"https:\/\/api.w.org\/{rel}","templated":true}]}}