{"id":6010,"date":"2023-08-08T10:44:59","date_gmt":"2023-08-08T13:44:59","guid":{"rendered":"https:\/\/www.liceomixto.cl\/sanfelipe\/?p=6010"},"modified":"2025-08-06T12:11:20","modified_gmt":"2025-08-06T15:11:20","slug":"liceo-particular-mixto-realizo-feria-cientifica-y-tecnologica-destinada-a-orientar-a-los-estudiantes-respecto-de-carreras-tecnico-profesionales","status":"publish","type":"post","link":"https:\/\/www.liceomixto.cl\/sanfelipe\/liceo-particular-mixto-realizo-feria-cientifica-y-tecnologica-destinada-a-orientar-a-los-estudiantes-respecto-de-carreras-tecnico-profesionales\/","title":{"rendered":"Liceo Particular Mixto realiz\u00f3 Feria Cient\u00edfica y Tecnol\u00f3gica destinada a orientar a los estudiantes respecto de carreras T\u00e9cnico Profesionales"},"content":{"rendered":"<p>Durante dos d\u00edas el Liceo Particular Mixto San Felipe realiz\u00f3 la denominada Feria Cient\u00edfica y Tecnol\u00f3gica (FECITEC), con un recorrido por las salas, laboratorios y talleres de las carreras T\u00e9cnico Profesionales orientado a los estudiantes de octavo b\u00e1sico y segundo a\u00f1o medio, en una jornada de puertas abiertas tambi\u00e9n para alumnos de otros establecimientos invitados.<\/p>\n<p>El objetivo apunt\u00f3 a que los j\u00f3venes est\u00e9n m\u00e1s informados y tomen la decisi\u00f3n correcta de cara a la elecci\u00f3n de una carrera, lo cual se produce al finalizar el segundo medio, c\u00f3mo asimismo que estudiantes de octavo a\u00f1o b\u00e1sico de otras instituciones conozcan la oferta que les ofrece el Liceo Mixto en este sentido. Asimismo, los chicos durante el recorrido pudieron interactuar con los docentes y compa\u00f1eros que se encuentran cursando carreras TP.<\/p>\n<p>Ninoska Ram\u00edrez, rectora del Liceo Mixto, asegur\u00f3 que Fecitec\u00a0 es una instancia muy importante donde los alumnos desde octavo a segundo medio del liceo y tambi\u00e9n de otros establecimientos educacionales de la comuna, tienen la oportunidad de conocer las carreras o \u00e1reas que despierten su inter\u00e9s y de este modo acercarse a la elecci\u00f3n de la carrera a seguir. &#8220;Adem\u00e1s es una actividad que muestra a la comunidad, todo el trabajo pedag\u00f3gico que desarrollan nuestros profesores y los equipos de profesionales dentro y fuera del aula. Hace ya dos a\u00f1os que Fecitec est\u00e1 enmarcada en el desarrollo de proyectos articulados con la metodolog\u00eda ABP (Aprendizaje Basado en Proyectos), que considera como uno de sus ejes principales desarrollar alternativas que den soluci\u00f3n a necesidades reales y de la vida diaria&#8221; indic\u00f3, subrayando que &#8220;nuestra idea es que los alumnos que nos visitan, tengan la oportunidad de conocer nuestras metodolog\u00edas de trabajo y a la vez pongan a prueba sus habilidades, la\u00a0premisa aca es vivir la experiencia del ABP&#8221;, concluy\u00f3 la profesional.<\/p>\n<p>Alice Celed\u00f3n, coordinadora TP de la Corporaci\u00f3n Monte Aconcagua, afirm\u00f3 que el objetivo apunta -adem\u00e1s- a que los visitantes experimenten de la forma m\u00e1s real posible lo que es estudiar una carrera TP. \u201cQueremos que los ni\u00f1os conozcan nuestro colegio y a la vez la moderna infraestructura que tiene el \u00e1rea T\u00e9cnico Profesional, asimismo durante la visita guiada se les orienta sobre la continuidad de estudios de las carreras y el campo laboral que estas abarcan\u201d, puntualiz\u00f3 la profesional.<\/p>\n<p>Abigail Saa, orientadora de la ense\u00f1anza media San Felipe; sostuvo que la feria permite desarrollar en los estudiantes habilidades de liderazgo y trabajo en equipo. \u201cSe trata de habilidades del Siglo 21 que son muy importantes para la educaci\u00f3n superior, como para el \u00e1mbito laboral, ya que es fundamental para nosotros prepararlos para la vida\u201d, subray\u00f3 la profesional.<\/p>\n<p>Soledad Bustamante, coordinadora del Programa de Integraci\u00f3n Escolar (PIE) del Liceo Mixto San Felipe, se\u00f1al\u00f3 que la experiencia de la Fecitec fue muy satisfactoria, dado que se pudo mostrar lo que hacen los estudiantes en las aulas y talleres. \u201cEsto es muy importante para poder captar nuevos alumnos que se sientan atra\u00eddos por las carrera que ofrecemos en el Liceo Mixto\u201d, puntualiz\u00f3, junto con destacar la oportunidad que tienen los docentes de cada especialidad de exponer su trabajo.<\/p>\n<p>Para Franco Farias, estudiante de octavo b\u00e1sico de Liceo Mixto, el recorrido que pudieron realizar por los talleres de las carreras TP fue excelente. \u201cMe pareci\u00f3 muy buena la ense\u00f1anza media y la posibilidad de poder estudiar una carrera T\u00e9cnico Profesional\u201d, manifest\u00f3 el joven. <img fetchpriority=\"high\" decoding=\"async\" src=\"https:\/\/www.liceomixto.cl\/sanfelipe\/wp-content\/uploads\/2023\/08\/IMG-2754-300x225.jpg\" alt=\"\" width=\"300\" height=\"225\" class=\"alignnone size-medium wp-image-6016\" srcset=\"https:\/\/www.liceomixto.cl\/sanfelipe\/wp-content\/uploads\/2023\/08\/IMG-2754-300x225.jpg 300w, https:\/\/www.liceomixto.cl\/sanfelipe\/wp-content\/uploads\/2023\/08\/IMG-2754-1024x768.jpg 1024w, https:\/\/www.liceomixto.cl\/sanfelipe\/wp-content\/uploads\/2023\/08\/IMG-2754-768x576.jpg 768w, https:\/\/www.liceomixto.cl\/sanfelipe\/wp-content\/uploads\/2023\/08\/IMG-2754-1536x1152.jpg 1536w, https:\/\/www.liceomixto.cl\/sanfelipe\/wp-content\/uploads\/2023\/08\/IMG-2754-2048x1536.jpg 2048w\" sizes=\"(max-width: 300px) 100vw, 300px\" \/> <img decoding=\"async\" data-src=\"https:\/\/www.liceomixto.cl\/sanfelipe\/wp-content\/uploads\/2023\/08\/IMG-2757-300x209.jpg\" alt=\"\" width=\"300\" height=\"209\" class=\"alignnone size-medium wp-image-6015 lazyload\" data-srcset=\"https:\/\/www.liceomixto.cl\/sanfelipe\/wp-content\/uploads\/2023\/08\/IMG-2757-300x209.jpg 300w, https:\/\/www.liceomixto.cl\/sanfelipe\/wp-content\/uploads\/2023\/08\/IMG-2757-1024x714.jpg 1024w, https:\/\/www.liceomixto.cl\/sanfelipe\/wp-content\/uploads\/2023\/08\/IMG-2757-768x536.jpg 768w, https:\/\/www.liceomixto.cl\/sanfelipe\/wp-content\/uploads\/2023\/08\/IMG-2757-1536x1071.jpg 1536w, https:\/\/www.liceomixto.cl\/sanfelipe\/wp-content\/uploads\/2023\/08\/IMG-2757-2048x1428.jpg 2048w\" data-sizes=\"(max-width: 300px) 100vw, 300px\" src=\"data:image\/gif;base64,R0lGODlhAQABAAAAACH5BAEKAAEALAAAAAABAAEAAAICTAEAOw==\" style=\"--smush-placeholder-width: 300px; --smush-placeholder-aspect-ratio: 300\/209;\" \/> <img decoding=\"async\" data-src=\"https:\/\/www.liceomixto.cl\/sanfelipe\/wp-content\/uploads\/2023\/08\/IMG-2763-300x226.jpg\" alt=\"\" width=\"300\" height=\"226\" class=\"alignnone size-medium wp-image-6014 lazyload\" data-srcset=\"https:\/\/www.liceomixto.cl\/sanfelipe\/wp-content\/uploads\/2023\/08\/IMG-2763-300x226.jpg 300w, https:\/\/www.liceomixto.cl\/sanfelipe\/wp-content\/uploads\/2023\/08\/IMG-2763-1024x770.jpg 1024w, https:\/\/www.liceomixto.cl\/sanfelipe\/wp-content\/uploads\/2023\/08\/IMG-2763-768x578.jpg 768w, https:\/\/www.liceomixto.cl\/sanfelipe\/wp-content\/uploads\/2023\/08\/IMG-2763-1536x1156.jpg 1536w, https:\/\/www.liceomixto.cl\/sanfelipe\/wp-content\/uploads\/2023\/08\/IMG-2763-2048x1541.jpg 2048w\" data-sizes=\"(max-width: 300px) 100vw, 300px\" src=\"data:image\/gif;base64,R0lGODlhAQABAAAAACH5BAEKAAEALAAAAAABAAEAAAICTAEAOw==\" style=\"--smush-placeholder-width: 300px; --smush-placeholder-aspect-ratio: 300\/226;\" \/> <img decoding=\"async\" data-src=\"https:\/\/www.liceomixto.cl\/sanfelipe\/wp-content\/uploads\/2023\/08\/IMG-2765-300x232.jpg\" alt=\"\" width=\"300\" height=\"232\" class=\"alignnone size-medium wp-image-6013 lazyload\" data-srcset=\"https:\/\/www.liceomixto.cl\/sanfelipe\/wp-content\/uploads\/2023\/08\/IMG-2765-300x232.jpg 300w, https:\/\/www.liceomixto.cl\/sanfelipe\/wp-content\/uploads\/2023\/08\/IMG-2765-1024x791.jpg 1024w, https:\/\/www.liceomixto.cl\/sanfelipe\/wp-content\/uploads\/2023\/08\/IMG-2765-768x594.jpg 768w, https:\/\/www.liceomixto.cl\/sanfelipe\/wp-content\/uploads\/2023\/08\/IMG-2765-1536x1187.jpg 1536w, https:\/\/www.liceomixto.cl\/sanfelipe\/wp-content\/uploads\/2023\/08\/IMG-2765-2048x1583.jpg 2048w\" data-sizes=\"(max-width: 300px) 100vw, 300px\" src=\"data:image\/gif;base64,R0lGODlhAQABAAAAACH5BAEKAAEALAAAAAABAAEAAAICTAEAOw==\" style=\"--smush-placeholder-width: 300px; --smush-placeholder-aspect-ratio: 300\/232;\" \/> <img decoding=\"async\" data-src=\"https:\/\/www.liceomixto.cl\/sanfelipe\/wp-content\/uploads\/2023\/08\/IMG-2769-300x197.jpg\" alt=\"\" width=\"300\" height=\"197\" class=\"alignnone size-medium wp-image-6012 lazyload\" data-srcset=\"https:\/\/www.liceomixto.cl\/sanfelipe\/wp-content\/uploads\/2023\/08\/IMG-2769-300x197.jpg 300w, https:\/\/www.liceomixto.cl\/sanfelipe\/wp-content\/uploads\/2023\/08\/IMG-2769-1024x671.jpg 1024w, https:\/\/www.liceomixto.cl\/sanfelipe\/wp-content\/uploads\/2023\/08\/IMG-2769-768x504.jpg 768w, https:\/\/www.liceomixto.cl\/sanfelipe\/wp-content\/uploads\/2023\/08\/IMG-2769-1536x1007.jpg 1536w, https:\/\/www.liceomixto.cl\/sanfelipe\/wp-content\/uploads\/2023\/08\/IMG-2769-2048x1343.jpg 2048w\" data-sizes=\"(max-width: 300px) 100vw, 300px\" src=\"data:image\/gif;base64,R0lGODlhAQABAAAAACH5BAEKAAEALAAAAAABAAEAAAICTAEAOw==\" style=\"--smush-placeholder-width: 300px; --smush-placeholder-aspect-ratio: 300\/197;\" \/> <img decoding=\"async\" data-src=\"https:\/\/www.liceomixto.cl\/sanfelipe\/wp-content\/uploads\/2023\/08\/IMG-2784-300x205.jpg\" alt=\"\" width=\"300\" height=\"205\" class=\"alignnone size-medium wp-image-6011 lazyload\" data-srcset=\"https:\/\/www.liceomixto.cl\/sanfelipe\/wp-content\/uploads\/2023\/08\/IMG-2784-300x205.jpg 300w, https:\/\/www.liceomixto.cl\/sanfelipe\/wp-content\/uploads\/2023\/08\/IMG-2784-1024x700.jpg 1024w, https:\/\/www.liceomixto.cl\/sanfelipe\/wp-content\/uploads\/2023\/08\/IMG-2784-768x525.jpg 768w, https:\/\/www.liceomixto.cl\/sanfelipe\/wp-content\/uploads\/2023\/08\/IMG-2784-1536x1050.jpg 1536w, https:\/\/www.liceomixto.cl\/sanfelipe\/wp-content\/uploads\/2023\/08\/IMG-2784-2048x1400.jpg 2048w\" data-sizes=\"(max-width: 300px) 100vw, 300px\" src=\"data:image\/gif;base64,R0lGODlhAQABAAAAACH5BAEKAAEALAAAAAABAAEAAAICTAEAOw==\" style=\"--smush-placeholder-width: 300px; --smush-placeholder-aspect-ratio: 300\/205;\" \/><span style=\"color: #888888;\"><br \/>\n<\/span><\/p>\n<div><\/div>\n","protected":false},"excerpt":{"rendered":"<p>Durante dos d\u00edas el Liceo Particular Mixto San Felipe realiz\u00f3 la denominada Feria Cient\u00edfica y Tecnol\u00f3gica (FECITEC), con un recorrido por las salas, laboratorios y talleres de las carreras T\u00e9cnico Profesionales orientado a los estudiantes de octavo b\u00e1sico y segundo a\u00f1o medio, en una jornada de puertas abiertas tambi\u00e9n para [&hellip;]<\/p>\n","protected":false},"author":4,"featured_media":6015,"comment_status":"closed","ping_status":"open","sticky":false,"template":"","format":"standard","meta":{"footnotes":""},"categories":[4],"tags":[],"_links":{"self":[{"href":"https:\/\/www.liceomixto.cl\/sanfelipe\/wp-json\/wp\/v2\/posts\/6010"}],"collection":[{"href":"https:\/\/www.liceomixto.cl\/sanfelipe\/wp-json\/wp\/v2\/posts"}],"about":[{"href":"https:\/\/www.liceomixto.cl\/sanfelipe\/wp-json\/wp\/v2\/types\/post"}],"author":[{"embeddable":true,"href":"https:\/\/www.liceomixto.cl\/sanfelipe\/wp-json\/wp\/v2\/users\/4"}],"replies":[{"embeddable":true,"href":"https:\/\/www.liceomixto.cl\/sanfelipe\/wp-json\/wp\/v2\/comments?post=6010"}],"version-history":[{"count":1,"href":"https:\/\/www.liceomixto.cl\/sanfelipe\/wp-json\/wp\/v2\/posts\/6010\/revisions"}],"predecessor-version":[{"id":6017,"href":"https:\/\/www.liceomixto.cl\/sanfelipe\/wp-json\/wp\/v2\/posts\/6010\/revisions\/6017"}],"wp:featuredmedia":[{"embeddable":true,"href":"https:\/\/www.liceomixto.cl\/sanfelipe\/wp-json\/wp\/v2\/media\/6015"}],"wp:attachment":[{"href":"https:\/\/www.liceomixto.cl\/sanfelipe\/wp-json\/wp\/v2\/media?parent=6010"}],"wp:term":[{"taxonomy":"category","embeddable":true,"href":"https:\/\/www.liceomixto.cl\/sanfelipe\/wp-json\/wp\/v2\/categories?post=6010"},{"taxonomy":"post_tag","embeddable":true,"href":"https:\/\/www.liceomixto.cl\/sanfelipe\/wp-json\/wp\/v2\/tags?post=6010"}],"curies":[{"name":"wp","href":"https:\/\/api.w.org\/{rel}","templated":true}]}}