{"id":6019,"date":"2023-08-22T11:26:08","date_gmt":"2023-08-22T14:26:08","guid":{"rendered":"https:\/\/www.liceomixto.cl\/sanfelipe\/?p=6019"},"modified":"2025-08-06T12:11:20","modified_gmt":"2025-08-06T15:11:20","slug":"liceo-mixto-firmo-convenio-de-cooperacion-con-universidad-tecnica-federico-santa-maria","status":"publish","type":"post","link":"https:\/\/www.liceomixto.cl\/sanfelipe\/liceo-mixto-firmo-convenio-de-cooperacion-con-universidad-tecnica-federico-santa-maria\/","title":{"rendered":"Liceo Mixto firm\u00f3 convenio de cooperaci\u00f3n con Universidad T\u00e9cnica Federico Santa Mar\u00eda"},"content":{"rendered":"<p><span>El Liceo Mixto firm\u00f3 un valioso convenio de cooperaci\u00f3n con la Universidad T\u00e9cnica Federico Santa Mar\u00eda, el cual favorecer\u00e1 a estudiantes de las carreras T\u00e9cnico Profesional en el marco de una pol\u00edtica de la Corporaci\u00f3n Monte Aconcagua que apunta a vincular a los estudiantes con la educaci\u00f3n superior desde un punto de vista t\u00e9cnico, t\u00e9cnico de nivel superior, para luego continuar sus estudios en una ingenier\u00eda.<\/span><\/p>\n<p><span>Patricio Cornejo, presidente del directorio de la corporaci\u00f3n, enfatiz\u00f3 que esta alianza facilitar\u00e1 a los alumnos la continuidad de estudios. \u201cPara nosotros eso es muy valioso, m\u00e1s a\u00fan por el prestigio de la universidad con la cual estamos en un proceso de integraci\u00f3n muy fuerte, lo que es muy relevante para el liceo como para la ciudad de Los Andes\u201d, manifest\u00f3, puntualizando que esta es la educaci\u00f3n moderna, donde el Liceo Mixto marcha a la vanguardia estableciendo adem\u00e1s alianzas con la minera multinacional Las Vizcachitas, Citroen Chile y Renault Cormec\u00e1nica, entre otras.<\/span><br \/>\n<span><\/span><\/p>\n<p><span>Sergio Leiva, director del Liceo Particular Mixto San Felipe, manifest\u00f3 el orgullo de firmar un convenio con una casa de educaci\u00f3n superior de la importancia de la Universidad Federico Santa Mar\u00eda. \u201cEste es un intercambio acad\u00e9mico que viene a vincular y fortalecer nuestros programas establecidos por el Mineduc, entendiendo que la continuidad de estudios debe ser un horizonte cercano para que los alumnos no se queden s\u00f3lo con el t\u00edtulo t\u00e9cnico profesional, ya que este convenio nos abre nuevas puertas para robustecer nuestro proyecto educativo\u201d, asegur\u00f3 el profesional.<\/span><\/p>\n<p><span>El convenio con la Universidad T\u00e9cnica Federico Santa Mar\u00eda fortalecer\u00e1 las carreras TP mediante la entrega de estrategias y contenidos curriculares que favorecer\u00e1n a profesores y estudiantes del colegio, como lo indica Renato Maldonado, director del Liceo Mixto Bicentenario de Excelencia Los Andes. \u201cQuiero resaltar un valor agregado, en el sentido que nuestros docentes puedan vincularse nuevamente con la universidad y con profesores de c\u00e1tedra para asimilar conocimientos m\u00e1s acabados en las distintas \u00e1reas\u201d, manifest\u00f3 el docente directivo, haciendo hincapi\u00e9 que esto llevar\u00e1 a un alto nivel la carrera de Laboratorio Qu\u00edmico.<\/span><\/p>\n<p><span>Bruno Dondero Lencioni, director de la sede Vi\u00f1a del Mar de la Universidad Federico Santa Mar\u00eda, se\u00f1al\u00f3 que esta firma es un agrado, toda vez que muchos ex alumnos del Liceo Mixto se han titulado en dicha casa de estudios. \u201cMuchas de las carreras que se distan ac\u00e1 en el Liceo Mixto nosotros las tenemos, por lo tanto, les ofrecemos continuidad de estudios. Nosotros tenemos una unidad de admisi\u00f3n encargada de coordinar estas actividades, dado que nuestros profesores ofrecer\u00e1n charlas en una coordinaci\u00f3n entre las instituciones\u201d, asegur\u00f3, junto con recordar que la experiencia de los alumnos que se beneficien con el convenio los llevar\u00e1 a conocer las dependencias de la universidad.<\/span><\/p>\n<p><img fetchpriority=\"high\" decoding=\"async\" src=\"https:\/\/www.liceomixto.cl\/sanfelipe\/wp-content\/uploads\/2023\/08\/IMG-2945-300x225.jpg\" alt=\"\" width=\"300\" height=\"225\" class=\"alignnone size-medium wp-image-6021\" srcset=\"https:\/\/www.liceomixto.cl\/sanfelipe\/wp-content\/uploads\/2023\/08\/IMG-2945-300x225.jpg 300w, https:\/\/www.liceomixto.cl\/sanfelipe\/wp-content\/uploads\/2023\/08\/IMG-2945-1024x768.jpg 1024w, https:\/\/www.liceomixto.cl\/sanfelipe\/wp-content\/uploads\/2023\/08\/IMG-2945-768x576.jpg 768w, https:\/\/www.liceomixto.cl\/sanfelipe\/wp-content\/uploads\/2023\/08\/IMG-2945-1536x1152.jpg 1536w, https:\/\/www.liceomixto.cl\/sanfelipe\/wp-content\/uploads\/2023\/08\/IMG-2945-2048x1536.jpg 2048w\" sizes=\"(max-width: 300px) 100vw, 300px\" \/> <img decoding=\"async\" data-src=\"https:\/\/www.liceomixto.cl\/sanfelipe\/wp-content\/uploads\/2023\/08\/IMG-2937-300x196.jpg\" alt=\"\" width=\"300\" height=\"196\" class=\"alignnone size-medium wp-image-6020 lazyload\" data-srcset=\"https:\/\/www.liceomixto.cl\/sanfelipe\/wp-content\/uploads\/2023\/08\/IMG-2937-300x196.jpg 300w, https:\/\/www.liceomixto.cl\/sanfelipe\/wp-content\/uploads\/2023\/08\/IMG-2937-1024x667.jpg 1024w, https:\/\/www.liceomixto.cl\/sanfelipe\/wp-content\/uploads\/2023\/08\/IMG-2937-768x501.jpg 768w, https:\/\/www.liceomixto.cl\/sanfelipe\/wp-content\/uploads\/2023\/08\/IMG-2937-1536x1001.jpg 1536w, https:\/\/www.liceomixto.cl\/sanfelipe\/wp-content\/uploads\/2023\/08\/IMG-2937-2048x1335.jpg 2048w\" data-sizes=\"(max-width: 300px) 100vw, 300px\" src=\"data:image\/gif;base64,R0lGODlhAQABAAAAACH5BAEKAAEALAAAAAABAAEAAAICTAEAOw==\" style=\"--smush-placeholder-width: 300px; --smush-placeholder-aspect-ratio: 300\/196;\" \/> <img decoding=\"async\" data-src=\"https:\/\/www.liceomixto.cl\/sanfelipe\/wp-content\/uploads\/2023\/08\/IMG-2934-300x225.jpg\" alt=\"\" width=\"300\" height=\"225\" class=\"alignnone size-medium wp-image-6022 lazyload\" data-srcset=\"https:\/\/www.liceomixto.cl\/sanfelipe\/wp-content\/uploads\/2023\/08\/IMG-2934-300x225.jpg 300w, https:\/\/www.liceomixto.cl\/sanfelipe\/wp-content\/uploads\/2023\/08\/IMG-2934-1024x768.jpg 1024w, https:\/\/www.liceomixto.cl\/sanfelipe\/wp-content\/uploads\/2023\/08\/IMG-2934-768x576.jpg 768w, https:\/\/www.liceomixto.cl\/sanfelipe\/wp-content\/uploads\/2023\/08\/IMG-2934-1536x1152.jpg 1536w, https:\/\/www.liceomixto.cl\/sanfelipe\/wp-content\/uploads\/2023\/08\/IMG-2934-2048x1536.jpg 2048w\" data-sizes=\"(max-width: 300px) 100vw, 300px\" src=\"data:image\/gif;base64,R0lGODlhAQABAAAAACH5BAEKAAEALAAAAAABAAEAAAICTAEAOw==\" style=\"--smush-placeholder-width: 300px; --smush-placeholder-aspect-ratio: 300\/225;\" \/> <img decoding=\"async\" data-src=\"https:\/\/www.liceomixto.cl\/sanfelipe\/wp-content\/uploads\/2023\/08\/IMG-2932-300x225.jpg\" alt=\"\" width=\"300\" height=\"225\" class=\"alignnone size-medium wp-image-6023 lazyload\" data-srcset=\"https:\/\/www.liceomixto.cl\/sanfelipe\/wp-content\/uploads\/2023\/08\/IMG-2932-300x225.jpg 300w, https:\/\/www.liceomixto.cl\/sanfelipe\/wp-content\/uploads\/2023\/08\/IMG-2932-1024x768.jpg 1024w, https:\/\/www.liceomixto.cl\/sanfelipe\/wp-content\/uploads\/2023\/08\/IMG-2932-768x576.jpg 768w, https:\/\/www.liceomixto.cl\/sanfelipe\/wp-content\/uploads\/2023\/08\/IMG-2932-1536x1152.jpg 1536w, https:\/\/www.liceomixto.cl\/sanfelipe\/wp-content\/uploads\/2023\/08\/IMG-2932-2048x1536.jpg 2048w\" data-sizes=\"(max-width: 300px) 100vw, 300px\" src=\"data:image\/gif;base64,R0lGODlhAQABAAAAACH5BAEKAAEALAAAAAABAAEAAAICTAEAOw==\" style=\"--smush-placeholder-width: 300px; --smush-placeholder-aspect-ratio: 300\/225;\" \/> <img decoding=\"async\" data-src=\"https:\/\/www.liceomixto.cl\/sanfelipe\/wp-content\/uploads\/2023\/08\/IMG-2930-300x225.jpg\" alt=\"\" width=\"300\" height=\"225\" class=\"alignnone size-medium wp-image-6024 lazyload\" data-srcset=\"https:\/\/www.liceomixto.cl\/sanfelipe\/wp-content\/uploads\/2023\/08\/IMG-2930-300x225.jpg 300w, https:\/\/www.liceomixto.cl\/sanfelipe\/wp-content\/uploads\/2023\/08\/IMG-2930-1024x768.jpg 1024w, https:\/\/www.liceomixto.cl\/sanfelipe\/wp-content\/uploads\/2023\/08\/IMG-2930-768x576.jpg 768w, https:\/\/www.liceomixto.cl\/sanfelipe\/wp-content\/uploads\/2023\/08\/IMG-2930-1536x1152.jpg 1536w, https:\/\/www.liceomixto.cl\/sanfelipe\/wp-content\/uploads\/2023\/08\/IMG-2930-2048x1536.jpg 2048w\" data-sizes=\"(max-width: 300px) 100vw, 300px\" src=\"data:image\/gif;base64,R0lGODlhAQABAAAAACH5BAEKAAEALAAAAAABAAEAAAICTAEAOw==\" style=\"--smush-placeholder-width: 300px; --smush-placeholder-aspect-ratio: 300\/225;\" \/><\/p>\n","protected":false},"excerpt":{"rendered":"<p>El Liceo Mixto firm\u00f3 un valioso convenio de cooperaci\u00f3n con la Universidad T\u00e9cnica Federico Santa Mar\u00eda, el cual favorecer\u00e1 a estudiantes de las carreras T\u00e9cnico Profesional en el marco de una pol\u00edtica de la Corporaci\u00f3n Monte Aconcagua que apunta a vincular a los estudiantes con la educaci\u00f3n superior desde un [&hellip;]<\/p>\n","protected":false},"author":4,"featured_media":6021,"comment_status":"closed","ping_status":"open","sticky":false,"template":"","format":"standard","meta":{"footnotes":""},"categories":[4],"tags":[],"_links":{"self":[{"href":"https:\/\/www.liceomixto.cl\/sanfelipe\/wp-json\/wp\/v2\/posts\/6019"}],"collection":[{"href":"https:\/\/www.liceomixto.cl\/sanfelipe\/wp-json\/wp\/v2\/posts"}],"about":[{"href":"https:\/\/www.liceomixto.cl\/sanfelipe\/wp-json\/wp\/v2\/types\/post"}],"author":[{"embeddable":true,"href":"https:\/\/www.liceomixto.cl\/sanfelipe\/wp-json\/wp\/v2\/users\/4"}],"replies":[{"embeddable":true,"href":"https:\/\/www.liceomixto.cl\/sanfelipe\/wp-json\/wp\/v2\/comments?post=6019"}],"version-history":[{"count":1,"href":"https:\/\/www.liceomixto.cl\/sanfelipe\/wp-json\/wp\/v2\/posts\/6019\/revisions"}],"predecessor-version":[{"id":6025,"href":"https:\/\/www.liceomixto.cl\/sanfelipe\/wp-json\/wp\/v2\/posts\/6019\/revisions\/6025"}],"wp:featuredmedia":[{"embeddable":true,"href":"https:\/\/www.liceomixto.cl\/sanfelipe\/wp-json\/wp\/v2\/media\/6021"}],"wp:attachment":[{"href":"https:\/\/www.liceomixto.cl\/sanfelipe\/wp-json\/wp\/v2\/media?parent=6019"}],"wp:term":[{"taxonomy":"category","embeddable":true,"href":"https:\/\/www.liceomixto.cl\/sanfelipe\/wp-json\/wp\/v2\/categories?post=6019"},{"taxonomy":"post_tag","embeddable":true,"href":"https:\/\/www.liceomixto.cl\/sanfelipe\/wp-json\/wp\/v2\/tags?post=6019"}],"curies":[{"name":"wp","href":"https:\/\/api.w.org\/{rel}","templated":true}]}}