{"id":6027,"date":"2023-08-30T12:59:02","date_gmt":"2023-08-30T15:59:02","guid":{"rendered":"https:\/\/www.liceomixto.cl\/sanfelipe\/?p=6027"},"modified":"2025-08-06T12:11:20","modified_gmt":"2025-08-06T15:11:20","slug":"liceo-particular-mixto-san-felipe-realizara-la-primera-gran-feria-de-emprendimiento","status":"publish","type":"post","link":"https:\/\/www.liceomixto.cl\/sanfelipe\/liceo-particular-mixto-san-felipe-realizara-la-primera-gran-feria-de-emprendimiento\/","title":{"rendered":"Liceo Particular Mixto San Felipe realizar\u00e1 la primera Gran Feria de Emprendimiento"},"content":{"rendered":"<p><span>Este viernes 1 de septiembre entre las 10 de la ma\u00f1ana y las 5 de la tarde en la cancha de f\u00fatbol y dependencias de la ense\u00f1anza b\u00e1sica del Liceo Particular Mixto San Felipe, se realizar\u00e1 la primera Gran Feria de Emprendimiento, una actividad in\u00e9dita y abierta a toda la comunidad de San Felipe.<\/span><\/p>\n<div><\/div>\n<div>Ninoska Ram\u00edrez, rectora de la instituci\u00f3n educativa, enfatiz\u00f3 que\u00a0la Corporaci\u00f3n siempre est\u00e1 pensando generar los espacios para que la comunidad pueda compartir en familia, brindando a su vez oportunidades como las muestras de emprendimiento. &#8220;Por otro lado, los alumnos, pondr\u00e1n poner en pr\u00e1ctica sus conocimientos y aplicar a situaciones reales lo aprendido en salas y talleres. Esperamos que esto sea el punto de partida del \u00e1rea de emprendimiento y que perdure en el tiempo, porque sin duda alguna ser\u00e1\u00a0una oportunidad de aprendizaje y colaboraci\u00f3n. Aprovechamos de invitar a toda la comunidad a participar de esta gran actividad&#8221;, concluy\u00f3 la profesional.<\/div>\n<div><\/div>\n<div>\n<p>&nbsp;<\/p>\n<p>Sergio Leiva, director del Liceo Mixto ense\u00f1anza media fue enf\u00e1tico en afirmar que uno de los objetivos de la iniciativa es acercar a la comunidad a los procesos pedag\u00f3gicos del colegio. \u201cEn virtud de esto la feria est\u00e1 enfocada a los estudiantes del \u00e1rea TP en el M\u00f3dulo de Emprendimiento, donde los estudiantes deber\u00e1n apadrinar a un emprendedor y orientarlo en materia de ventas, marketing y control de productos\u201d, indic\u00f3, afirmando que esta es una buena posibilidad que tiene el colegio de apoyar a las familias y a la comunidad en general.<\/p>\n<p>Por su parte, Pedro Henr\u00edquez, director del Liceo Mixto ense\u00f1anza b\u00e1sica, sostuvo que esta feria nace a partir de la fusi\u00f3n con la ense\u00f1anza media de una campa\u00f1a destinada al desarrollo de los emprendedores relacionados con la comunidad educativa del colegio. \u201cParticipar\u00e1n apoderados, funcionarios y familias ligadas a la instituci\u00f3n y con ayudamos a que sus negocios salgan adelante apoy\u00e1ndolos con esta instancia de desarrollo\u201d, subray\u00f3 el docente directivo, quien puntualiz\u00f3 que desde las 10 de la ma\u00f1ana y hasta el mediod\u00eda la feria se realizar\u00e1 en forma interna para los estudiantes y a partir del mediod\u00eda se abrir\u00e1 a toda la comunidad de San Felipe.<\/p>\n<p>Alice Celed\u00f3n, coordinadora TP de la Corporaci\u00f3n Monte Aconcagua, valor\u00f3 positivamente el M\u00f3dulo de Emprendimiento y Empleabilidad, dado que j\u00f3venes aprenden a crear un emprendimiento. \u201cPor lo tanto, otro de los objetivos de la iniciativa apunta a que los alumnos de primero a tercero medio vean lo que logran sus compa\u00f1eros de cuarto a\u00f1o a partir de sus especialidades con los conocimientos que entrega el m\u00f3dulo\u201d, puntualiz\u00f3 la docente, destacando que \u201cesos alumnos de primero a tercero medio deben darse cuenta, adem\u00e1s, que en cualquier carrera que elijan se pueden desempe\u00f1ar como independientes, siendo sus propios empleadores\u201d.<\/p>\n<p>Gonzalo Araya, coordinador de pr\u00e1ctica profesional y profesor de emprendimiento y empleabilidad del liceo, sostuvo que ya hay cerca de 80 pymes comprometidas para la actividad que cuenta con el auspicio de Sarraf Radio Comunicaciones y Salazar Israel. \u201cLa idea es asesorar a las Pymes, por lo tanto, los estudiantes TP de cuarto a\u00f1o medio les entregar\u00e1n t\u00e9cnicas de venta y publicidad, en una din\u00e1mica que ser\u00e1 muy enriquecedora tanto para los estudiantes como para los emprendedores\u201d, asegur\u00f3 el docente.<\/p>\n<p>El objetivo es que la asistencia a este evento sea familiar. \u201cVamos a contra con entretenciones para los ni\u00f1os como juegos inflables, actividades infantiles y un espect\u00e1culo con artistas locales\u201d, indic\u00f3 el profesional, junto con recordar que la feria ofrecer\u00e1 puestos de comida, artesan\u00eda, ropa, masajes y peinados entre otros rubros.<\/p>\n<p>Finalmente, se se\u00f1al\u00f3 que a\u00fan existen cupos para emprendedores que se quieran integrar a la actividad, los interesados deben comunicarse al correo\u00a0<a href=\"mailto:garayal@liceomixto.cl\" target=\"_blank\" rel=\"noopener\">garayal@liceomixto.cl<\/a><\/p>\n<\/div>\n<div><img fetchpriority=\"high\" decoding=\"async\" src=\"https:\/\/www.liceomixto.cl\/sanfelipe\/wp-content\/uploads\/2023\/08\/IMG-2120-300x225.jpg\" alt=\"\" width=\"300\" height=\"225\" class=\"alignnone size-medium wp-image-6028\" srcset=\"https:\/\/www.liceomixto.cl\/sanfelipe\/wp-content\/uploads\/2023\/08\/IMG-2120-300x225.jpg 300w, https:\/\/www.liceomixto.cl\/sanfelipe\/wp-content\/uploads\/2023\/08\/IMG-2120-1024x768.jpg 1024w, https:\/\/www.liceomixto.cl\/sanfelipe\/wp-content\/uploads\/2023\/08\/IMG-2120-768x576.jpg 768w, https:\/\/www.liceomixto.cl\/sanfelipe\/wp-content\/uploads\/2023\/08\/IMG-2120-1536x1152.jpg 1536w, https:\/\/www.liceomixto.cl\/sanfelipe\/wp-content\/uploads\/2023\/08\/IMG-2120-2048x1536.jpg 2048w\" sizes=\"(max-width: 300px) 100vw, 300px\" \/> <img decoding=\"async\" data-src=\"https:\/\/www.liceomixto.cl\/sanfelipe\/wp-content\/uploads\/2023\/08\/IMG-0841-300x169.jpg\" alt=\"\" width=\"300\" height=\"169\" class=\"alignnone size-medium wp-image-6029 lazyload\" data-srcset=\"https:\/\/www.liceomixto.cl\/sanfelipe\/wp-content\/uploads\/2023\/08\/IMG-0841-300x169.jpg 300w, https:\/\/www.liceomixto.cl\/sanfelipe\/wp-content\/uploads\/2023\/08\/IMG-0841-1024x576.jpg 1024w, https:\/\/www.liceomixto.cl\/sanfelipe\/wp-content\/uploads\/2023\/08\/IMG-0841-768x432.jpg 768w, https:\/\/www.liceomixto.cl\/sanfelipe\/wp-content\/uploads\/2023\/08\/IMG-0841-1536x864.jpg 1536w, https:\/\/www.liceomixto.cl\/sanfelipe\/wp-content\/uploads\/2023\/08\/IMG-0841-2048x1152.jpg 2048w\" data-sizes=\"(max-width: 300px) 100vw, 300px\" src=\"data:image\/gif;base64,R0lGODlhAQABAAAAACH5BAEKAAEALAAAAAABAAEAAAICTAEAOw==\" style=\"--smush-placeholder-width: 300px; --smush-placeholder-aspect-ratio: 300\/169;\" \/> <img decoding=\"async\" data-src=\"https:\/\/www.liceomixto.cl\/sanfelipe\/wp-content\/uploads\/2023\/08\/20220107_113605-300x135.jpg\" alt=\"\" width=\"300\" height=\"135\" class=\"alignnone size-medium wp-image-6030 lazyload\" data-srcset=\"https:\/\/www.liceomixto.cl\/sanfelipe\/wp-content\/uploads\/2023\/08\/20220107_113605-300x135.jpg 300w, https:\/\/www.liceomixto.cl\/sanfelipe\/wp-content\/uploads\/2023\/08\/20220107_113605-1024x461.jpg 1024w, https:\/\/www.liceomixto.cl\/sanfelipe\/wp-content\/uploads\/2023\/08\/20220107_113605-768x346.jpg 768w, https:\/\/www.liceomixto.cl\/sanfelipe\/wp-content\/uploads\/2023\/08\/20220107_113605-1536x691.jpg 1536w, https:\/\/www.liceomixto.cl\/sanfelipe\/wp-content\/uploads\/2023\/08\/20220107_113605-2048x922.jpg 2048w\" data-sizes=\"(max-width: 300px) 100vw, 300px\" src=\"data:image\/gif;base64,R0lGODlhAQABAAAAACH5BAEKAAEALAAAAAABAAEAAAICTAEAOw==\" style=\"--smush-placeholder-width: 300px; --smush-placeholder-aspect-ratio: 300\/135;\" \/><\/div>\n","protected":false},"excerpt":{"rendered":"<p>Este viernes 1 de septiembre entre las 10 de la ma\u00f1ana y las 5 de la tarde en la cancha de f\u00fatbol y dependencias de la ense\u00f1anza b\u00e1sica del Liceo Particular Mixto San Felipe, se realizar\u00e1 la primera Gran Feria de Emprendimiento, una actividad in\u00e9dita y abierta a toda la [&hellip;]<\/p>\n","protected":false},"author":4,"featured_media":6028,"comment_status":"closed","ping_status":"open","sticky":false,"template":"","format":"standard","meta":{"footnotes":""},"categories":[3],"tags":[],"_links":{"self":[{"href":"https:\/\/www.liceomixto.cl\/sanfelipe\/wp-json\/wp\/v2\/posts\/6027"}],"collection":[{"href":"https:\/\/www.liceomixto.cl\/sanfelipe\/wp-json\/wp\/v2\/posts"}],"about":[{"href":"https:\/\/www.liceomixto.cl\/sanfelipe\/wp-json\/wp\/v2\/types\/post"}],"author":[{"embeddable":true,"href":"https:\/\/www.liceomixto.cl\/sanfelipe\/wp-json\/wp\/v2\/users\/4"}],"replies":[{"embeddable":true,"href":"https:\/\/www.liceomixto.cl\/sanfelipe\/wp-json\/wp\/v2\/comments?post=6027"}],"version-history":[{"count":3,"href":"https:\/\/www.liceomixto.cl\/sanfelipe\/wp-json\/wp\/v2\/posts\/6027\/revisions"}],"predecessor-version":[{"id":6033,"href":"https:\/\/www.liceomixto.cl\/sanfelipe\/wp-json\/wp\/v2\/posts\/6027\/revisions\/6033"}],"wp:featuredmedia":[{"embeddable":true,"href":"https:\/\/www.liceomixto.cl\/sanfelipe\/wp-json\/wp\/v2\/media\/6028"}],"wp:attachment":[{"href":"https:\/\/www.liceomixto.cl\/sanfelipe\/wp-json\/wp\/v2\/media?parent=6027"}],"wp:term":[{"taxonomy":"category","embeddable":true,"href":"https:\/\/www.liceomixto.cl\/sanfelipe\/wp-json\/wp\/v2\/categories?post=6027"},{"taxonomy":"post_tag","embeddable":true,"href":"https:\/\/www.liceomixto.cl\/sanfelipe\/wp-json\/wp\/v2\/tags?post=6027"}],"curies":[{"name":"wp","href":"https:\/\/api.w.org\/{rel}","templated":true}]}}