{"id":6034,"date":"2023-08-30T17:19:12","date_gmt":"2023-08-30T20:19:12","guid":{"rendered":"https:\/\/www.liceomixto.cl\/sanfelipe\/?p=6034"},"modified":"2025-08-06T12:11:20","modified_gmt":"2025-08-06T15:11:20","slug":"retomando-una-historia-de-exitos-liceo-mixto-se-proclamo-campeon-regional-de-basquetbol","status":"publish","type":"post","link":"https:\/\/www.liceomixto.cl\/sanfelipe\/retomando-una-historia-de-exitos-liceo-mixto-se-proclamo-campeon-regional-de-basquetbol\/","title":{"rendered":"Retomando una historia de \u00e9xitos Liceo Mixto se proclam\u00f3 campe\u00f3n regional de b\u00e1squetbol"},"content":{"rendered":"<p><span>Retomando una historia que lo llev\u00f3 a ganar cuatro t\u00edtulos de Chile de b\u00e1squetbol profesional y a ser un referente nacional en cuanto a deporte escolar, el quinteto sub 14 del Liceo Particular Mixto San Felipe se proclam\u00f3 campe\u00f3n regional de b\u00e1squetbol, derrotando al Instituto Chacabuco de Los Andes por 79 a 41.<\/span><\/p>\n<p><span>De esta forma los liceanos sacaron pasajes para el certamen nacional escolar del IND, representando a la Regi\u00f3n de Valpara\u00edso entre el 8 y 12 de septiembre pr\u00f3ximos en la ciudad de Concepci\u00f3n.<\/span><\/p>\n<p><span>Leonardo Pino, entrenador de los conjuntos de baloncesto del colegio, sostuvo que el partido se jug\u00f3 en el polideportivo Renato Raggio de Valpara\u00edso. \u201cFue una jornada dur\u00edsima, porque en la semifinal disputamos un partido muy dif\u00edcil con el colegio Juana Ross. La verdad, hicimos un muy buen juego para lograr la victoria ante dos rivales sumamente calificados\u201d, asegur\u00f3 el director t\u00e9cnico.<\/span><\/p>\n<p><span>\u201cPara nosotros es un orgullo tremendo representar a la regi\u00f3n y a nuestro Liceo Mixto con toda su tradici\u00f3n deportiva en el Campeonato Nacional. Para mi como entrenador es maravilloso ver c\u00f3mo los chicos trabajan y este logro es producto de eso\u201d, manifest\u00f3 el profesional, haciendo menci\u00f3n en que el colegio no ha dejado nada al azar, preocup\u00e1ndose tambi\u00e9n del lado psicol\u00f3gico y emocional de los chicos.<\/span><\/p>\n<p><span>El deporte es uno de los sellos del Liceo Mixto y un elemento fundamental en la formaci\u00f3n de lo estudiantes, complementando esta \u00e1rea con la parte acad\u00e9mica, como lo reconoce Daniel Rodr\u00edguez, goleador del equipo con 29 puntos en la final. \u201cEl b\u00e1squetbol cambi\u00f3 mi vida, cuando llegue hace cuatro a\u00f1os a Chile comenc\u00e9 a jugar f\u00fatbol y luego b\u00e1squetbol. El objetivo en el nacional es llegar a semifinales y luego luchar por el campeonato\u201d, remat\u00f3 el adolescente.<\/span><br \/>\n<span style=\"color: #888888;\"><img fetchpriority=\"high\" decoding=\"async\" src=\"https:\/\/www.liceomixto.cl\/sanfelipe\/wp-content\/uploads\/2023\/08\/PHOTO-2023-08-24-11-33-58-300x209.jpg\" alt=\"\" width=\"300\" height=\"209\" class=\"alignnone size-medium wp-image-6035\" srcset=\"https:\/\/www.liceomixto.cl\/sanfelipe\/wp-content\/uploads\/2023\/08\/PHOTO-2023-08-24-11-33-58-300x209.jpg 300w, https:\/\/www.liceomixto.cl\/sanfelipe\/wp-content\/uploads\/2023\/08\/PHOTO-2023-08-24-11-33-58-1024x713.jpg 1024w, https:\/\/www.liceomixto.cl\/sanfelipe\/wp-content\/uploads\/2023\/08\/PHOTO-2023-08-24-11-33-58-768x535.jpg 768w, https:\/\/www.liceomixto.cl\/sanfelipe\/wp-content\/uploads\/2023\/08\/PHOTO-2023-08-24-11-33-58.jpg 1131w\" sizes=\"(max-width: 300px) 100vw, 300px\" \/> <img decoding=\"async\" data-src=\"https:\/\/www.liceomixto.cl\/sanfelipe\/wp-content\/uploads\/2023\/08\/PHOTO-2023-08-24-11-33-56-300x181.jpg\" alt=\"\" width=\"300\" height=\"181\" class=\"alignnone size-medium wp-image-6036 lazyload\" data-srcset=\"https:\/\/www.liceomixto.cl\/sanfelipe\/wp-content\/uploads\/2023\/08\/PHOTO-2023-08-24-11-33-56-300x181.jpg 300w, https:\/\/www.liceomixto.cl\/sanfelipe\/wp-content\/uploads\/2023\/08\/PHOTO-2023-08-24-11-33-56-768x462.jpg 768w, https:\/\/www.liceomixto.cl\/sanfelipe\/wp-content\/uploads\/2023\/08\/PHOTO-2023-08-24-11-33-56.jpg 1017w\" data-sizes=\"(max-width: 300px) 100vw, 300px\" src=\"data:image\/gif;base64,R0lGODlhAQABAAAAACH5BAEKAAEALAAAAAABAAEAAAICTAEAOw==\" style=\"--smush-placeholder-width: 300px; --smush-placeholder-aspect-ratio: 300\/181;\" \/> <img decoding=\"async\" data-src=\"https:\/\/www.liceomixto.cl\/sanfelipe\/wp-content\/uploads\/2023\/08\/PHOTO-2023-08-24-11-33-59-225x300.jpg\" alt=\"\" width=\"225\" height=\"300\" class=\"alignnone size-medium wp-image-6037 lazyload\" data-srcset=\"https:\/\/www.liceomixto.cl\/sanfelipe\/wp-content\/uploads\/2023\/08\/PHOTO-2023-08-24-11-33-59-225x300.jpg 225w, https:\/\/www.liceomixto.cl\/sanfelipe\/wp-content\/uploads\/2023\/08\/PHOTO-2023-08-24-11-33-59-768x1024.jpg 768w, https:\/\/www.liceomixto.cl\/sanfelipe\/wp-content\/uploads\/2023\/08\/PHOTO-2023-08-24-11-33-59-1152x1536.jpg 1152w, https:\/\/www.liceomixto.cl\/sanfelipe\/wp-content\/uploads\/2023\/08\/PHOTO-2023-08-24-11-33-59.jpg 1200w\" data-sizes=\"(max-width: 225px) 100vw, 225px\" src=\"data:image\/gif;base64,R0lGODlhAQABAAAAACH5BAEKAAEALAAAAAABAAEAAAICTAEAOw==\" style=\"--smush-placeholder-width: 225px; --smush-placeholder-aspect-ratio: 225\/300;\" \/><\/span><\/p>\n<p>&nbsp;<\/p>\n","protected":false},"excerpt":{"rendered":"<p>Retomando una historia que lo llev\u00f3 a ganar cuatro t\u00edtulos de Chile de b\u00e1squetbol profesional y a ser un referente nacional en cuanto a deporte escolar, el quinteto sub 14 del Liceo Particular Mixto San Felipe se proclam\u00f3 campe\u00f3n regional de b\u00e1squetbol, derrotando al Instituto Chacabuco de Los Andes por [&hellip;]<\/p>\n","protected":false},"author":4,"featured_media":6035,"comment_status":"closed","ping_status":"open","sticky":false,"template":"","format":"standard","meta":{"footnotes":""},"categories":[4],"tags":[],"_links":{"self":[{"href":"https:\/\/www.liceomixto.cl\/sanfelipe\/wp-json\/wp\/v2\/posts\/6034"}],"collection":[{"href":"https:\/\/www.liceomixto.cl\/sanfelipe\/wp-json\/wp\/v2\/posts"}],"about":[{"href":"https:\/\/www.liceomixto.cl\/sanfelipe\/wp-json\/wp\/v2\/types\/post"}],"author":[{"embeddable":true,"href":"https:\/\/www.liceomixto.cl\/sanfelipe\/wp-json\/wp\/v2\/users\/4"}],"replies":[{"embeddable":true,"href":"https:\/\/www.liceomixto.cl\/sanfelipe\/wp-json\/wp\/v2\/comments?post=6034"}],"version-history":[{"count":1,"href":"https:\/\/www.liceomixto.cl\/sanfelipe\/wp-json\/wp\/v2\/posts\/6034\/revisions"}],"predecessor-version":[{"id":6038,"href":"https:\/\/www.liceomixto.cl\/sanfelipe\/wp-json\/wp\/v2\/posts\/6034\/revisions\/6038"}],"wp:featuredmedia":[{"embeddable":true,"href":"https:\/\/www.liceomixto.cl\/sanfelipe\/wp-json\/wp\/v2\/media\/6035"}],"wp:attachment":[{"href":"https:\/\/www.liceomixto.cl\/sanfelipe\/wp-json\/wp\/v2\/media?parent=6034"}],"wp:term":[{"taxonomy":"category","embeddable":true,"href":"https:\/\/www.liceomixto.cl\/sanfelipe\/wp-json\/wp\/v2\/categories?post=6034"},{"taxonomy":"post_tag","embeddable":true,"href":"https:\/\/www.liceomixto.cl\/sanfelipe\/wp-json\/wp\/v2\/tags?post=6034"}],"curies":[{"name":"wp","href":"https:\/\/api.w.org\/{rel}","templated":true}]}}