{"id":6060,"date":"2023-09-06T17:14:26","date_gmt":"2023-09-06T20:14:26","guid":{"rendered":"https:\/\/www.liceomixto.cl\/sanfelipe\/?p=6060"},"modified":"2025-08-06T12:11:20","modified_gmt":"2025-08-06T15:11:20","slug":"con-gran-exito-el-liceo-particular-mixto-san-felipe-realizo-la-primera-gran-feria-de-emprendimiento","status":"publish","type":"post","link":"https:\/\/www.liceomixto.cl\/sanfelipe\/con-gran-exito-el-liceo-particular-mixto-san-felipe-realizo-la-primera-gran-feria-de-emprendimiento\/","title":{"rendered":"Con gran \u00e9xito el Liceo Particular Mixto San Felipe realiz\u00f3 la primera Gran Feria de Emprendimiento"},"content":{"rendered":"<p><span>Con un balance positivo avalado por los cerca de dos mil asistentes al evento el Liceo Particular Mixto San Felipe, ense\u00f1anza media y b\u00e1sica, realiz\u00f3 la primera Gran Feria de Emprendimiento, iniciativa que reuni\u00f3 m\u00e1s de 100 Pymes ofreciendo sus productos a la comunidad de San Felipe.<\/span><\/p>\n<p><span>Pedro Henr\u00edquez, director del Liceo Mixto ense\u00f1anza b\u00e1sica quien junto a su equipo de gesti\u00f3n organizaron el evento, manifest\u00f3 plena satisfacci\u00f3n por el resultado final del mismo. \u201cEstamos muy contentos por esta experiencia que se desarroll\u00f3 de buena manera y con puestos de venta con productos de diferentes rubros, asimismo, tuvimos un entretenido show con grupos musicales del colegio y de la zona\u201d, se\u00f1al\u00f3 el director.<\/span><\/p>\n<p><span>El profesional destac\u00f3, adem\u00e1s, que durante la actividad se realizaron actividades deportivas. \u201cPara nosotros esta primera versi\u00f3n de la feria fue un total \u00e9xito, por lo cual esperamos organizar pronto una nueva versi\u00f3n y poder as\u00ed reunir a nuestra comunidad educativa en torno a este tipo de actividades\u201d, concluy\u00f3.<\/span><\/p>\n<p><span>Sergio Leiva, director de la ense\u00f1anza media del Liceo Mixto manifest\u00f3 que esta fue una instancia muy valiosa \u201cque nos permite encaminar nuestro proyecto formativo, ya que esta primera feria nace desde el alero pedag\u00f3gico, con el m\u00f3dulo de emprendimiento del \u00e1rea t\u00e9cnico profesional del colegio\u201d, asegur\u00f3 el docente directivo, subrayando que entre las pol\u00edticas del colegio est\u00e1 apoyar a las familias de los estudiantes.<\/span><\/p>\n<p><span>Por su parte, Gonzalo Araya, coordinador de pr\u00e1ctica profesional y profesor de emprendimiento y empleabilidad, manifest\u00f3 que esta actividad llega a buen puerto gracias al esfuerzo de toda la comunidad educativa del Liceo Particular Mixto. \u201cLa gente est\u00e1 muy feliz con el resultado de la feria, muy conformes al punto que ya me han preguntado por la versi\u00f3n del pr\u00f3ximo a\u00f1o\u201d, asegur\u00f3.<\/span><\/p>\n<p><span>Entre los emprendedores, Constanza Pi\u00f1ones apoderada de Amalia, alumna del Liceo Mixto b\u00e1sica, catalog\u00f3 la instancia como de \u201cs\u00faper buena, porque as\u00ed se dan a conocer las Pymes y se benefician. Esto se podr\u00eda replicar un par de veces en el a\u00f1o porque adem\u00e1s el colegio es muy grande\u201d, sostuvo.<\/span><\/p>\n<p><span>Paula Osorio, comerciante del calzado, se\u00f1al\u00f3 que se enter\u00f3 de la feria por redes sociales y que es muy interesante que el colegio desarrolle este tipo de eventos. \u201cPorque de esta manera los ni\u00f1os se acercan al mundo de las Pymes y ven c\u00f3mo trabajan, adem\u00e1s, los estudiantes nos han acompa\u00f1ado harto e incluso nos recibieron en la porter\u00eda y nos ayudaron a instalarnos. Felicito al Mixto por esta idea\u201d, concluy\u00f3.<\/span><\/p>\n<p><span>Por su parte, Paola Vargas quien llego a la actividad con su emprendimiento de postres saludables, se\u00f1al\u00f3 que es espectacular que el colegio realice actividades de este tipo que se convierten en una oportunidad para las mujeres emprendedoras. \u201cAgradezco poder mostrar lo que hago y darme a conocer, porque a veces en otras partes nos ponen muchas trabas. Ojal\u00e1 pudieran hacer esto todos los a\u00f1os\u201d, puntualiz\u00f3.<\/span><\/p>\n<p><span>Visitando la feria junto a su hija, la se\u00f1ora Rosa Castro del sector poniente de San Felipe, manifest\u00f3 estar impresionada de la gran variedad de productos que se ofrecieron en la feria. \u201cTodo muy bonito y novedoso, con precios que nos permiten llevarnos varias cositas para la casa\u201d, concluy\u00f3 entre risas.<\/span><span style=\"color: #888888;\"><br \/>\n<\/span><\/p>\n<p><img fetchpriority=\"high\" decoding=\"async\" src=\"https:\/\/www.liceomixto.cl\/sanfelipe\/wp-content\/uploads\/2023\/09\/IMG-3087-300x225.jpg\" alt=\"\" width=\"300\" height=\"225\" class=\"alignnone size-medium wp-image-6074\" srcset=\"https:\/\/www.liceomixto.cl\/sanfelipe\/wp-content\/uploads\/2023\/09\/IMG-3087-300x225.jpg 300w, https:\/\/www.liceomixto.cl\/sanfelipe\/wp-content\/uploads\/2023\/09\/IMG-3087-1024x768.jpg 1024w, https:\/\/www.liceomixto.cl\/sanfelipe\/wp-content\/uploads\/2023\/09\/IMG-3087-768x576.jpg 768w, https:\/\/www.liceomixto.cl\/sanfelipe\/wp-content\/uploads\/2023\/09\/IMG-3087-1536x1152.jpg 1536w, https:\/\/www.liceomixto.cl\/sanfelipe\/wp-content\/uploads\/2023\/09\/IMG-3087-2048x1536.jpg 2048w\" sizes=\"(max-width: 300px) 100vw, 300px\" \/> <img decoding=\"async\" data-src=\"https:\/\/www.liceomixto.cl\/sanfelipe\/wp-content\/uploads\/2023\/09\/IMG-3084-300x225.jpg\" alt=\"\" width=\"300\" height=\"225\" class=\"alignnone size-medium wp-image-6073 lazyload\" data-srcset=\"https:\/\/www.liceomixto.cl\/sanfelipe\/wp-content\/uploads\/2023\/09\/IMG-3084-300x225.jpg 300w, https:\/\/www.liceomixto.cl\/sanfelipe\/wp-content\/uploads\/2023\/09\/IMG-3084-1024x768.jpg 1024w, https:\/\/www.liceomixto.cl\/sanfelipe\/wp-content\/uploads\/2023\/09\/IMG-3084-768x576.jpg 768w, https:\/\/www.liceomixto.cl\/sanfelipe\/wp-content\/uploads\/2023\/09\/IMG-3084-1536x1152.jpg 1536w, https:\/\/www.liceomixto.cl\/sanfelipe\/wp-content\/uploads\/2023\/09\/IMG-3084-2048x1536.jpg 2048w\" data-sizes=\"(max-width: 300px) 100vw, 300px\" src=\"data:image\/gif;base64,R0lGODlhAQABAAAAACH5BAEKAAEALAAAAAABAAEAAAICTAEAOw==\" style=\"--smush-placeholder-width: 300px; --smush-placeholder-aspect-ratio: 300\/225;\" \/> <img decoding=\"async\" data-src=\"https:\/\/www.liceomixto.cl\/sanfelipe\/wp-content\/uploads\/2023\/09\/IMG-3078-300x225.jpg\" alt=\"\" width=\"300\" height=\"225\" class=\"alignnone size-medium wp-image-6072 lazyload\" data-srcset=\"https:\/\/www.liceomixto.cl\/sanfelipe\/wp-content\/uploads\/2023\/09\/IMG-3078-300x225.jpg 300w, https:\/\/www.liceomixto.cl\/sanfelipe\/wp-content\/uploads\/2023\/09\/IMG-3078-1024x768.jpg 1024w, https:\/\/www.liceomixto.cl\/sanfelipe\/wp-content\/uploads\/2023\/09\/IMG-3078-768x576.jpg 768w, https:\/\/www.liceomixto.cl\/sanfelipe\/wp-content\/uploads\/2023\/09\/IMG-3078-1536x1152.jpg 1536w, https:\/\/www.liceomixto.cl\/sanfelipe\/wp-content\/uploads\/2023\/09\/IMG-3078-2048x1536.jpg 2048w\" data-sizes=\"(max-width: 300px) 100vw, 300px\" src=\"data:image\/gif;base64,R0lGODlhAQABAAAAACH5BAEKAAEALAAAAAABAAEAAAICTAEAOw==\" style=\"--smush-placeholder-width: 300px; --smush-placeholder-aspect-ratio: 300\/225;\" \/> <img decoding=\"async\" data-src=\"https:\/\/www.liceomixto.cl\/sanfelipe\/wp-content\/uploads\/2023\/09\/IMG-3075-300x225.jpg\" alt=\"\" width=\"300\" height=\"225\" class=\"alignnone size-medium wp-image-6071 lazyload\" data-srcset=\"https:\/\/www.liceomixto.cl\/sanfelipe\/wp-content\/uploads\/2023\/09\/IMG-3075-300x225.jpg 300w, https:\/\/www.liceomixto.cl\/sanfelipe\/wp-content\/uploads\/2023\/09\/IMG-3075-1024x768.jpg 1024w, https:\/\/www.liceomixto.cl\/sanfelipe\/wp-content\/uploads\/2023\/09\/IMG-3075-768x576.jpg 768w, https:\/\/www.liceomixto.cl\/sanfelipe\/wp-content\/uploads\/2023\/09\/IMG-3075-1536x1152.jpg 1536w, https:\/\/www.liceomixto.cl\/sanfelipe\/wp-content\/uploads\/2023\/09\/IMG-3075-2048x1536.jpg 2048w\" data-sizes=\"(max-width: 300px) 100vw, 300px\" src=\"data:image\/gif;base64,R0lGODlhAQABAAAAACH5BAEKAAEALAAAAAABAAEAAAICTAEAOw==\" style=\"--smush-placeholder-width: 300px; --smush-placeholder-aspect-ratio: 300\/225;\" \/> <img decoding=\"async\" data-src=\"https:\/\/www.liceomixto.cl\/sanfelipe\/wp-content\/uploads\/2023\/09\/IMG-3058-300x203.jpg\" alt=\"\" width=\"300\" height=\"203\" class=\"alignnone size-medium wp-image-6070 lazyload\" data-srcset=\"https:\/\/www.liceomixto.cl\/sanfelipe\/wp-content\/uploads\/2023\/09\/IMG-3058-300x203.jpg 300w, https:\/\/www.liceomixto.cl\/sanfelipe\/wp-content\/uploads\/2023\/09\/IMG-3058-1024x692.jpg 1024w, https:\/\/www.liceomixto.cl\/sanfelipe\/wp-content\/uploads\/2023\/09\/IMG-3058-768x519.jpg 768w, https:\/\/www.liceomixto.cl\/sanfelipe\/wp-content\/uploads\/2023\/09\/IMG-3058-1536x1038.jpg 1536w, https:\/\/www.liceomixto.cl\/sanfelipe\/wp-content\/uploads\/2023\/09\/IMG-3058-2048x1384.jpg 2048w\" data-sizes=\"(max-width: 300px) 100vw, 300px\" src=\"data:image\/gif;base64,R0lGODlhAQABAAAAACH5BAEKAAEALAAAAAABAAEAAAICTAEAOw==\" style=\"--smush-placeholder-width: 300px; --smush-placeholder-aspect-ratio: 300\/203;\" \/> <img decoding=\"async\" data-src=\"https:\/\/www.liceomixto.cl\/sanfelipe\/wp-content\/uploads\/2023\/09\/IMG-3090-300x225.jpg\" alt=\"\" width=\"300\" height=\"225\" class=\"alignnone size-medium wp-image-6065 lazyload\" data-srcset=\"https:\/\/www.liceomixto.cl\/sanfelipe\/wp-content\/uploads\/2023\/09\/IMG-3090-300x225.jpg 300w, https:\/\/www.liceomixto.cl\/sanfelipe\/wp-content\/uploads\/2023\/09\/IMG-3090-1024x768.jpg 1024w, https:\/\/www.liceomixto.cl\/sanfelipe\/wp-content\/uploads\/2023\/09\/IMG-3090-768x576.jpg 768w, https:\/\/www.liceomixto.cl\/sanfelipe\/wp-content\/uploads\/2023\/09\/IMG-3090-1536x1152.jpg 1536w, https:\/\/www.liceomixto.cl\/sanfelipe\/wp-content\/uploads\/2023\/09\/IMG-3090-2048x1536.jpg 2048w\" data-sizes=\"(max-width: 300px) 100vw, 300px\" src=\"data:image\/gif;base64,R0lGODlhAQABAAAAACH5BAEKAAEALAAAAAABAAEAAAICTAEAOw==\" style=\"--smush-placeholder-width: 300px; --smush-placeholder-aspect-ratio: 300\/225;\" \/> <img decoding=\"async\" data-src=\"https:\/\/www.liceomixto.cl\/sanfelipe\/wp-content\/uploads\/2023\/09\/IMG-3055-300x225.jpg\" alt=\"\" width=\"300\" height=\"225\" class=\"alignnone size-medium wp-image-6066 lazyload\" data-srcset=\"https:\/\/www.liceomixto.cl\/sanfelipe\/wp-content\/uploads\/2023\/09\/IMG-3055-300x225.jpg 300w, https:\/\/www.liceomixto.cl\/sanfelipe\/wp-content\/uploads\/2023\/09\/IMG-3055-1024x768.jpg 1024w, https:\/\/www.liceomixto.cl\/sanfelipe\/wp-content\/uploads\/2023\/09\/IMG-3055-768x576.jpg 768w, https:\/\/www.liceomixto.cl\/sanfelipe\/wp-content\/uploads\/2023\/09\/IMG-3055-1536x1152.jpg 1536w, https:\/\/www.liceomixto.cl\/sanfelipe\/wp-content\/uploads\/2023\/09\/IMG-3055-2048x1536.jpg 2048w\" data-sizes=\"(max-width: 300px) 100vw, 300px\" src=\"data:image\/gif;base64,R0lGODlhAQABAAAAACH5BAEKAAEALAAAAAABAAEAAAICTAEAOw==\" style=\"--smush-placeholder-width: 300px; --smush-placeholder-aspect-ratio: 300\/225;\" \/> <img decoding=\"async\" data-src=\"https:\/\/www.liceomixto.cl\/sanfelipe\/wp-content\/uploads\/2023\/09\/IMG-3056-300x225.jpg\" alt=\"\" width=\"300\" height=\"225\" class=\"alignnone size-medium wp-image-6067 lazyload\" data-srcset=\"https:\/\/www.liceomixto.cl\/sanfelipe\/wp-content\/uploads\/2023\/09\/IMG-3056-300x225.jpg 300w, https:\/\/www.liceomixto.cl\/sanfelipe\/wp-content\/uploads\/2023\/09\/IMG-3056-1024x768.jpg 1024w, https:\/\/www.liceomixto.cl\/sanfelipe\/wp-content\/uploads\/2023\/09\/IMG-3056-768x576.jpg 768w, https:\/\/www.liceomixto.cl\/sanfelipe\/wp-content\/uploads\/2023\/09\/IMG-3056-1536x1152.jpg 1536w, https:\/\/www.liceomixto.cl\/sanfelipe\/wp-content\/uploads\/2023\/09\/IMG-3056-2048x1536.jpg 2048w\" data-sizes=\"(max-width: 300px) 100vw, 300px\" src=\"data:image\/gif;base64,R0lGODlhAQABAAAAACH5BAEKAAEALAAAAAABAAEAAAICTAEAOw==\" style=\"--smush-placeholder-width: 300px; --smush-placeholder-aspect-ratio: 300\/225;\" \/> <img decoding=\"async\" data-src=\"https:\/\/www.liceomixto.cl\/sanfelipe\/wp-content\/uploads\/2023\/09\/IMG-3061-300x199.jpg\" alt=\"\" width=\"300\" height=\"199\" class=\"alignnone size-medium wp-image-6068 lazyload\" data-srcset=\"https:\/\/www.liceomixto.cl\/sanfelipe\/wp-content\/uploads\/2023\/09\/IMG-3061-300x199.jpg 300w, https:\/\/www.liceomixto.cl\/sanfelipe\/wp-content\/uploads\/2023\/09\/IMG-3061-1024x678.jpg 1024w, https:\/\/www.liceomixto.cl\/sanfelipe\/wp-content\/uploads\/2023\/09\/IMG-3061-768x508.jpg 768w, https:\/\/www.liceomixto.cl\/sanfelipe\/wp-content\/uploads\/2023\/09\/IMG-3061-1536x1017.jpg 1536w, https:\/\/www.liceomixto.cl\/sanfelipe\/wp-content\/uploads\/2023\/09\/IMG-3061-2048x1356.jpg 2048w, https:\/\/www.liceomixto.cl\/sanfelipe\/wp-content\/uploads\/2023\/09\/IMG-3061-360x240.jpg 360w\" data-sizes=\"(max-width: 300px) 100vw, 300px\" src=\"data:image\/gif;base64,R0lGODlhAQABAAAAACH5BAEKAAEALAAAAAABAAEAAAICTAEAOw==\" style=\"--smush-placeholder-width: 300px; --smush-placeholder-aspect-ratio: 300\/199;\" \/> <img decoding=\"async\" data-src=\"https:\/\/www.liceomixto.cl\/sanfelipe\/wp-content\/uploads\/2023\/09\/IMG-3059-300x184.jpg\" alt=\"\" width=\"300\" height=\"184\" class=\"alignnone size-medium wp-image-6069 lazyload\" data-srcset=\"https:\/\/www.liceomixto.cl\/sanfelipe\/wp-content\/uploads\/2023\/09\/IMG-3059-300x184.jpg 300w, https:\/\/www.liceomixto.cl\/sanfelipe\/wp-content\/uploads\/2023\/09\/IMG-3059-1024x630.jpg 1024w, https:\/\/www.liceomixto.cl\/sanfelipe\/wp-content\/uploads\/2023\/09\/IMG-3059-768x472.jpg 768w, https:\/\/www.liceomixto.cl\/sanfelipe\/wp-content\/uploads\/2023\/09\/IMG-3059-1536x944.jpg 1536w, https:\/\/www.liceomixto.cl\/sanfelipe\/wp-content\/uploads\/2023\/09\/IMG-3059-2048x1259.jpg 2048w\" data-sizes=\"(max-width: 300px) 100vw, 300px\" src=\"data:image\/gif;base64,R0lGODlhAQABAAAAACH5BAEKAAEALAAAAAABAAEAAAICTAEAOw==\" style=\"--smush-placeholder-width: 300px; --smush-placeholder-aspect-ratio: 300\/184;\" \/> <img decoding=\"async\" data-src=\"https:\/\/www.liceomixto.cl\/sanfelipe\/wp-content\/uploads\/2023\/09\/IMG-3088-300x225.jpg\" alt=\"\" width=\"300\" height=\"225\" class=\"alignnone size-medium wp-image-6064 lazyload\" data-srcset=\"https:\/\/www.liceomixto.cl\/sanfelipe\/wp-content\/uploads\/2023\/09\/IMG-3088-300x225.jpg 300w, https:\/\/www.liceomixto.cl\/sanfelipe\/wp-content\/uploads\/2023\/09\/IMG-3088-1024x768.jpg 1024w, https:\/\/www.liceomixto.cl\/sanfelipe\/wp-content\/uploads\/2023\/09\/IMG-3088-768x576.jpg 768w, https:\/\/www.liceomixto.cl\/sanfelipe\/wp-content\/uploads\/2023\/09\/IMG-3088-1536x1152.jpg 1536w, https:\/\/www.liceomixto.cl\/sanfelipe\/wp-content\/uploads\/2023\/09\/IMG-3088-2048x1536.jpg 2048w\" data-sizes=\"(max-width: 300px) 100vw, 300px\" src=\"data:image\/gif;base64,R0lGODlhAQABAAAAACH5BAEKAAEALAAAAAABAAEAAAICTAEAOw==\" style=\"--smush-placeholder-width: 300px; --smush-placeholder-aspect-ratio: 300\/225;\" \/> <img decoding=\"async\" data-src=\"https:\/\/www.liceomixto.cl\/sanfelipe\/wp-content\/uploads\/2023\/09\/IMG-3081-300x225.jpg\" alt=\"\" width=\"300\" height=\"225\" class=\"alignnone size-medium wp-image-6063 lazyload\" data-srcset=\"https:\/\/www.liceomixto.cl\/sanfelipe\/wp-content\/uploads\/2023\/09\/IMG-3081-300x225.jpg 300w, https:\/\/www.liceomixto.cl\/sanfelipe\/wp-content\/uploads\/2023\/09\/IMG-3081-1024x768.jpg 1024w, https:\/\/www.liceomixto.cl\/sanfelipe\/wp-content\/uploads\/2023\/09\/IMG-3081-768x576.jpg 768w, https:\/\/www.liceomixto.cl\/sanfelipe\/wp-content\/uploads\/2023\/09\/IMG-3081-1536x1152.jpg 1536w, https:\/\/www.liceomixto.cl\/sanfelipe\/wp-content\/uploads\/2023\/09\/IMG-3081-2048x1536.jpg 2048w\" data-sizes=\"(max-width: 300px) 100vw, 300px\" src=\"data:image\/gif;base64,R0lGODlhAQABAAAAACH5BAEKAAEALAAAAAABAAEAAAICTAEAOw==\" style=\"--smush-placeholder-width: 300px; --smush-placeholder-aspect-ratio: 300\/225;\" \/> <img decoding=\"async\" data-src=\"https:\/\/www.liceomixto.cl\/sanfelipe\/wp-content\/uploads\/2023\/09\/IMG-3079-300x225.jpg\" alt=\"\" width=\"300\" height=\"225\" class=\"alignnone size-medium wp-image-6062 lazyload\" data-srcset=\"https:\/\/www.liceomixto.cl\/sanfelipe\/wp-content\/uploads\/2023\/09\/IMG-3079-300x225.jpg 300w, https:\/\/www.liceomixto.cl\/sanfelipe\/wp-content\/uploads\/2023\/09\/IMG-3079-1024x768.jpg 1024w, https:\/\/www.liceomixto.cl\/sanfelipe\/wp-content\/uploads\/2023\/09\/IMG-3079-768x576.jpg 768w, https:\/\/www.liceomixto.cl\/sanfelipe\/wp-content\/uploads\/2023\/09\/IMG-3079-1536x1152.jpg 1536w, https:\/\/www.liceomixto.cl\/sanfelipe\/wp-content\/uploads\/2023\/09\/IMG-3079-2048x1536.jpg 2048w\" data-sizes=\"(max-width: 300px) 100vw, 300px\" src=\"data:image\/gif;base64,R0lGODlhAQABAAAAACH5BAEKAAEALAAAAAABAAEAAAICTAEAOw==\" style=\"--smush-placeholder-width: 300px; --smush-placeholder-aspect-ratio: 300\/225;\" \/> <img decoding=\"async\" data-src=\"https:\/\/www.liceomixto.cl\/sanfelipe\/wp-content\/uploads\/2023\/09\/IMG-3080-300x225.jpg\" alt=\"\" width=\"300\" height=\"225\" class=\"alignnone size-medium wp-image-6061 lazyload\" data-srcset=\"https:\/\/www.liceomixto.cl\/sanfelipe\/wp-content\/uploads\/2023\/09\/IMG-3080-300x225.jpg 300w, https:\/\/www.liceomixto.cl\/sanfelipe\/wp-content\/uploads\/2023\/09\/IMG-3080-1024x768.jpg 1024w, https:\/\/www.liceomixto.cl\/sanfelipe\/wp-content\/uploads\/2023\/09\/IMG-3080-768x576.jpg 768w, https:\/\/www.liceomixto.cl\/sanfelipe\/wp-content\/uploads\/2023\/09\/IMG-3080-1536x1152.jpg 1536w, https:\/\/www.liceomixto.cl\/sanfelipe\/wp-content\/uploads\/2023\/09\/IMG-3080-2048x1536.jpg 2048w\" data-sizes=\"(max-width: 300px) 100vw, 300px\" src=\"data:image\/gif;base64,R0lGODlhAQABAAAAACH5BAEKAAEALAAAAAABAAEAAAICTAEAOw==\" style=\"--smush-placeholder-width: 300px; --smush-placeholder-aspect-ratio: 300\/225;\" \/><\/p>\n","protected":false},"excerpt":{"rendered":"<p>Con un balance positivo avalado por los cerca de dos mil asistentes al evento el Liceo Particular Mixto San Felipe, ense\u00f1anza media y b\u00e1sica, realiz\u00f3 la primera Gran Feria de Emprendimiento, iniciativa que reuni\u00f3 m\u00e1s de 100 Pymes ofreciendo sus productos a la comunidad de San Felipe. Pedro Henr\u00edquez, director [&hellip;]<\/p>\n","protected":false},"author":4,"featured_media":6071,"comment_status":"closed","ping_status":"open","sticky":false,"template":"","format":"standard","meta":{"footnotes":""},"categories":[4],"tags":[],"_links":{"self":[{"href":"https:\/\/www.liceomixto.cl\/sanfelipe\/wp-json\/wp\/v2\/posts\/6060"}],"collection":[{"href":"https:\/\/www.liceomixto.cl\/sanfelipe\/wp-json\/wp\/v2\/posts"}],"about":[{"href":"https:\/\/www.liceomixto.cl\/sanfelipe\/wp-json\/wp\/v2\/types\/post"}],"author":[{"embeddable":true,"href":"https:\/\/www.liceomixto.cl\/sanfelipe\/wp-json\/wp\/v2\/users\/4"}],"replies":[{"embeddable":true,"href":"https:\/\/www.liceomixto.cl\/sanfelipe\/wp-json\/wp\/v2\/comments?post=6060"}],"version-history":[{"count":1,"href":"https:\/\/www.liceomixto.cl\/sanfelipe\/wp-json\/wp\/v2\/posts\/6060\/revisions"}],"predecessor-version":[{"id":6075,"href":"https:\/\/www.liceomixto.cl\/sanfelipe\/wp-json\/wp\/v2\/posts\/6060\/revisions\/6075"}],"wp:featuredmedia":[{"embeddable":true,"href":"https:\/\/www.liceomixto.cl\/sanfelipe\/wp-json\/wp\/v2\/media\/6071"}],"wp:attachment":[{"href":"https:\/\/www.liceomixto.cl\/sanfelipe\/wp-json\/wp\/v2\/media?parent=6060"}],"wp:term":[{"taxonomy":"category","embeddable":true,"href":"https:\/\/www.liceomixto.cl\/sanfelipe\/wp-json\/wp\/v2\/categories?post=6060"},{"taxonomy":"post_tag","embeddable":true,"href":"https:\/\/www.liceomixto.cl\/sanfelipe\/wp-json\/wp\/v2\/tags?post=6060"}],"curies":[{"name":"wp","href":"https:\/\/api.w.org\/{rel}","templated":true}]}}