{"id":6488,"date":"2024-06-03T03:02:47","date_gmt":"2024-06-03T06:02:47","guid":{"rendered":"https:\/\/www.liceomixto.cl\/sanfelipe\/?p=6488"},"modified":"2025-08-06T12:11:18","modified_gmt":"2025-08-06T15:11:18","slug":"con-gran-exito-liceo-mixto-desarrolla-talleres-de-deportes-y-artisticos","status":"publish","type":"post","link":"https:\/\/www.liceomixto.cl\/sanfelipe\/con-gran-exito-liceo-mixto-desarrolla-talleres-de-deportes-y-artisticos\/","title":{"rendered":"Con gran \u00e9xito Liceo Mixto desarrolla talleres de deportes y art\u00edsticos"},"content":{"rendered":"<p><span>Con un gran \u00e9xito de alumnos participando el Liceo Mixto se encuentra desarrollando sus talleres anuales de deportes y art\u00edstico culturales, en los cuales participan estudiantes de los cinco establecimientos de la Corporaci\u00f3n Monte Aconcagua de las sedes de San Felipe y Los Andes.<\/span><\/p>\n<p><span class=\"im\"><span>Ninoska Ram\u00edrez, rectora del Liceo Mixto, valor\u00f3 positivamente la iniciativa del colegio de ofrecer a los j\u00f3venes la oportunidad de desarrollar sus habilidades en distintas disciplinas, m\u00e1s all\u00e1 de sus obligaciones en el plano acad\u00e9mico. \u201cComo Corporaci\u00f3n Monte Aconcagua nos preocupa tambi\u00e9n crear h\u00e1bitos de vida saludable en nuestros estudiantes y que de esta manera mejoren su calidad de vida desde un plano integral\u201d, asegur\u00f3.<\/span><\/span><\/p>\n<p><span>La profesional, asimismo, record\u00f3 que uno de los grandes valores agregados que ofrece el establecimiento a sus alumnos es la posibilidad de practicar distintos deportes. \u201cEste es uno de los pilares de nuestro proyecto educativo y en tal sentido contamos con un selecto equipo de profesionales expertos en cada una de las disciplinas impartidas, quienes se encargan de conducir a los alumnos para que se desenvuelvan de manera correcta y segura\u201d, concluy\u00f3.<\/span><\/p>\n<p><span>Francisca Carvajal, encargada de deportes de la emblem\u00e1tica instituci\u00f3n educativa, sostuvo que los talleres son parte de las actividades extraprogram\u00e1ticas y por lo tanto se realizan por las tardes despu\u00e9s de clases. \u201cLas disciplinas deportivas son el f\u00fatbol, b\u00e1squetbol, balonmano y voleibol y de estos nacen los equipos que representan al colegio en los juegos deportivos escolares y ligas provinciales\u201d, asegur\u00f3.<\/span><\/p>\n<p><span>La docente, subray\u00f3, adem\u00e1s, que existen talleres para los peque\u00f1os de pre kinder a segundo b\u00e1sico. \u201cEstos se desarrollan en un \u00e1rea m\u00e1s formativa con un taller polideportivo para que desarrollen sus habilidades y que cuenta ya con cupo completo, dado que queremos abarcar a todos nuestros estudiantes\u201d, asegur\u00f3, junto con recordar que en plano art\u00edstico existe un taller de danza \u201ccon una demanda incre\u00edble sobre todo en ni\u00f1as desde la ense\u00f1anza b\u00e1sica a cuarto a\u00f1o medio\u201d.<\/span><\/p>\n<p><span>Francisca Carvajal hizo hincapi\u00e9 en que los estudiantes que no se han incorporado a los talleres lo pueden seguir haciendo. \u201cLas academias est\u00e1n abiertas para todos los ni\u00f1os que quieran aprender del deporte y descubrir su potencial con la ayuda de nuestros profesores\u201d, puntualiz\u00f3, haciendo una menci\u00f3n final al taller de periodismo y ajedrez.<\/span><\/p>\n<p><img decoding=\"async\" data-src=\"https:\/\/www.liceomixto.cl\/sanfelipe\/wp-content\/uploads\/2024\/06\/san-felipe-4-300x158.jpg\" alt=\"\" width=\"300\" height=\"158\" class=\"alignnone size-medium wp-image-6492 lazyload\" data-srcset=\"https:\/\/www.liceomixto.cl\/sanfelipe\/wp-content\/uploads\/2024\/06\/san-felipe-4-300x158.jpg 300w, https:\/\/www.liceomixto.cl\/sanfelipe\/wp-content\/uploads\/2024\/06\/san-felipe-4-1024x538.jpg 1024w, https:\/\/www.liceomixto.cl\/sanfelipe\/wp-content\/uploads\/2024\/06\/san-felipe-4-768x404.jpg 768w, https:\/\/www.liceomixto.cl\/sanfelipe\/wp-content\/uploads\/2024\/06\/san-felipe-4.jpg 1404w\" data-sizes=\"(max-width: 300px) 100vw, 300px\" src=\"data:image\/gif;base64,R0lGODlhAQABAAAAACH5BAEKAAEALAAAAAABAAEAAAICTAEAOw==\" style=\"--smush-placeholder-width: 300px; --smush-placeholder-aspect-ratio: 300\/158;\" \/> <img fetchpriority=\"high\" decoding=\"async\" src=\"https:\/\/www.liceomixto.cl\/sanfelipe\/wp-content\/uploads\/2024\/06\/san-felipe-3-300x185.jpg\" alt=\"\" width=\"300\" height=\"185\" class=\"alignnone size-medium wp-image-6491\" srcset=\"https:\/\/www.liceomixto.cl\/sanfelipe\/wp-content\/uploads\/2024\/06\/san-felipe-3-300x185.jpg 300w, https:\/\/www.liceomixto.cl\/sanfelipe\/wp-content\/uploads\/2024\/06\/san-felipe-3.jpg 738w\" sizes=\"(max-width: 300px) 100vw, 300px\" \/> <img decoding=\"async\" data-src=\"https:\/\/www.liceomixto.cl\/sanfelipe\/wp-content\/uploads\/2024\/06\/san-felipe-2-300x198.jpg\" alt=\"\" width=\"300\" height=\"198\" class=\"alignnone size-medium wp-image-6490 lazyload\" data-srcset=\"https:\/\/www.liceomixto.cl\/sanfelipe\/wp-content\/uploads\/2024\/06\/san-felipe-2-300x198.jpg 300w, https:\/\/www.liceomixto.cl\/sanfelipe\/wp-content\/uploads\/2024\/06\/san-felipe-2-1024x676.jpg 1024w, https:\/\/www.liceomixto.cl\/sanfelipe\/wp-content\/uploads\/2024\/06\/san-felipe-2-768x507.jpg 768w, https:\/\/www.liceomixto.cl\/sanfelipe\/wp-content\/uploads\/2024\/06\/san-felipe-2.jpg 1200w\" data-sizes=\"(max-width: 300px) 100vw, 300px\" src=\"data:image\/gif;base64,R0lGODlhAQABAAAAACH5BAEKAAEALAAAAAABAAEAAAICTAEAOw==\" style=\"--smush-placeholder-width: 300px; --smush-placeholder-aspect-ratio: 300\/198;\" \/> <img decoding=\"async\" data-src=\"https:\/\/www.liceomixto.cl\/sanfelipe\/wp-content\/uploads\/2024\/06\/san-felipe-1-300x230.jpg\" alt=\"\" width=\"300\" height=\"230\" class=\"alignnone size-medium wp-image-6489 lazyload\" data-srcset=\"https:\/\/www.liceomixto.cl\/sanfelipe\/wp-content\/uploads\/2024\/06\/san-felipe-1-300x230.jpg 300w, https:\/\/www.liceomixto.cl\/sanfelipe\/wp-content\/uploads\/2024\/06\/san-felipe-1-1024x784.jpg 1024w, https:\/\/www.liceomixto.cl\/sanfelipe\/wp-content\/uploads\/2024\/06\/san-felipe-1-768x588.jpg 768w, https:\/\/www.liceomixto.cl\/sanfelipe\/wp-content\/uploads\/2024\/06\/san-felipe-1.jpg 1121w\" data-sizes=\"(max-width: 300px) 100vw, 300px\" src=\"data:image\/gif;base64,R0lGODlhAQABAAAAACH5BAEKAAEALAAAAAABAAEAAAICTAEAOw==\" style=\"--smush-placeholder-width: 300px; --smush-placeholder-aspect-ratio: 300\/230;\" \/><\/p>\n","protected":false},"excerpt":{"rendered":"<p>Con un gran \u00e9xito de alumnos participando el Liceo Mixto se encuentra desarrollando sus talleres anuales de deportes y art\u00edstico culturales, en los cuales participan estudiantes de los cinco establecimientos de la Corporaci\u00f3n Monte Aconcagua de las sedes de San Felipe y Los Andes. Ninoska Ram\u00edrez, rectora del Liceo Mixto, [&hellip;]<\/p>\n","protected":false},"author":4,"featured_media":6491,"comment_status":"closed","ping_status":"open","sticky":false,"template":"","format":"standard","meta":{"footnotes":""},"categories":[3],"tags":[],"_links":{"self":[{"href":"https:\/\/www.liceomixto.cl\/sanfelipe\/wp-json\/wp\/v2\/posts\/6488"}],"collection":[{"href":"https:\/\/www.liceomixto.cl\/sanfelipe\/wp-json\/wp\/v2\/posts"}],"about":[{"href":"https:\/\/www.liceomixto.cl\/sanfelipe\/wp-json\/wp\/v2\/types\/post"}],"author":[{"embeddable":true,"href":"https:\/\/www.liceomixto.cl\/sanfelipe\/wp-json\/wp\/v2\/users\/4"}],"replies":[{"embeddable":true,"href":"https:\/\/www.liceomixto.cl\/sanfelipe\/wp-json\/wp\/v2\/comments?post=6488"}],"version-history":[{"count":1,"href":"https:\/\/www.liceomixto.cl\/sanfelipe\/wp-json\/wp\/v2\/posts\/6488\/revisions"}],"predecessor-version":[{"id":6493,"href":"https:\/\/www.liceomixto.cl\/sanfelipe\/wp-json\/wp\/v2\/posts\/6488\/revisions\/6493"}],"wp:featuredmedia":[{"embeddable":true,"href":"https:\/\/www.liceomixto.cl\/sanfelipe\/wp-json\/wp\/v2\/media\/6491"}],"wp:attachment":[{"href":"https:\/\/www.liceomixto.cl\/sanfelipe\/wp-json\/wp\/v2\/media?parent=6488"}],"wp:term":[{"taxonomy":"category","embeddable":true,"href":"https:\/\/www.liceomixto.cl\/sanfelipe\/wp-json\/wp\/v2\/categories?post=6488"},{"taxonomy":"post_tag","embeddable":true,"href":"https:\/\/www.liceomixto.cl\/sanfelipe\/wp-json\/wp\/v2\/tags?post=6488"}],"curies":[{"name":"wp","href":"https:\/\/api.w.org\/{rel}","templated":true}]}}