{"id":6645,"date":"2025-02-19T02:49:57","date_gmt":"2025-02-19T05:49:57","guid":{"rendered":"https:\/\/www.liceomixto.cl\/sanfelipe\/?p=6645"},"modified":"2025-08-06T12:11:18","modified_gmt":"2025-08-06T15:11:18","slug":"liceo-mixto-se-podria-convertir-en-el-primer-centro-de-entrenamiento-olimpico-de-chile-fuera-de-santiago","status":"publish","type":"post","link":"https:\/\/www.liceomixto.cl\/sanfelipe\/liceo-mixto-se-podria-convertir-en-el-primer-centro-de-entrenamiento-olimpico-de-chile-fuera-de-santiago\/","title":{"rendered":"Liceo Mixto se podr\u00eda convertir en el primer Centro de Entrenamiento Ol\u00edmpico de Chile fuera de Santiago"},"content":{"rendered":"<p><b>En el marco del Programa Deportistas de Elite<\/b><\/p>\n<p>La informaci\u00f3n la entreg\u00f3 Jos\u00e9 Cornejo, presidente del Club Deportivo Liceo Mixto, quien tuvo las primeras conversaciones con personeros del Comit\u00e9 Ol\u00edmpico de Chile con miras a que el Programa Deportistas de Elite se pudiera convertir -eventualmente- en el primer CEO del pa\u00eds fuera de Santiago. En la oportunidad los dirigentes del COCH comprometieron una visita en marzo cuando el programa impulsado por el colegio est\u00e9 en pleno desarrollo.<\/p>\n<p>Para el presidente del CDLM la calidad de Centro de Entrenamiento Ol\u00edmpico (CEO) le otorgar\u00eda un estatus diferente al programa \u201cy con ese estatus, ese alcance y ese impacto que pretendemos tener en el deporte local, regional y nacional podamos conseguir el apoyo de las autoridades, que va a ser fundamental para el \u00e9xito de este proyecto\u201d, manifest\u00f3, reiterando que en el COCH miran con satisfacci\u00f3n la creaci\u00f3n del Programa Deportistas de Elite.<\/p>\n<p>En este contexto, en los gimnasios del establecimiento de Los Andes y San Felipe se desarrollaron sendas jornadas de reclutamiento de jugadores de b\u00e1squetbol, las cuales estuvieron a cargo del coach Pablo Ares, cuatro veces campe\u00f3n nacional de DIMAYOR con el colegio. El director t\u00e9cnico valor\u00f3 positivamente la enorme convocatoria de cerca de 400 ni\u00f1os y j\u00f3venes que acudieron al llamado. \u201cLo que tiene el Liceo Mixto es que contagia a muchos por la seriedad y la calidad de las instalaciones y los profesionales que se est\u00e1n incorporando, no s\u00f3lo en el b\u00e1squetbol, sino que tambi\u00e9n en el balonmano y el voleibol\u201d, asegur\u00f3.<\/p>\n<p>El profesional destac\u00f3 que hay que ir paso a paso pero con grandes expectativas hacia el futuro. \u201cHoy partimos de cero y trabajando fuertemente en la formaci\u00f3n, con muchas horas de entrenamiento para que eso despu\u00e9s se refleje en los partidos\u201d, se\u00f1al\u00f3, refiri\u00e9ndose tambi\u00e9n a un eventual regreso al profesionalismo con el Liceo Mixto. \u201cTodos queremos lo mismo, pero hay que hacer las cosas bien para llegar a eso, hay que trabajar duro en el masculino y en el femenino para estar en las mejores ligas de Chile\u201d, concluy\u00f3 Ares haciendo una menci\u00f3n especial a los pap\u00e1s que llegaron acompa\u00f1ando a sus hijos a la jornada de reclutamiento.<\/p>\n<p>Es tal el prestigio del Liceo Mixto en el \u00e1mbito del b\u00e1squetbol nacional que desde la localidad de Castro en la isla de Chilo\u00e9 viaj\u00f3 una familia acompa\u00f1ando a un adolescente a la jornada de reclutamiento, como lo indica Paula Gazzo, madrina de Claudio Bahamondes. \u201cPor las redes sociales nos enteramos de este programa deportivo, vimos que estaba Pablo (Ares) que tiene un tremendo curriculum deportivo, as\u00ed que no nos pod\u00edamos perder la oportunidad de venir a entrenar\u201d asegur\u00f3, puntualizando asimismo que tambi\u00e9n vinieron a conocer el programa de estudios ligado al deporte \u201cy qu\u00e9 es lo que ofrece en cuanto a proyecci\u00f3n para ni\u00f1os de tan corta edad. La infraestructura del colegio es buen\u00edsima, de muy buen nivel\u201d, afirm\u00f3.<\/p>\n<p>Por su parte, Alvaro Araya, estudiante del Liceo Mixto San Felipe, calific\u00f3 el proyecto como de muy bueno, \u201cy que con el tiempo se va a notar todo el esfuerzo que han hecho las personas que hacen que este proyecto se pueda difundir. Pienso que va a dar muchos frutos en el futuro\u201d, asegur\u00f3 el adolescente, quien se refiri\u00f3 tambi\u00e9n a c\u00f3mo valoran el programa en su familia \u201cmuy contentos y yo tambi\u00e9n, porque me han acompa\u00f1ado con muchas ganas\u201d, declar\u00f3 el joven.<\/p>\n<p><img fetchpriority=\"high\" decoding=\"async\" src=\"https:\/\/www.liceomixto.cl\/sanfelipe\/wp-content\/uploads\/2025\/02\/PDE-13-300x225.jpg\" alt=\"\" width=\"300\" height=\"225\" class=\"alignnone size-medium wp-image-6658\" srcset=\"https:\/\/www.liceomixto.cl\/sanfelipe\/wp-content\/uploads\/2025\/02\/PDE-13-300x225.jpg 300w, https:\/\/www.liceomixto.cl\/sanfelipe\/wp-content\/uploads\/2025\/02\/PDE-13-1024x768.jpg 1024w, https:\/\/www.liceomixto.cl\/sanfelipe\/wp-content\/uploads\/2025\/02\/PDE-13-768x576.jpg 768w, https:\/\/www.liceomixto.cl\/sanfelipe\/wp-content\/uploads\/2025\/02\/PDE-13-1536x1152.jpg 1536w, https:\/\/www.liceomixto.cl\/sanfelipe\/wp-content\/uploads\/2025\/02\/PDE-13-2048x1536.jpg 2048w\" sizes=\"(max-width: 300px) 100vw, 300px\" \/> <img decoding=\"async\" data-src=\"https:\/\/www.liceomixto.cl\/sanfelipe\/wp-content\/uploads\/2025\/02\/PDE-12-300x225.jpg\" alt=\"\" width=\"300\" height=\"225\" class=\"alignnone size-medium wp-image-6657 lazyload\" data-srcset=\"https:\/\/www.liceomixto.cl\/sanfelipe\/wp-content\/uploads\/2025\/02\/PDE-12-300x225.jpg 300w, https:\/\/www.liceomixto.cl\/sanfelipe\/wp-content\/uploads\/2025\/02\/PDE-12-1024x768.jpg 1024w, https:\/\/www.liceomixto.cl\/sanfelipe\/wp-content\/uploads\/2025\/02\/PDE-12-768x576.jpg 768w, https:\/\/www.liceomixto.cl\/sanfelipe\/wp-content\/uploads\/2025\/02\/PDE-12-1536x1152.jpg 1536w, https:\/\/www.liceomixto.cl\/sanfelipe\/wp-content\/uploads\/2025\/02\/PDE-12-2048x1536.jpg 2048w\" data-sizes=\"(max-width: 300px) 100vw, 300px\" src=\"data:image\/gif;base64,R0lGODlhAQABAAAAACH5BAEKAAEALAAAAAABAAEAAAICTAEAOw==\" style=\"--smush-placeholder-width: 300px; --smush-placeholder-aspect-ratio: 300\/225;\" \/> <img decoding=\"async\" data-src=\"https:\/\/www.liceomixto.cl\/sanfelipe\/wp-content\/uploads\/2025\/02\/PDE-11-300x225.jpg\" alt=\"\" width=\"300\" height=\"225\" class=\"alignnone size-medium wp-image-6656 lazyload\" data-srcset=\"https:\/\/www.liceomixto.cl\/sanfelipe\/wp-content\/uploads\/2025\/02\/PDE-11-300x225.jpg 300w, https:\/\/www.liceomixto.cl\/sanfelipe\/wp-content\/uploads\/2025\/02\/PDE-11-1024x768.jpg 1024w, https:\/\/www.liceomixto.cl\/sanfelipe\/wp-content\/uploads\/2025\/02\/PDE-11-768x576.jpg 768w, https:\/\/www.liceomixto.cl\/sanfelipe\/wp-content\/uploads\/2025\/02\/PDE-11-1536x1152.jpg 1536w, https:\/\/www.liceomixto.cl\/sanfelipe\/wp-content\/uploads\/2025\/02\/PDE-11-2048x1536.jpg 2048w\" data-sizes=\"(max-width: 300px) 100vw, 300px\" src=\"data:image\/gif;base64,R0lGODlhAQABAAAAACH5BAEKAAEALAAAAAABAAEAAAICTAEAOw==\" style=\"--smush-placeholder-width: 300px; --smush-placeholder-aspect-ratio: 300\/225;\" \/> <img decoding=\"async\" data-src=\"https:\/\/www.liceomixto.cl\/sanfelipe\/wp-content\/uploads\/2025\/02\/PDE-10-300x225.jpg\" alt=\"\" width=\"300\" height=\"225\" class=\"alignnone size-medium wp-image-6655 lazyload\" data-srcset=\"https:\/\/www.liceomixto.cl\/sanfelipe\/wp-content\/uploads\/2025\/02\/PDE-10-300x225.jpg 300w, https:\/\/www.liceomixto.cl\/sanfelipe\/wp-content\/uploads\/2025\/02\/PDE-10-1024x768.jpg 1024w, https:\/\/www.liceomixto.cl\/sanfelipe\/wp-content\/uploads\/2025\/02\/PDE-10-768x576.jpg 768w, https:\/\/www.liceomixto.cl\/sanfelipe\/wp-content\/uploads\/2025\/02\/PDE-10-1536x1152.jpg 1536w, https:\/\/www.liceomixto.cl\/sanfelipe\/wp-content\/uploads\/2025\/02\/PDE-10-2048x1536.jpg 2048w\" data-sizes=\"(max-width: 300px) 100vw, 300px\" src=\"data:image\/gif;base64,R0lGODlhAQABAAAAACH5BAEKAAEALAAAAAABAAEAAAICTAEAOw==\" style=\"--smush-placeholder-width: 300px; --smush-placeholder-aspect-ratio: 300\/225;\" \/> <img decoding=\"async\" data-src=\"https:\/\/www.liceomixto.cl\/sanfelipe\/wp-content\/uploads\/2025\/02\/PDE-9-300x225.jpg\" alt=\"\" width=\"300\" height=\"225\" class=\"alignnone size-medium wp-image-6654 lazyload\" data-srcset=\"https:\/\/www.liceomixto.cl\/sanfelipe\/wp-content\/uploads\/2025\/02\/PDE-9-300x225.jpg 300w, https:\/\/www.liceomixto.cl\/sanfelipe\/wp-content\/uploads\/2025\/02\/PDE-9-1024x768.jpg 1024w, https:\/\/www.liceomixto.cl\/sanfelipe\/wp-content\/uploads\/2025\/02\/PDE-9-768x576.jpg 768w, https:\/\/www.liceomixto.cl\/sanfelipe\/wp-content\/uploads\/2025\/02\/PDE-9-1536x1152.jpg 1536w, https:\/\/www.liceomixto.cl\/sanfelipe\/wp-content\/uploads\/2025\/02\/PDE-9-2048x1536.jpg 2048w\" data-sizes=\"(max-width: 300px) 100vw, 300px\" src=\"data:image\/gif;base64,R0lGODlhAQABAAAAACH5BAEKAAEALAAAAAABAAEAAAICTAEAOw==\" style=\"--smush-placeholder-width: 300px; --smush-placeholder-aspect-ratio: 300\/225;\" \/> <img decoding=\"async\" data-src=\"https:\/\/www.liceomixto.cl\/sanfelipe\/wp-content\/uploads\/2025\/02\/PDE-8-300x225.jpg\" alt=\"\" width=\"300\" height=\"225\" class=\"alignnone size-medium wp-image-6653 lazyload\" data-srcset=\"https:\/\/www.liceomixto.cl\/sanfelipe\/wp-content\/uploads\/2025\/02\/PDE-8-300x225.jpg 300w, https:\/\/www.liceomixto.cl\/sanfelipe\/wp-content\/uploads\/2025\/02\/PDE-8-1024x768.jpg 1024w, https:\/\/www.liceomixto.cl\/sanfelipe\/wp-content\/uploads\/2025\/02\/PDE-8-768x576.jpg 768w, https:\/\/www.liceomixto.cl\/sanfelipe\/wp-content\/uploads\/2025\/02\/PDE-8-1536x1152.jpg 1536w, https:\/\/www.liceomixto.cl\/sanfelipe\/wp-content\/uploads\/2025\/02\/PDE-8-2048x1536.jpg 2048w\" data-sizes=\"(max-width: 300px) 100vw, 300px\" src=\"data:image\/gif;base64,R0lGODlhAQABAAAAACH5BAEKAAEALAAAAAABAAEAAAICTAEAOw==\" style=\"--smush-placeholder-width: 300px; --smush-placeholder-aspect-ratio: 300\/225;\" \/> <img decoding=\"async\" data-src=\"https:\/\/www.liceomixto.cl\/sanfelipe\/wp-content\/uploads\/2025\/02\/PDE-7-300x225.jpg\" alt=\"\" width=\"300\" height=\"225\" class=\"alignnone size-medium wp-image-6652 lazyload\" data-srcset=\"https:\/\/www.liceomixto.cl\/sanfelipe\/wp-content\/uploads\/2025\/02\/PDE-7-300x225.jpg 300w, https:\/\/www.liceomixto.cl\/sanfelipe\/wp-content\/uploads\/2025\/02\/PDE-7-1024x768.jpg 1024w, https:\/\/www.liceomixto.cl\/sanfelipe\/wp-content\/uploads\/2025\/02\/PDE-7-768x576.jpg 768w, https:\/\/www.liceomixto.cl\/sanfelipe\/wp-content\/uploads\/2025\/02\/PDE-7-1536x1152.jpg 1536w, https:\/\/www.liceomixto.cl\/sanfelipe\/wp-content\/uploads\/2025\/02\/PDE-7-2048x1536.jpg 2048w\" data-sizes=\"(max-width: 300px) 100vw, 300px\" src=\"data:image\/gif;base64,R0lGODlhAQABAAAAACH5BAEKAAEALAAAAAABAAEAAAICTAEAOw==\" style=\"--smush-placeholder-width: 300px; --smush-placeholder-aspect-ratio: 300\/225;\" \/> <img decoding=\"async\" data-src=\"https:\/\/www.liceomixto.cl\/sanfelipe\/wp-content\/uploads\/2025\/02\/PDE-6-300x225.jpg\" alt=\"\" width=\"300\" height=\"225\" class=\"alignnone size-medium wp-image-6651 lazyload\" data-srcset=\"https:\/\/www.liceomixto.cl\/sanfelipe\/wp-content\/uploads\/2025\/02\/PDE-6-300x225.jpg 300w, https:\/\/www.liceomixto.cl\/sanfelipe\/wp-content\/uploads\/2025\/02\/PDE-6-1024x768.jpg 1024w, https:\/\/www.liceomixto.cl\/sanfelipe\/wp-content\/uploads\/2025\/02\/PDE-6-768x576.jpg 768w, https:\/\/www.liceomixto.cl\/sanfelipe\/wp-content\/uploads\/2025\/02\/PDE-6-1536x1152.jpg 1536w, https:\/\/www.liceomixto.cl\/sanfelipe\/wp-content\/uploads\/2025\/02\/PDE-6-2048x1536.jpg 2048w\" data-sizes=\"(max-width: 300px) 100vw, 300px\" src=\"data:image\/gif;base64,R0lGODlhAQABAAAAACH5BAEKAAEALAAAAAABAAEAAAICTAEAOw==\" style=\"--smush-placeholder-width: 300px; --smush-placeholder-aspect-ratio: 300\/225;\" \/> <img decoding=\"async\" data-src=\"https:\/\/www.liceomixto.cl\/sanfelipe\/wp-content\/uploads\/2025\/02\/PDE-5-300x225.jpg\" alt=\"\" width=\"300\" height=\"225\" class=\"alignnone size-medium wp-image-6650 lazyload\" data-srcset=\"https:\/\/www.liceomixto.cl\/sanfelipe\/wp-content\/uploads\/2025\/02\/PDE-5-300x225.jpg 300w, https:\/\/www.liceomixto.cl\/sanfelipe\/wp-content\/uploads\/2025\/02\/PDE-5-1024x768.jpg 1024w, https:\/\/www.liceomixto.cl\/sanfelipe\/wp-content\/uploads\/2025\/02\/PDE-5-768x576.jpg 768w, https:\/\/www.liceomixto.cl\/sanfelipe\/wp-content\/uploads\/2025\/02\/PDE-5-1536x1152.jpg 1536w, https:\/\/www.liceomixto.cl\/sanfelipe\/wp-content\/uploads\/2025\/02\/PDE-5-2048x1536.jpg 2048w\" data-sizes=\"(max-width: 300px) 100vw, 300px\" src=\"data:image\/gif;base64,R0lGODlhAQABAAAAACH5BAEKAAEALAAAAAABAAEAAAICTAEAOw==\" style=\"--smush-placeholder-width: 300px; --smush-placeholder-aspect-ratio: 300\/225;\" \/> <img decoding=\"async\" data-src=\"https:\/\/www.liceomixto.cl\/sanfelipe\/wp-content\/uploads\/2025\/02\/PDE-4-225x300.jpg\" alt=\"\" width=\"225\" height=\"300\" class=\"alignnone size-medium wp-image-6649 lazyload\" data-srcset=\"https:\/\/www.liceomixto.cl\/sanfelipe\/wp-content\/uploads\/2025\/02\/PDE-4-225x300.jpg 225w, https:\/\/www.liceomixto.cl\/sanfelipe\/wp-content\/uploads\/2025\/02\/PDE-4-768x1024.jpg 768w, https:\/\/www.liceomixto.cl\/sanfelipe\/wp-content\/uploads\/2025\/02\/PDE-4-1152x1536.jpg 1152w, https:\/\/www.liceomixto.cl\/sanfelipe\/wp-content\/uploads\/2025\/02\/PDE-4-1536x2048.jpg 1536w, https:\/\/www.liceomixto.cl\/sanfelipe\/wp-content\/uploads\/2025\/02\/PDE-4-scaled.jpg 1920w\" data-sizes=\"(max-width: 225px) 100vw, 225px\" src=\"data:image\/gif;base64,R0lGODlhAQABAAAAACH5BAEKAAEALAAAAAABAAEAAAICTAEAOw==\" style=\"--smush-placeholder-width: 225px; --smush-placeholder-aspect-ratio: 225\/300;\" \/> <img decoding=\"async\" data-src=\"https:\/\/www.liceomixto.cl\/sanfelipe\/wp-content\/uploads\/2025\/02\/PDE-3-300x225.jpg\" alt=\"\" width=\"300\" height=\"225\" class=\"alignnone size-medium wp-image-6648 lazyload\" data-srcset=\"https:\/\/www.liceomixto.cl\/sanfelipe\/wp-content\/uploads\/2025\/02\/PDE-3-300x225.jpg 300w, https:\/\/www.liceomixto.cl\/sanfelipe\/wp-content\/uploads\/2025\/02\/PDE-3-1024x768.jpg 1024w, https:\/\/www.liceomixto.cl\/sanfelipe\/wp-content\/uploads\/2025\/02\/PDE-3-768x576.jpg 768w, https:\/\/www.liceomixto.cl\/sanfelipe\/wp-content\/uploads\/2025\/02\/PDE-3-1536x1152.jpg 1536w, https:\/\/www.liceomixto.cl\/sanfelipe\/wp-content\/uploads\/2025\/02\/PDE-3-2048x1536.jpg 2048w\" data-sizes=\"(max-width: 300px) 100vw, 300px\" src=\"data:image\/gif;base64,R0lGODlhAQABAAAAACH5BAEKAAEALAAAAAABAAEAAAICTAEAOw==\" style=\"--smush-placeholder-width: 300px; --smush-placeholder-aspect-ratio: 300\/225;\" \/> <img decoding=\"async\" data-src=\"https:\/\/www.liceomixto.cl\/sanfelipe\/wp-content\/uploads\/2025\/02\/PDE-2-300x225.jpg\" alt=\"\" width=\"300\" height=\"225\" class=\"alignnone size-medium wp-image-6647 lazyload\" data-srcset=\"https:\/\/www.liceomixto.cl\/sanfelipe\/wp-content\/uploads\/2025\/02\/PDE-2-300x225.jpg 300w, https:\/\/www.liceomixto.cl\/sanfelipe\/wp-content\/uploads\/2025\/02\/PDE-2-1024x768.jpg 1024w, https:\/\/www.liceomixto.cl\/sanfelipe\/wp-content\/uploads\/2025\/02\/PDE-2-768x576.jpg 768w, https:\/\/www.liceomixto.cl\/sanfelipe\/wp-content\/uploads\/2025\/02\/PDE-2-1536x1152.jpg 1536w, https:\/\/www.liceomixto.cl\/sanfelipe\/wp-content\/uploads\/2025\/02\/PDE-2-2048x1536.jpg 2048w\" data-sizes=\"(max-width: 300px) 100vw, 300px\" src=\"data:image\/gif;base64,R0lGODlhAQABAAAAACH5BAEKAAEALAAAAAABAAEAAAICTAEAOw==\" style=\"--smush-placeholder-width: 300px; --smush-placeholder-aspect-ratio: 300\/225;\" \/> <img decoding=\"async\" data-src=\"https:\/\/www.liceomixto.cl\/sanfelipe\/wp-content\/uploads\/2025\/02\/PDE-1-300x225.jpg\" alt=\"\" width=\"300\" height=\"225\" class=\"alignnone size-medium wp-image-6646 lazyload\" data-srcset=\"https:\/\/www.liceomixto.cl\/sanfelipe\/wp-content\/uploads\/2025\/02\/PDE-1-300x225.jpg 300w, https:\/\/www.liceomixto.cl\/sanfelipe\/wp-content\/uploads\/2025\/02\/PDE-1-1024x768.jpg 1024w, https:\/\/www.liceomixto.cl\/sanfelipe\/wp-content\/uploads\/2025\/02\/PDE-1-768x576.jpg 768w, https:\/\/www.liceomixto.cl\/sanfelipe\/wp-content\/uploads\/2025\/02\/PDE-1-1536x1152.jpg 1536w, https:\/\/www.liceomixto.cl\/sanfelipe\/wp-content\/uploads\/2025\/02\/PDE-1-2048x1536.jpg 2048w\" data-sizes=\"(max-width: 300px) 100vw, 300px\" src=\"data:image\/gif;base64,R0lGODlhAQABAAAAACH5BAEKAAEALAAAAAABAAEAAAICTAEAOw==\" style=\"--smush-placeholder-width: 300px; --smush-placeholder-aspect-ratio: 300\/225;\" \/><\/p>\n","protected":false},"excerpt":{"rendered":"<p>En el marco del Programa Deportistas de Elite La informaci\u00f3n la entreg\u00f3 Jos\u00e9 Cornejo, presidente del Club Deportivo Liceo Mixto, quien tuvo las primeras conversaciones con personeros del Comit\u00e9 Ol\u00edmpico de Chile con miras a que el Programa Deportistas de Elite se pudiera convertir -eventualmente- en el primer CEO del [&hellip;]<\/p>\n","protected":false},"author":4,"featured_media":6650,"comment_status":"closed","ping_status":"open","sticky":false,"template":"","format":"standard","meta":{"footnotes":""},"categories":[4],"tags":[],"_links":{"self":[{"href":"https:\/\/www.liceomixto.cl\/sanfelipe\/wp-json\/wp\/v2\/posts\/6645"}],"collection":[{"href":"https:\/\/www.liceomixto.cl\/sanfelipe\/wp-json\/wp\/v2\/posts"}],"about":[{"href":"https:\/\/www.liceomixto.cl\/sanfelipe\/wp-json\/wp\/v2\/types\/post"}],"author":[{"embeddable":true,"href":"https:\/\/www.liceomixto.cl\/sanfelipe\/wp-json\/wp\/v2\/users\/4"}],"replies":[{"embeddable":true,"href":"https:\/\/www.liceomixto.cl\/sanfelipe\/wp-json\/wp\/v2\/comments?post=6645"}],"version-history":[{"count":1,"href":"https:\/\/www.liceomixto.cl\/sanfelipe\/wp-json\/wp\/v2\/posts\/6645\/revisions"}],"predecessor-version":[{"id":6659,"href":"https:\/\/www.liceomixto.cl\/sanfelipe\/wp-json\/wp\/v2\/posts\/6645\/revisions\/6659"}],"wp:featuredmedia":[{"embeddable":true,"href":"https:\/\/www.liceomixto.cl\/sanfelipe\/wp-json\/wp\/v2\/media\/6650"}],"wp:attachment":[{"href":"https:\/\/www.liceomixto.cl\/sanfelipe\/wp-json\/wp\/v2\/media?parent=6645"}],"wp:term":[{"taxonomy":"category","embeddable":true,"href":"https:\/\/www.liceomixto.cl\/sanfelipe\/wp-json\/wp\/v2\/categories?post=6645"},{"taxonomy":"post_tag","embeddable":true,"href":"https:\/\/www.liceomixto.cl\/sanfelipe\/wp-json\/wp\/v2\/tags?post=6645"}],"curies":[{"name":"wp","href":"https:\/\/api.w.org\/{rel}","templated":true}]}}